{"id":9821,"date":"2025-04-03T08:02:30","date_gmt":"2025-04-03T13:02:30","guid":{"rendered":"https:\/\/www.diresaapurimac.gob.pe\/web\/?p=9821"},"modified":"2025-04-03T08:02:32","modified_gmt":"2025-04-03T13:02:32","slug":"diresa-apurimac-avanza-con-acciones-de-articulacion-en-distrito-de-curahuasi-para-continuar-intensificando-lucha-contra-el-dengue","status":"publish","type":"post","link":"https:\/\/www.diresaapurimac.gob.pe\/web\/noticias\/diresa-apurimac-avanza-con-acciones-de-articulacion-en-distrito-de-curahuasi-para-continuar-intensificando-lucha-contra-el-dengue\/","title":{"rendered":"DIRESA APUR\u00cdMAC AVANZA CON ACCIONES DE ARTICULACI\u00d3N EN DISTRITO DE CURAHUASI PARA CONTINUAR INTENSIFICANDO LUCHA CONTRA EL DENGUE"},"content":{"rendered":"\n<p class=\"has-text-align-justify\">Como parte de las acciones estrat\u00e9gicas que buscan impulsar el trabajo en equipo a fin de prevenir brotes de dengue, el equipo t\u00e9cnico de la Direcci\u00f3n Regional de Salud &#8211; DIRESA del GORE Apur\u00edmac concret\u00f3 una reuni\u00f3n de articulaci\u00f3n con el personal de la Micro Red de Curahuasi y del centro de salud de la zona para asumir compromisos conjuntos orientados a redoblar esfuerzos y as\u00ed salvaguardar el bienestar de la poblaci\u00f3n.<\/p>\n\n\n\n<p class=\"has-text-align-justify\">En cumplimiento a lo dispuesto por el gobernador Percy Godoy Medina, en coordinaci\u00f3n con el titular de la DIRESA Apur\u00edmac, Ren\u00e1n R\u00edos Villag\u00f3mez, profesionales de las direcciones ejecutivas de Salud de las Personas y de Inteligencia Sanitaria, as\u00ed como de los componentes de Epidemiolog\u00eda, Vigilancia y Control Vectorial, Promoci\u00f3n de la Salud, Comunicaciones y la estrategia sanitaria de Metax\u00e9nicas y Zoonosis, viajaron a dicho distrito abanquino para cumplir con \u00e9xito las actividades programadas en el marco de la lucha frontal contra el dengue.<\/p>\n\n\n\n<p class=\"has-text-align-justify\">Durante la reuni\u00f3n de trabajo se dio a conocer la situaci\u00f3n epidemiol\u00f3gica del dengue en la provincia de Abancay, donde se han reportado dos casos aut\u00f3ctonos y un importado en el primer trimestre del a\u00f1o, los mismos que se encuentran bajo control gracias al trabajo oportuno del personal de salud. Tambi\u00e9n se present\u00f3 un an\u00e1lisis detallado del estado situacional del vector en la regi\u00f3n, as\u00ed como el nivel de incidencia en la provincia de Abancay y sus distritos.<\/p>\n\n\n\n<p class=\"has-text-align-justify\">Asimismo, se socializ\u00f3 el importante avance de los trabajos de control vectorial del dengue que vienen intensificando en esta \u00e9poca del a\u00f1o inspectores de la Direcci\u00f3n Regional de Salud en diferentes puntos de Abancay como en el distrito de Curahuasi, donde se ha confirmado la presencia del Aedes aegypti, zancudo que transmite el dengue, cuyas actividades estrat\u00e9gicas permiten reducir el \u00edndice a\u00e9dico y cortar el ciclo biol\u00f3gico del vector de la enfermedad.<\/p>\n\n\n\n<p class=\"has-text-align-justify\">Es necesario se\u00f1alar que en el encuentro de coordinaci\u00f3n participaron, adem\u00e1s, la jefa de la Micro Red Curahuasi, Leyla Gonz\u00e1les G\u00f3mez; as\u00ed como el gerente del Comit\u00e9 Local de Administraci\u00f3n de Salud &#8211; CLAS, Herberth Salcedo Alata; y personal de la Red de Salud Abancay.<\/p>\n","protected":false},"excerpt":{"rendered":"<p>Como parte de las acciones estrat\u00e9gicas que buscan impulsar el trabajo en equipo a fin de prevenir brotes de dengue, el equipo t\u00e9cnico de la Direcci\u00f3n Regional de Salud &#8211; DIRESA del GORE Apur\u00edmac concret\u00f3 una reuni\u00f3n de articulaci\u00f3n con el personal de la Micro Red de Curahuasi y del centro de salud de la [&hellip;]<\/p>\n","protected":false},"author":1,"featured_media":9822,"comment_status":"closed","ping_status":"closed","sticky":false,"template":"","format":"standard","meta":{"spay_email":"","footnotes":""},"categories":[1],"tags":[],"class_list":["post-9821","post","type-post","status-publish","format-standard","has-post-thumbnail","hentry","category-noticias"],"jetpack_featured_media_url":"https:\/\/i1.wp.com\/www.diresaapurimac.gob.pe\/web\/wp-content\/uploads\/2025\/04\/Dengue3.jpeg?fit=871%2C500&ssl=1","_links":{"self":[{"href":"https:\/\/www.diresaapurimac.gob.pe\/web\/wp-json\/wp\/v2\/posts\/9821","targetHints":{"allow":["GET"]}}],"collection":[{"href":"https:\/\/www.diresaapurimac.gob.pe\/web\/wp-json\/wp\/v2\/posts"}],"about":[{"href":"https:\/\/www.diresaapurimac.gob.pe\/web\/wp-json\/wp\/v2\/types\/post"}],"author":[{"embeddable":true,"href":"https:\/\/www.diresaapurimac.gob.pe\/web\/wp-json\/wp\/v2\/users\/1"}],"replies":[{"embeddable":true,"href":"https:\/\/www.diresaapurimac.gob.pe\/web\/wp-json\/wp\/v2\/comments?post=9821"}],"version-history":[{"count":1,"href":"https:\/\/www.diresaapurimac.gob.pe\/web\/wp-json\/wp\/v2\/posts\/9821\/revisions"}],"predecessor-version":[{"id":9823,"href":"https:\/\/www.diresaapurimac.gob.pe\/web\/wp-json\/wp\/v2\/posts\/9821\/revisions\/9823"}],"wp:featuredmedia":[{"embeddable":true,"href":"https:\/\/www.diresaapurimac.gob.pe\/web\/wp-json\/wp\/v2\/media\/9822"}],"wp:attachment":[{"href":"https:\/\/www.diresaapurimac.gob.pe\/web\/wp-json\/wp\/v2\/media?parent=9821"}],"wp:term":[{"taxonomy":"category","embeddable":true,"href":"https:\/\/www.diresaapurimac.gob.pe\/web\/wp-json\/wp\/v2\/categories?post=9821"},{"taxonomy":"post_tag","embeddable":true,"href":"https:\/\/www.diresaapurimac.gob.pe\/web\/wp-json\/wp\/v2\/tags?post=9821"}],"curies":[{"name":"wp","href":"https:\/\/api.w.org\/{rel}","templated":true}]}}