{"id":9746,"date":"2025-03-27T08:05:24","date_gmt":"2025-03-27T13:05:24","guid":{"rendered":"https:\/\/www.diresaapurimac.gob.pe\/web\/?p=9746"},"modified":"2025-03-27T08:05:25","modified_gmt":"2025-03-27T13:05:25","slug":"diresa-apurimac-y-direccion-regional-de-educacion-firman-convenio-en-favor-de-escolares-pacientes-en-situacion-de-hospitalizacion-y-para-fortalecer-atencion-de-salud-bucal-en-colegios","status":"publish","type":"post","link":"https:\/\/www.diresaapurimac.gob.pe\/web\/noticias\/diresa-apurimac-y-direccion-regional-de-educacion-firman-convenio-en-favor-de-escolares-pacientes-en-situacion-de-hospitalizacion-y-para-fortalecer-atencion-de-salud-bucal-en-colegios\/","title":{"rendered":"DIRESA APUR\u00cdMAC Y DIRECCI\u00d3N REGIONAL DE EDUCACI\u00d3N FIRMAN CONVENIO EN FAVOR DE ESCOLARES PACIENTES EN SITUACI\u00d3N DE HOSPITALIZACI\u00d3N Y PARA FORTALECER ATENCI\u00d3N DE SALUD BUCAL EN COLEGIOS"},"content":{"rendered":"\n<p class=\"has-text-align-justify\">La DIRESA Apur\u00edmac y la Direcci\u00f3n Regional de Educaci\u00f3n suscribieron un convenio para beneficiar a escolares pacientes en situaci\u00f3n de hospitalizaci\u00f3n y fortalecer la atenci\u00f3n integral de salud bucal en las instituciones educativas del \u00e1mbito de la regi\u00f3n.<\/p>\n\n\n\n<p class=\"has-text-align-justify\">El director regional de Salud, Ren\u00e1n R\u00edos, y la titular de la DREA, Sandra Rivas, firmaron el documento que impulsa el trabajo articulado entre ambos sectores estrat\u00e9gicos por disposici\u00f3n del gobernador Percy Godoy Medina para beneficiar a la poblaci\u00f3n estudiantil de las siete provincias apurime\u00f1as.<\/p>\n\n\n\n<p class=\"has-text-align-justify\">Con este convenio, la Direcci\u00f3n Regional de Educaci\u00f3n asumi\u00f3 el compromiso de disponer de personal para que asista a los estudiantes en condici\u00f3n de hospitalizados y cumpla con las clases acad\u00e9micas. Por su parte, la Direcci\u00f3n Regional de Salud garantizar\u00e1 los ambientes adecuados y facilitar para que los escolares puedan recibir sus sesiones de aprendizaje regular con miras a que no pierdan el a\u00f1o escolar.<\/p>\n\n\n\n<p class=\"has-text-align-justify\">Tras la suscripci\u00f3n del convenio, el M.C. Ren\u00e1n R\u00edos reiter\u00f3 su compromiso por brindar una mejor atenci\u00f3n en salud a todos los sectores de la poblaci\u00f3n, es especial a los escolares del \u00e1mbito de la regi\u00f3n, y destac\u00f3 la alianza estrat\u00e9gica con el equipo de gesti\u00f3n de la Direcci\u00f3n Regional de Educaci\u00f3n para generar sinergias y as\u00ed acercar los servicios sanitarios a los estudiantes mediante la coordinaci\u00f3n interinstitucional.<\/p>\n\n\n\n<p class=\"has-text-align-justify\">\u201cCon este convenio estamos dando un paso importante para acercar los servicios de salud a la poblaci\u00f3n escolar gracias al trabajo coordinado con el sector educaci\u00f3n. Este es el inicio para que nuestras ni\u00f1as, ni\u00f1os y adolescentes puedan recibir una mejor atenci\u00f3n en salud para su desarrollo integral como personas\u201d, expres\u00f3 R\u00edos Villag\u00f3mez.<\/p>\n\n\n\n<p class=\"has-text-align-justify\">El Convenio N\u00b0 003-2025 entre la DIRESA Apur\u00edmac y la Direcci\u00f3n Regional de Educaci\u00f3n tiene como objeto establecer la implementaci\u00f3n progresiva del Servicio Educativo Hospitalario &#8211; SEHO en favor de los estudiantes pacientes en situaci\u00f3n de hospitalizaci\u00f3n o que reciban tratamiento ambulatorio por periodos prolongados que se encuentren matriculados en la educaci\u00f3n b\u00e1sica regular en las instalaciones hospitalarias de las redes de salud. De manera paralela, se fortalecer\u00e1 la atenci\u00f3n integral de salud bucal en favor de los alumnos de primaria y secundaria de colegios de la regi\u00f3n Apur\u00edmac.<\/p>\n\n\n\n<p><strong>DATO<\/strong><br> El convenio tiene una vigencia de 3 a\u00f1os con opci\u00f3n a renovarse por un nuevo periodo.<\/p>\n","protected":false},"excerpt":{"rendered":"<p>La DIRESA Apur\u00edmac y la Direcci\u00f3n Regional de Educaci\u00f3n suscribieron un convenio para beneficiar a escolares pacientes en situaci\u00f3n de hospitalizaci\u00f3n y fortalecer la atenci\u00f3n integral de salud bucal en las instituciones educativas del \u00e1mbito de la regi\u00f3n. El director regional de Salud, Ren\u00e1n R\u00edos, y la titular de la DREA, Sandra Rivas, firmaron el [&hellip;]<\/p>\n","protected":false},"author":3,"featured_media":9747,"comment_status":"closed","ping_status":"closed","sticky":false,"template":"","format":"standard","meta":{"spay_email":"","footnotes":""},"categories":[1],"tags":[],"class_list":["post-9746","post","type-post","status-publish","format-standard","has-post-thumbnail","hentry","category-noticias"],"jetpack_featured_media_url":"https:\/\/i1.wp.com\/www.diresaapurimac.gob.pe\/web\/wp-content\/uploads\/2025\/03\/INST_EDUCATIVAS.jpeg?fit=1003%2C662&ssl=1","_links":{"self":[{"href":"https:\/\/www.diresaapurimac.gob.pe\/web\/wp-json\/wp\/v2\/posts\/9746","targetHints":{"allow":["GET"]}}],"collection":[{"href":"https:\/\/www.diresaapurimac.gob.pe\/web\/wp-json\/wp\/v2\/posts"}],"about":[{"href":"https:\/\/www.diresaapurimac.gob.pe\/web\/wp-json\/wp\/v2\/types\/post"}],"author":[{"embeddable":true,"href":"https:\/\/www.diresaapurimac.gob.pe\/web\/wp-json\/wp\/v2\/users\/3"}],"replies":[{"embeddable":true,"href":"https:\/\/www.diresaapurimac.gob.pe\/web\/wp-json\/wp\/v2\/comments?post=9746"}],"version-history":[{"count":1,"href":"https:\/\/www.diresaapurimac.gob.pe\/web\/wp-json\/wp\/v2\/posts\/9746\/revisions"}],"predecessor-version":[{"id":9748,"href":"https:\/\/www.diresaapurimac.gob.pe\/web\/wp-json\/wp\/v2\/posts\/9746\/revisions\/9748"}],"wp:featuredmedia":[{"embeddable":true,"href":"https:\/\/www.diresaapurimac.gob.pe\/web\/wp-json\/wp\/v2\/media\/9747"}],"wp:attachment":[{"href":"https:\/\/www.diresaapurimac.gob.pe\/web\/wp-json\/wp\/v2\/media?parent=9746"}],"wp:term":[{"taxonomy":"category","embeddable":true,"href":"https:\/\/www.diresaapurimac.gob.pe\/web\/wp-json\/wp\/v2\/categories?post=9746"},{"taxonomy":"post_tag","embeddable":true,"href":"https:\/\/www.diresaapurimac.gob.pe\/web\/wp-json\/wp\/v2\/tags?post=9746"}],"curies":[{"name":"wp","href":"https:\/\/api.w.org\/{rel}","templated":true}]}}