{"id":9740,"date":"2025-03-26T12:23:44","date_gmt":"2025-03-26T17:23:44","guid":{"rendered":"https:\/\/www.diresaapurimac.gob.pe\/web\/?p=9740"},"modified":"2025-03-26T12:23:46","modified_gmt":"2025-03-26T17:23:46","slug":"juramentan-integrantes-de-instancia-regional-para-erradicar-violencia-contra-la-mujer-en-apurimac-con-la-consigna-de-promover-igualdad-de-genero","status":"publish","type":"post","link":"https:\/\/www.diresaapurimac.gob.pe\/web\/noticias\/juramentan-integrantes-de-instancia-regional-para-erradicar-violencia-contra-la-mujer-en-apurimac-con-la-consigna-de-promover-igualdad-de-genero\/","title":{"rendered":"JURAMENTAN INTEGRANTES DE INSTANCIA REGIONAL PARA ERRADICAR VIOLENCIA CONTRA LA MUJER EN APUR\u00cdMAC CON LA CONSIGNA DE PROMOVER IGUALDAD DE G\u00c9NERO"},"content":{"rendered":"\n<p class=\"has-text-align-justify\">Con la participaci\u00f3n mayoritaria de instituciones del Estado y de la sociedad civil, el GORE Apur\u00edmac jurament\u00f3 a los integrantes de la Instancia Regional de Concertaci\u00f3n para la Erradicaci\u00f3n de la Violencia contra la Mujer y el Grupo Familiar.<\/p>\n\n\n\n<p class=\"has-text-align-justify\">En cumplimiento a lo dispuesto por el gobernador regional Percy Godoy Medina, la vicegobernadora Marisol Valer Miranda tom\u00f3 juramento los miembros de este grupo de trabajo multisectorial que impulsa acciones articuladas con el fin de garantizar el derecho a una vida libre de violencia y discriminaci\u00f3n de la mujer y el grupo familiar.<\/p>\n\n\n\n<p class=\"has-text-align-justify\">Tras juramentar como integrante de la Instancia Regional de Concertaci\u00f3n, el M.C. Ren\u00e1n R\u00edos Villag\u00f3mez, titular de la DIRESA Apur\u00edmac, salud\u00f3 la conformaci\u00f3n de este espacio de trabajo para impulsar acciones estrat\u00e9gicas orientadas a prevenir, proteger y brindar atenci\u00f3n oportuna con miras a erradicar la violencia contra la mujer. \u201cLa salud es una prioridad para la actual gesti\u00f3n regional, y se busca garantizar el bienestar de los sectores m\u00e1s vulnerables en Apur\u00edmac\u201d, remarc\u00f3.<\/p>\n\n\n\n<p class=\"has-text-align-justify\">Durante el encuentro se dio a conocer que Apur\u00edmac es una de las regiones donde se registra un alto \u00edndice alto violencia contra la mujer, seg\u00fan la Encuesta Demogr\u00e1fica y de Salud Familiar &#8211; ENDES del 2023, por lo que se asumieron compromisos para redoblar esfuerzos y promover un trabajo coordinado enfocado en fomentar una sociedad con igualdad de g\u00e9nero y reducir las brechas de inequidad a nivel regional.<\/p>\n\n\n\n<p class=\"has-text-align-justify\">En la actividad tambi\u00e9n se procedi\u00f3 a la instalaci\u00f3n de este grupo de trabajo multisectorial para fortalecer las iniciativas de prevenci\u00f3n frente a la violencia de g\u00e9nero y contribuir con el bienestar de la poblaci\u00f3n, sobre todo de las personas vulnerables de las siete provincias apurime\u00f1as. El director de Pol\u00edticas para una Vida Libre de Violencia del Ministerio de la Mujer y Poblaciones Vulnerables, Kenny P\u00e9rez D\u00edaz, expuso los resultados del proyecto piloto sobre Violencia de G\u00e9nero contra las Mujeres en Abancay del periodo del 2023 al 2025. <\/p>\n\n\n\n<p class=\"has-text-align-justify\">Cabe se\u00f1alar que la Instancia Regional de Concertaci\u00f3n de Apur\u00edmac aborda temas de prevenci\u00f3n y erradicaci\u00f3n de la violencia de la mujer e integrantes del grupo familiar. Se enmarca dentro de la Ordenanza Regional N\u00b0 031-2006-GR-APUR\u00cdMAC\/CR que crea la Instancia Regional de Concertaci\u00f3n para la Prevenci\u00f3n, Sanci\u00f3n y Erradicaci\u00f3n de la Violencia contra la Mujer y los Integrantes del Grupo Familiar.<\/p>\n\n\n\n<p class=\"has-text-align-justify\">Entre sus funciones est\u00e1 elaborar, implementar, monitorear y evaluar pol\u00edticas p\u00fablicas, promover el cumplimiento, de la Ley N\u00b0 30364 y su Reglamento, proponer metas, indicadores y acciones en los instrumentos de gesti\u00f3n, entre otros.<\/p>\n\n\n\n<p>DATO<br>\nLa primera sesi\u00f3n de trabajo multisectorial se realiz\u00f3 en el auditorio Micaela Bastidas del Gobierno Regional de Apur\u00edmac.<\/p>\n","protected":false},"excerpt":{"rendered":"<p>Con la participaci\u00f3n mayoritaria de instituciones del Estado y de la sociedad civil, el GORE Apur\u00edmac jurament\u00f3 a los integrantes de la Instancia Regional de Concertaci\u00f3n para la Erradicaci\u00f3n de la Violencia contra la Mujer y el Grupo Familiar. En cumplimiento a lo dispuesto por el gobernador regional Percy Godoy Medina, la vicegobernadora Marisol Valer [&hellip;]<\/p>\n","protected":false},"author":3,"featured_media":9741,"comment_status":"closed","ping_status":"closed","sticky":false,"template":"","format":"standard","meta":{"spay_email":"","footnotes":""},"categories":[1],"tags":[],"class_list":["post-9740","post","type-post","status-publish","format-standard","has-post-thumbnail","hentry","category-noticias"],"jetpack_featured_media_url":"https:\/\/i2.wp.com\/www.diresaapurimac.gob.pe\/web\/wp-content\/uploads\/2025\/03\/WhatsApp-Image-2025-03-26-at-12.03.10-PM.jpeg?fit=898%2C437&ssl=1","_links":{"self":[{"href":"https:\/\/www.diresaapurimac.gob.pe\/web\/wp-json\/wp\/v2\/posts\/9740","targetHints":{"allow":["GET"]}}],"collection":[{"href":"https:\/\/www.diresaapurimac.gob.pe\/web\/wp-json\/wp\/v2\/posts"}],"about":[{"href":"https:\/\/www.diresaapurimac.gob.pe\/web\/wp-json\/wp\/v2\/types\/post"}],"author":[{"embeddable":true,"href":"https:\/\/www.diresaapurimac.gob.pe\/web\/wp-json\/wp\/v2\/users\/3"}],"replies":[{"embeddable":true,"href":"https:\/\/www.diresaapurimac.gob.pe\/web\/wp-json\/wp\/v2\/comments?post=9740"}],"version-history":[{"count":1,"href":"https:\/\/www.diresaapurimac.gob.pe\/web\/wp-json\/wp\/v2\/posts\/9740\/revisions"}],"predecessor-version":[{"id":9742,"href":"https:\/\/www.diresaapurimac.gob.pe\/web\/wp-json\/wp\/v2\/posts\/9740\/revisions\/9742"}],"wp:featuredmedia":[{"embeddable":true,"href":"https:\/\/www.diresaapurimac.gob.pe\/web\/wp-json\/wp\/v2\/media\/9741"}],"wp:attachment":[{"href":"https:\/\/www.diresaapurimac.gob.pe\/web\/wp-json\/wp\/v2\/media?parent=9740"}],"wp:term":[{"taxonomy":"category","embeddable":true,"href":"https:\/\/www.diresaapurimac.gob.pe\/web\/wp-json\/wp\/v2\/categories?post=9740"},{"taxonomy":"post_tag","embeddable":true,"href":"https:\/\/www.diresaapurimac.gob.pe\/web\/wp-json\/wp\/v2\/tags?post=9740"}],"curies":[{"name":"wp","href":"https:\/\/api.w.org\/{rel}","templated":true}]}}