{"id":9690,"date":"2025-03-24T09:57:01","date_gmt":"2025-03-24T14:57:01","guid":{"rendered":"https:\/\/www.diresaapurimac.gob.pe\/web\/?p=9690"},"modified":"2025-03-24T09:57:03","modified_gmt":"2025-03-24T14:57:03","slug":"diresa-apurimac-y-direccion-regional-de-educacion-ultiman-detalles-para-suscribir-convenio-en-beneficio-de-poblacion-escolar","status":"publish","type":"post","link":"https:\/\/www.diresaapurimac.gob.pe\/web\/noticias\/diresa-apurimac-y-direccion-regional-de-educacion-ultiman-detalles-para-suscribir-convenio-en-beneficio-de-poblacion-escolar\/","title":{"rendered":"DIRESA APUR\u00cdMAC Y DIRECCI\u00d3N REGIONAL DE EDUCACI\u00d3N ULTIMAN DETALLES PARA SUSCRIBIR CONVENIO EN BENEFICIO DE POBLACI\u00d3N ESCOLAR"},"content":{"rendered":"\n<p class=\"has-text-align-justify\">Los sectores salud y educaci\u00f3n vienen trabajando de manera articulada para beneficiar a la poblaci\u00f3n estudiantil apurime\u00f1a, en cumplimiento a los lineamientos pol\u00edticos que impulsa la gesti\u00f3n del gobernador regional Percy Godoy Medina.<\/p>\n\n\n\n<p class=\"has-text-align-justify\">Es as\u00ed que el titular de la DIRESA Apur\u00edmac, Ren\u00e1n R\u00edos, y la directora regional de Educaci\u00f3n, Sandra Rivas, se reunieron para ultimar detalles de la pr\u00f3xima firma de un convenio que tiene como objetivo que escolares de todos los niveles en caso de que sean hospitalizados se les brinde las facilidades respectivas para que no pierdan clases.<\/p>\n\n\n\n<p class=\"has-text-align-justify\">Igualmente, dicho convenio incluir\u00e1 fortalecer la atenci\u00f3n integral de salud bucal en favor de los alumnos de primaria y secundaria de las instituciones educativas del \u00e1mbito de la regi\u00f3n apurime\u00f1a. \u201cDesde la DIRESA Apur\u00edmac se va a dar impulso a la atenci\u00f3n de la salud bucal a los escolares de nuestra regi\u00f3n para su desarrollo integral como personas\u201d, remarc\u00f3 R\u00edos Villag\u00f3mez.<\/p>\n\n\n\n<p class=\"has-text-align-justify\">Esta iniciativa cobra mayor relevancia debido a que 9 de cada 10 ni\u00f1os en el pa\u00eds sufren de caries, por lo que una salud bucal adecuada juega un papel fundamental en el crecimiento, la nutrici\u00f3n, el desarrollo del lenguaje e incluso en la autoestima de los ni\u00f1as, ni\u00f1os y adolescentes.<\/p>\n","protected":false},"excerpt":{"rendered":"<p>Los sectores salud y educaci\u00f3n vienen trabajando de manera articulada para beneficiar a la poblaci\u00f3n estudiantil apurime\u00f1a, en cumplimiento a los lineamientos pol\u00edticos que impulsa la gesti\u00f3n del gobernador regional Percy Godoy Medina. Es as\u00ed que el titular de la DIRESA Apur\u00edmac, Ren\u00e1n R\u00edos, y la directora regional de Educaci\u00f3n, Sandra Rivas, se reunieron para [&hellip;]<\/p>\n","protected":false},"author":3,"featured_media":9691,"comment_status":"closed","ping_status":"closed","sticky":false,"template":"","format":"standard","meta":{"spay_email":"","footnotes":""},"categories":[1],"tags":[],"class_list":["post-9690","post","type-post","status-publish","format-standard","has-post-thumbnail","hentry","category-noticias"],"jetpack_featured_media_url":"https:\/\/i2.wp.com\/www.diresaapurimac.gob.pe\/web\/wp-content\/uploads\/2025\/03\/WhatsApp-Image-2025-03-24-at-8.47.23-AM.jpeg?fit=1080%2C866&ssl=1","_links":{"self":[{"href":"https:\/\/www.diresaapurimac.gob.pe\/web\/wp-json\/wp\/v2\/posts\/9690","targetHints":{"allow":["GET"]}}],"collection":[{"href":"https:\/\/www.diresaapurimac.gob.pe\/web\/wp-json\/wp\/v2\/posts"}],"about":[{"href":"https:\/\/www.diresaapurimac.gob.pe\/web\/wp-json\/wp\/v2\/types\/post"}],"author":[{"embeddable":true,"href":"https:\/\/www.diresaapurimac.gob.pe\/web\/wp-json\/wp\/v2\/users\/3"}],"replies":[{"embeddable":true,"href":"https:\/\/www.diresaapurimac.gob.pe\/web\/wp-json\/wp\/v2\/comments?post=9690"}],"version-history":[{"count":1,"href":"https:\/\/www.diresaapurimac.gob.pe\/web\/wp-json\/wp\/v2\/posts\/9690\/revisions"}],"predecessor-version":[{"id":9692,"href":"https:\/\/www.diresaapurimac.gob.pe\/web\/wp-json\/wp\/v2\/posts\/9690\/revisions\/9692"}],"wp:featuredmedia":[{"embeddable":true,"href":"https:\/\/www.diresaapurimac.gob.pe\/web\/wp-json\/wp\/v2\/media\/9691"}],"wp:attachment":[{"href":"https:\/\/www.diresaapurimac.gob.pe\/web\/wp-json\/wp\/v2\/media?parent=9690"}],"wp:term":[{"taxonomy":"category","embeddable":true,"href":"https:\/\/www.diresaapurimac.gob.pe\/web\/wp-json\/wp\/v2\/categories?post=9690"},{"taxonomy":"post_tag","embeddable":true,"href":"https:\/\/www.diresaapurimac.gob.pe\/web\/wp-json\/wp\/v2\/tags?post=9690"}],"curies":[{"name":"wp","href":"https:\/\/api.w.org\/{rel}","templated":true}]}}