{"id":9645,"date":"2025-03-18T08:30:32","date_gmt":"2025-03-18T13:30:32","guid":{"rendered":"https:\/\/www.diresaapurimac.gob.pe\/web\/?p=9645"},"modified":"2025-03-18T08:30:34","modified_gmt":"2025-03-18T13:30:34","slug":"diresa-apurimac-culmina-con-exito-capacitacion-a-personal-del-senasa-en-manejo-de-cadena-de-frio-y-movilizacion-de-vacunas-contra-la-rabia","status":"publish","type":"post","link":"https:\/\/www.diresaapurimac.gob.pe\/web\/noticias\/diresa-apurimac-culmina-con-exito-capacitacion-a-personal-del-senasa-en-manejo-de-cadena-de-frio-y-movilizacion-de-vacunas-contra-la-rabia\/","title":{"rendered":"DIRESA APUR\u00cdMAC CULMINA CON \u00c9XITO CAPACITACI\u00d3N A PERSONAL DEL SENASA EN MANEJO DE CADENA DE FR\u00cdO Y MOVILIZACI\u00d3N DE VACUNAS CONTRA LA RABIA"},"content":{"rendered":"\n<p class=\"has-text-align-justify\">En el marco de las acciones articuladas para proteger la salud p\u00fablica a nivel regional, el equipo t\u00e9cnico de la DIRESA Apur\u00edmac capacit\u00f3 al personal del Servicio Nacional de Sanidad Agraria &#8211; SENASA en el correcto almacenamiento, transporte y aplicaci\u00f3n de la vacuna contra la rabia de los herb\u00edvoros, en cumplimiento a los protocolos del sistema de cadena de fr\u00edo.<\/p>\n\n\n\n<p class=\"has-text-align-justify\">Durante la exitosa jornada de capacitaci\u00f3n, personal t\u00e9cnico de la Estrategia Sanitaria de Inmunizaciones brind\u00f3 mayores luces sobre el proceso del manejo de cadena de fr\u00edo y movilizaci\u00f3n con el objetivo de asegurar la calidad, garant\u00eda, seguridad y efectividad de las vacunas que salvaguardar\u00e1n la salud de los animales de la rabia silvestre que es transmitida por los murci\u00e9lagos hemat\u00f3fagos y ocasionan p\u00e9rdidas econ\u00f3micas a los ganaderos apurime\u00f1os.<\/p>\n\n\n\n<p class=\"has-text-align-justify\">El M.C. Ren\u00e1n R\u00edos Villag\u00f3mez, director regional de Salud, clausur\u00f3 la actividad y remarc\u00f3 la importancia de articular labores con el Senasa Apur\u00edmac a fin de redoblar esfuerzos en las acciones de vigilancia y control de la enfermedad, as\u00ed como reducir la propagaci\u00f3n de la rabia, minimizando los riesgos para la salud p\u00fablica y la sanidad agraria.<\/p>\n\n\n\n<p class=\"has-text-align-justify\">\u201cEsta capacitaci\u00f3n va a fortalecer las competencias del personal del Senasa en el manejo adecuado de las vacunas garantizando una respuesta r\u00e1pida y efectiva ante una eventual emergencia sanitaria. Estamos seguros de mantener la sinergia para continuar fortaleciendo las capacidades de los profesionales y t\u00e9cnicos de sanidad agraria\u201d, indic\u00f3 el titular de la DIRESA Apur\u00edmac.<\/p>\n\n\n\n<p class=\"has-text-align-justify\">Es necesario se\u00f1alar que en la charla de fortalecimiento de capacidades tambi\u00e9n particip\u00f3 el equipo t\u00e9cnico de la Estrategia Sanitaria de Enfermedades Metax\u00e9nicas y Zoon\u00f3ticas de la Direcci\u00f3n Regional de Salud, as\u00ed como personal del \u00e1rea de Sanidad Animal del Senasa Apur\u00edmac, entre otros.<\/p>\n\n\n\n<p>DATO<br>\nLa capacitaci\u00f3n se desarroll\u00f3 en el auditorio de la Direcci\u00f3n Ejecutiva de Salud Ambiental &#8211; DESA de la DIRESA Apur\u00edmac.<\/p>\n","protected":false},"excerpt":{"rendered":"<p>En el marco de las acciones articuladas para proteger la salud p\u00fablica a nivel regional, el equipo t\u00e9cnico de la DIRESA Apur\u00edmac capacit\u00f3 al personal del Servicio Nacional de Sanidad Agraria &#8211; SENASA en el correcto almacenamiento, transporte y aplicaci\u00f3n de la vacuna contra la rabia de los herb\u00edvoros, en cumplimiento a los protocolos del [&hellip;]<\/p>\n","protected":false},"author":3,"featured_media":9646,"comment_status":"closed","ping_status":"closed","sticky":false,"template":"","format":"standard","meta":{"spay_email":"","footnotes":""},"categories":[1],"tags":[],"class_list":["post-9645","post","type-post","status-publish","format-standard","has-post-thumbnail","hentry","category-noticias"],"jetpack_featured_media_url":"https:\/\/i1.wp.com\/www.diresaapurimac.gob.pe\/web\/wp-content\/uploads\/2025\/03\/Senasa.jpeg?fit=969%2C653&ssl=1","_links":{"self":[{"href":"https:\/\/www.diresaapurimac.gob.pe\/web\/wp-json\/wp\/v2\/posts\/9645","targetHints":{"allow":["GET"]}}],"collection":[{"href":"https:\/\/www.diresaapurimac.gob.pe\/web\/wp-json\/wp\/v2\/posts"}],"about":[{"href":"https:\/\/www.diresaapurimac.gob.pe\/web\/wp-json\/wp\/v2\/types\/post"}],"author":[{"embeddable":true,"href":"https:\/\/www.diresaapurimac.gob.pe\/web\/wp-json\/wp\/v2\/users\/3"}],"replies":[{"embeddable":true,"href":"https:\/\/www.diresaapurimac.gob.pe\/web\/wp-json\/wp\/v2\/comments?post=9645"}],"version-history":[{"count":1,"href":"https:\/\/www.diresaapurimac.gob.pe\/web\/wp-json\/wp\/v2\/posts\/9645\/revisions"}],"predecessor-version":[{"id":9647,"href":"https:\/\/www.diresaapurimac.gob.pe\/web\/wp-json\/wp\/v2\/posts\/9645\/revisions\/9647"}],"wp:featuredmedia":[{"embeddable":true,"href":"https:\/\/www.diresaapurimac.gob.pe\/web\/wp-json\/wp\/v2\/media\/9646"}],"wp:attachment":[{"href":"https:\/\/www.diresaapurimac.gob.pe\/web\/wp-json\/wp\/v2\/media?parent=9645"}],"wp:term":[{"taxonomy":"category","embeddable":true,"href":"https:\/\/www.diresaapurimac.gob.pe\/web\/wp-json\/wp\/v2\/categories?post=9645"},{"taxonomy":"post_tag","embeddable":true,"href":"https:\/\/www.diresaapurimac.gob.pe\/web\/wp-json\/wp\/v2\/tags?post=9645"}],"curies":[{"name":"wp","href":"https:\/\/api.w.org\/{rel}","templated":true}]}}