{"id":9577,"date":"2025-03-11T08:05:06","date_gmt":"2025-03-11T13:05:06","guid":{"rendered":"https:\/\/www.diresaapurimac.gob.pe\/web\/?p=9577"},"modified":"2025-03-11T08:05:08","modified_gmt":"2025-03-11T13:05:08","slug":"diresa-apurimac-y-redes-de-salud-inician-reunion-de-equipo-de-gestion-ampliado-para-impulsar-mejoras-de-indicadores-sanitarios-el-primer-nivel-de-atencion-y-hospitales","status":"publish","type":"post","link":"https:\/\/www.diresaapurimac.gob.pe\/web\/noticias\/diresa-apurimac-y-redes-de-salud-inician-reunion-de-equipo-de-gestion-ampliado-para-impulsar-mejoras-de-indicadores-sanitarios-el-primer-nivel-de-atencion-y-hospitales\/","title":{"rendered":"DIRESA APUR\u00cdMAC Y REDES DE SALUD INICIAN REUNI\u00d3N DE EQUIPO DE GESTI\u00d3N AMPLIADO PARA IMPULSAR MEJORAS DE INDICADORES SANITARIOS, EL PRIMER NIVEL DE ATENCI\u00d3N Y HOSPITALES"},"content":{"rendered":"\n<p class=\"has-text-align-justify\">Con la asistencia de los directores de las redes de salud del \u00e1mbito de la regi\u00f3n, acompa\u00f1ados de sus respectivos soportes t\u00e9cnicos, la DIRESA Apur\u00edmac lider\u00f3 la I Reuni\u00f3n de Equipo de Gesti\u00f3n Ampliado 2025 a fin de dar seguimiento al avance de las actividades desplegadas en los dos primeros meses del a\u00f1o, potenciar el trabajo articulado para superar las dificultades, mejorar el cumplimiento de avance de los indicadores sanitarios que est\u00e1n dise\u00f1ados para enfocar la atenci\u00f3n en favor de la poblaci\u00f3n apurime\u00f1a.<\/p>\n\n\n\n<p class=\"has-text-align-justify\">El director regional de Salud de Apur\u00edmac, Ren\u00e1n R\u00edos Villag\u00f3mez, remarc\u00f3 que con estos encuentros se busca redoblar esfuerzos que contribuyan a monitorear y evaluar los resultados alcanzados en el corto plazo, y de ser necesario plantear nuevas estrategias e intervenir de manera oportuna, priorizando el fortalecimiento del primer nivel de atenci\u00f3n y de los hospitales, adicionalmente, impulsando un trabajo coordinado con todos los niveles de gobierno a fin de concretar el cierre de brechas en el sector.<\/p>\n\n\n\n<p class=\"has-text-align-justify\">Asimismo, exhort\u00f3 a intensificar las acciones para mejorar los indicadores sanitarios durante el 2025 y as\u00ed garantizar una adecuada cobertura de prestaciones de salud con seguridad, oportunidad y calidad; adem\u00e1s de fortalecer las estrategias y la capacidad de respuesta adecuada en el primer nivel de atenci\u00f3n a nivel regional.<\/p>\n\n\n\n<p class=\"has-text-align-justify\">Durante el encuentro de coordinaci\u00f3n, en el que participaron tambi\u00e9n todos los directores ejecutivos de la DIRESA Apur\u00edmac, se incidi\u00f3 en la necesidad de mejorar el sistema de informaci\u00f3n para adoptar decisiones oportunas y cumplir con las metas regionales como es el caso de la reducci\u00f3n de la anemia y la desnutrici\u00f3n cr\u00f3nica infantil en menores de 5 a\u00f1os, entre otros.<\/p>\n","protected":false},"excerpt":{"rendered":"<p>Con la asistencia de los directores de las redes de salud del \u00e1mbito de la regi\u00f3n, acompa\u00f1ados de sus respectivos soportes t\u00e9cnicos, la DIRESA Apur\u00edmac lider\u00f3 la I Reuni\u00f3n de Equipo de Gesti\u00f3n Ampliado 2025 a fin de dar seguimiento al avance de las actividades desplegadas en los dos primeros meses del a\u00f1o, potenciar el [&hellip;]<\/p>\n","protected":false},"author":3,"featured_media":9578,"comment_status":"closed","ping_status":"closed","sticky":false,"template":"","format":"standard","meta":{"spay_email":"","footnotes":""},"categories":[1],"tags":[],"class_list":["post-9577","post","type-post","status-publish","format-standard","has-post-thumbnail","hentry","category-noticias"],"jetpack_featured_media_url":"https:\/\/i2.wp.com\/www.diresaapurimac.gob.pe\/web\/wp-content\/uploads\/2025\/03\/WhatsApp-Image-2025-03-11-at-8.00.26-AM.jpeg?fit=956%2C489&ssl=1","_links":{"self":[{"href":"https:\/\/www.diresaapurimac.gob.pe\/web\/wp-json\/wp\/v2\/posts\/9577","targetHints":{"allow":["GET"]}}],"collection":[{"href":"https:\/\/www.diresaapurimac.gob.pe\/web\/wp-json\/wp\/v2\/posts"}],"about":[{"href":"https:\/\/www.diresaapurimac.gob.pe\/web\/wp-json\/wp\/v2\/types\/post"}],"author":[{"embeddable":true,"href":"https:\/\/www.diresaapurimac.gob.pe\/web\/wp-json\/wp\/v2\/users\/3"}],"replies":[{"embeddable":true,"href":"https:\/\/www.diresaapurimac.gob.pe\/web\/wp-json\/wp\/v2\/comments?post=9577"}],"version-history":[{"count":1,"href":"https:\/\/www.diresaapurimac.gob.pe\/web\/wp-json\/wp\/v2\/posts\/9577\/revisions"}],"predecessor-version":[{"id":9579,"href":"https:\/\/www.diresaapurimac.gob.pe\/web\/wp-json\/wp\/v2\/posts\/9577\/revisions\/9579"}],"wp:featuredmedia":[{"embeddable":true,"href":"https:\/\/www.diresaapurimac.gob.pe\/web\/wp-json\/wp\/v2\/media\/9578"}],"wp:attachment":[{"href":"https:\/\/www.diresaapurimac.gob.pe\/web\/wp-json\/wp\/v2\/media?parent=9577"}],"wp:term":[{"taxonomy":"category","embeddable":true,"href":"https:\/\/www.diresaapurimac.gob.pe\/web\/wp-json\/wp\/v2\/categories?post=9577"},{"taxonomy":"post_tag","embeddable":true,"href":"https:\/\/www.diresaapurimac.gob.pe\/web\/wp-json\/wp\/v2\/tags?post=9577"}],"curies":[{"name":"wp","href":"https:\/\/api.w.org\/{rel}","templated":true}]}}