{"id":9388,"date":"2025-02-11T10:04:18","date_gmt":"2025-02-11T15:04:18","guid":{"rendered":"https:\/\/www.diresaapurimac.gob.pe\/web\/?p=9388"},"modified":"2025-02-11T10:04:19","modified_gmt":"2025-02-11T15:04:19","slug":"diresa-apurimac-firma-convenio-en-favor-de-estudiantes-del-instituto-tecnologico-de-abancay-para-desarrollo-de-experiencias-formativas-en-situacion-real-de-trabajo","status":"publish","type":"post","link":"https:\/\/www.diresaapurimac.gob.pe\/web\/noticias\/diresa-apurimac-firma-convenio-en-favor-de-estudiantes-del-instituto-tecnologico-de-abancay-para-desarrollo-de-experiencias-formativas-en-situacion-real-de-trabajo\/","title":{"rendered":"DIRESA APUR\u00cdMAC FIRMA CONVENIO EN FAVOR DE ESTUDIANTES DEL INSTITUTO TECNOL\u00d3GICO DE ABANCAY PARA DESARROLLO DE EXPERIENCIAS FORMATIVAS EN SITUACI\u00d3N REAL DE TRABAJO"},"content":{"rendered":"\n<p class=\"has-text-align-justify\">El GORE Apur\u00edmac, a trav\u00e9s de la Direcci\u00f3n Regional de Salud &#8211; DIRESA, suscribi\u00f3 un convenio de cooperaci\u00f3n con el Instituto de Educaci\u00f3n Superior Tecnol\u00f3gico P\u00fablico de Abancay para que sus estudiantes puedan acceder a la oferta instructiva del plan de estudios de actividades en experiencias formativas en situaci\u00f3n real de trabajo (practicas pre profesionales) en los establecimientos de salud del \u00e1mbito de la regi\u00f3n.                                 <br>\n                                     En el auditorio institucional del IESTP Abancay, el director regional de Salud de Apur\u00edmac, Carlos Monteagudo Gonz\u00e1les, suscribi\u00f3 el convenio que contribuir\u00e1 a que los estudiantes de dicho instituto puedan ampliar sus conocimientos, habilidades y actitudes involucr\u00e1ndose en la din\u00e1mica profesional, y que de esta manera logren insertarse m\u00e1s r\u00e1pido al mercado laboral local, regional y nacional.<\/p>\n\n\n\n<p class=\"has-text-align-justify\">Con esta alianza estrat\u00e9gica en beneficio de m\u00e1s de 500 estudiantes, se busca que cuenten con experiencias formativas en situaciones reales de trabajo para que se consoliden, integren y\/o ampl\u00eden conocimientos, habilidades y actitudes a fin de completar las competencias espec\u00edficas y de empleabilidad vinculadas con el programa de estudios. <\/p>\n\n\n\n<p class=\"has-text-align-justify\">Asimismo, implementar y mejorar las relaciones con el sector productivo para que los estudiantes ejerciten los conocimientos y destrezas de acuerdo al programa de estudios y los requisitos exigidos en el respectivo perfil de egreso, a trav\u00e9s de actividades en condiciones reales de trabajo en empresas o instituciones nacionales e internacionales. <\/p>\n\n\n\n<p class=\"has-text-align-justify\">El acuerdo, que tiene una vigencia de 4 a\u00f1os, permitir\u00e1 la realizaci\u00f3n de experiencias formativas en situaci\u00f3n real de trabajo de los estudiantes de los programas de estudios de Desarrollo de Sistemas de Informaci\u00f3n (computaci\u00f3n e inform\u00e1tica), Enfermer\u00eda T\u00e9cnica, Construcci\u00f3n Civil y Producci\u00f3n Agropecuaria.<\/p>\n\n\n\n<p class=\"has-text-align-justify\">El Convenio N\u00b0 001-2025-DIRESA-AP\/IESTP-ABANCAY tambi\u00e9n lleva la firma del director del Instituto de Educaci\u00f3n Superior Tecnol\u00f3gico P\u00fablico de Abancay, Edilberto G\u00e1lvez Barrientos. El acto protocolar cont\u00f3 con la participaci\u00f3n de las autoridades acad\u00e9micas, personal docente y administrativo, as\u00ed como estudiantes de dicha casa de estudio superior abanquino.<\/p>\n\n\n\n<p class=\"has-text-align-justify\">Cabe remarcar que el Gobierno Regional de Apur\u00edmac, liderado por el gobernador Percy Godoy Medina, suscribi\u00f3 un convenio con el Programa Nacional de Infraestructura Educativa (Pronied) para la ejecuci\u00f3n del proyecto de la nueva infraestructura y equipamiento del Instituto de Educaci\u00f3n Superior Tecnol\u00f3gico P\u00fablico de Abancay que cuenta con un presupuesto de casi 51 millones de soles y beneficiar\u00e1 a m\u00e1s de 2 mil estudiantes apurime\u00f1os y de regiones vecinas.<\/p>\n\n\n\n<p>DATO<br>\nEl IESTP Abancay cuenta con 36 a\u00f1os de vida institucional al servicio de la educaci\u00f3n superior tecnol\u00f3gica en Apur\u00edmac.<\/p>\n","protected":false},"excerpt":{"rendered":"<p>El GORE Apur\u00edmac, a trav\u00e9s de la Direcci\u00f3n Regional de Salud &#8211; DIRESA, suscribi\u00f3 un convenio de cooperaci\u00f3n con el Instituto de Educaci\u00f3n Superior Tecnol\u00f3gico P\u00fablico de Abancay para que sus estudiantes puedan acceder a la oferta instructiva del plan de estudios de actividades en experiencias formativas en situaci\u00f3n real de trabajo (practicas pre profesionales) [&hellip;]<\/p>\n","protected":false},"author":3,"featured_media":9389,"comment_status":"closed","ping_status":"closed","sticky":false,"template":"","format":"standard","meta":{"spay_email":"","footnotes":""},"categories":[1],"tags":[],"class_list":["post-9388","post","type-post","status-publish","format-standard","has-post-thumbnail","hentry","category-noticias"],"jetpack_featured_media_url":"https:\/\/i0.wp.com\/www.diresaapurimac.gob.pe\/web\/wp-content\/uploads\/2025\/02\/Ins_Tecnologico.jpeg?fit=1079%2C729&ssl=1","_links":{"self":[{"href":"https:\/\/www.diresaapurimac.gob.pe\/web\/wp-json\/wp\/v2\/posts\/9388","targetHints":{"allow":["GET"]}}],"collection":[{"href":"https:\/\/www.diresaapurimac.gob.pe\/web\/wp-json\/wp\/v2\/posts"}],"about":[{"href":"https:\/\/www.diresaapurimac.gob.pe\/web\/wp-json\/wp\/v2\/types\/post"}],"author":[{"embeddable":true,"href":"https:\/\/www.diresaapurimac.gob.pe\/web\/wp-json\/wp\/v2\/users\/3"}],"replies":[{"embeddable":true,"href":"https:\/\/www.diresaapurimac.gob.pe\/web\/wp-json\/wp\/v2\/comments?post=9388"}],"version-history":[{"count":1,"href":"https:\/\/www.diresaapurimac.gob.pe\/web\/wp-json\/wp\/v2\/posts\/9388\/revisions"}],"predecessor-version":[{"id":9390,"href":"https:\/\/www.diresaapurimac.gob.pe\/web\/wp-json\/wp\/v2\/posts\/9388\/revisions\/9390"}],"wp:featuredmedia":[{"embeddable":true,"href":"https:\/\/www.diresaapurimac.gob.pe\/web\/wp-json\/wp\/v2\/media\/9389"}],"wp:attachment":[{"href":"https:\/\/www.diresaapurimac.gob.pe\/web\/wp-json\/wp\/v2\/media?parent=9388"}],"wp:term":[{"taxonomy":"category","embeddable":true,"href":"https:\/\/www.diresaapurimac.gob.pe\/web\/wp-json\/wp\/v2\/categories?post=9388"},{"taxonomy":"post_tag","embeddable":true,"href":"https:\/\/www.diresaapurimac.gob.pe\/web\/wp-json\/wp\/v2\/tags?post=9388"}],"curies":[{"name":"wp","href":"https:\/\/api.w.org\/{rel}","templated":true}]}}