{"id":9320,"date":"2025-02-03T10:16:53","date_gmt":"2025-02-03T15:16:53","guid":{"rendered":"https:\/\/www.diresaapurimac.gob.pe\/web\/?p=9320"},"modified":"2025-02-03T10:16:55","modified_gmt":"2025-02-03T15:16:55","slug":"consejo-regional-de-apurimac-y-diresa-realizan-mesa-de-trabajo-para-recoger-propuestas-y-mejorar-reglamento-de-ordenanza-sobre-personal-de-salud","status":"publish","type":"post","link":"https:\/\/www.diresaapurimac.gob.pe\/web\/noticias\/consejo-regional-de-apurimac-y-diresa-realizan-mesa-de-trabajo-para-recoger-propuestas-y-mejorar-reglamento-de-ordenanza-sobre-personal-de-salud\/","title":{"rendered":"CONSEJO REGIONAL DE APURIMAC Y DIRESA REALIZAN MESA DE TRABAJO PARA RECOGER PROPUESTAS Y MEJORAR REGLAMENTO DE ORDENANZA SOBRE PERSONAL DE SALUD"},"content":{"rendered":"\n<p class=\"has-text-align-justify\">En atenci\u00f3n a una invitaci\u00f3n formulada con anterioridad, el titular de la DIRESA, Carlos Monteagudo Gonz\u00e1les, particip\u00f3 en una mesa de trabajo convocada por el Consejo Regional de Apur\u00edmac con el objetivo de articular acciones en favor del personal de salud.<\/p>\n\n\n\n<p class=\"has-text-align-justify\">El \u00fanico punto de la agenda gir\u00f3 en torno a la Ordenanza Regional N\u00b0 013-2023-GR-APUR\u00cdMAC\/GR, que declara de necesidad p\u00fablica y de prioridad la implementaci\u00f3n del proceso de desplazamiento definitivo del personal nombrado, asistencial y administrativos destacado y\/o rotado de las unidades ejecutoras de salud de la regi\u00f3n Apur\u00edmac. La reuni\u00f3n de trabajo estuvo encabezada por el presidente del Consejo Regional de Apur\u00edmac, Jaime Osorio Aguilar.<\/p>\n\n\n\n<p class=\"has-text-align-justify\">Al encuentro de coordinaci\u00f3n tambi\u00e9n asistieron los directores de las redes de salud del \u00e1mbito de la regi\u00f3n, quienes realizaron diferentes planteamientos con miras a ser considerados, mejorarlos y lograr la aprobaci\u00f3n del reglamento de dicha ordenanza regional, acord\u00e1ndose hacer llegar las propuestas finales hasta la primera semana de febrero del presente a\u00f1o.<\/p>\n\n\n\n<p class=\"has-text-align-justify\">El Dr. Carlos Monteagudo remarc\u00f3 que las \u00faltimas gestiones regionales evadieron su responsabilidad de aprobar el reglamento de dicha ordenanza para impulsar el ordenamiento legal de los profesionales en el sector. En esa l\u00ednea, invoc\u00f3 a los consejeros regionales dar luz verde a esta iniciativa que marcar\u00e1 un precedente favorable y un efecto positivo en la gesti\u00f3n p\u00fablica regional.<\/p>\n\n\n\n<p>DATO<br>\nLa mesa de trabajo se desarroll\u00f3 en el auditorio Micaela Bastidas del Gobierno Regional de Apur\u00edmac.<\/p>\n","protected":false},"excerpt":{"rendered":"<p>En atenci\u00f3n a una invitaci\u00f3n formulada con anterioridad, el titular de la DIRESA, Carlos Monteagudo Gonz\u00e1les, particip\u00f3 en una mesa de trabajo convocada por el Consejo Regional de Apur\u00edmac con el objetivo de articular acciones en favor del personal de salud. El \u00fanico punto de la agenda gir\u00f3 en torno a la Ordenanza Regional N\u00b0 [&hellip;]<\/p>\n","protected":false},"author":3,"featured_media":9321,"comment_status":"closed","ping_status":"closed","sticky":false,"template":"","format":"standard","meta":{"spay_email":"","footnotes":""},"categories":[1],"tags":[],"class_list":["post-9320","post","type-post","status-publish","format-standard","has-post-thumbnail","hentry","category-noticias"],"jetpack_featured_media_url":"https:\/\/i2.wp.com\/www.diresaapurimac.gob.pe\/web\/wp-content\/uploads\/2025\/02\/03022025.jpeg?fit=1023%2C561&ssl=1","_links":{"self":[{"href":"https:\/\/www.diresaapurimac.gob.pe\/web\/wp-json\/wp\/v2\/posts\/9320","targetHints":{"allow":["GET"]}}],"collection":[{"href":"https:\/\/www.diresaapurimac.gob.pe\/web\/wp-json\/wp\/v2\/posts"}],"about":[{"href":"https:\/\/www.diresaapurimac.gob.pe\/web\/wp-json\/wp\/v2\/types\/post"}],"author":[{"embeddable":true,"href":"https:\/\/www.diresaapurimac.gob.pe\/web\/wp-json\/wp\/v2\/users\/3"}],"replies":[{"embeddable":true,"href":"https:\/\/www.diresaapurimac.gob.pe\/web\/wp-json\/wp\/v2\/comments?post=9320"}],"version-history":[{"count":1,"href":"https:\/\/www.diresaapurimac.gob.pe\/web\/wp-json\/wp\/v2\/posts\/9320\/revisions"}],"predecessor-version":[{"id":9322,"href":"https:\/\/www.diresaapurimac.gob.pe\/web\/wp-json\/wp\/v2\/posts\/9320\/revisions\/9322"}],"wp:featuredmedia":[{"embeddable":true,"href":"https:\/\/www.diresaapurimac.gob.pe\/web\/wp-json\/wp\/v2\/media\/9321"}],"wp:attachment":[{"href":"https:\/\/www.diresaapurimac.gob.pe\/web\/wp-json\/wp\/v2\/media?parent=9320"}],"wp:term":[{"taxonomy":"category","embeddable":true,"href":"https:\/\/www.diresaapurimac.gob.pe\/web\/wp-json\/wp\/v2\/categories?post=9320"},{"taxonomy":"post_tag","embeddable":true,"href":"https:\/\/www.diresaapurimac.gob.pe\/web\/wp-json\/wp\/v2\/tags?post=9320"}],"curies":[{"name":"wp","href":"https:\/\/api.w.org\/{rel}","templated":true}]}}