{"id":8809,"date":"2024-09-25T08:36:14","date_gmt":"2024-09-25T13:36:14","guid":{"rendered":"https:\/\/www.diresaapurimac.gob.pe\/web\/?p=8809"},"modified":"2024-09-25T08:41:09","modified_gmt":"2024-09-25T13:41:09","slug":"gore-apurimac-y-diresa-informan-al-consejo-regional-sobre-las-acciones-desplegadas-en-la-lucha-sin-cuartel-contra-anemia-infantil","status":"publish","type":"post","link":"https:\/\/www.diresaapurimac.gob.pe\/web\/noticias\/gore-apurimac-y-diresa-informan-al-consejo-regional-sobre-las-acciones-desplegadas-en-la-lucha-sin-cuartel-contra-anemia-infantil\/","title":{"rendered":"GORE APUR\u00cdMAC Y DIRESA INFORMAN AL CONSEJO REGIONAL SOBRE LAS ACCIONES DESPLEGADAS EN LA LUCHA SIN CUARTEL CONTRA ANEMIA INFANTIL"},"content":{"rendered":"\n<p class=\"has-text-align-justify\">En atenci\u00f3n a la invitaci\u00f3n formulada para socializar las acciones prioritarias implementadas para salvaguardar la salud de las ni\u00f1as y ni\u00f1os, el gerente de Desarrollo Social del GORE Apur\u00edmac, Ronald Flores Medina, y el titular de la DIRESA, Elio Vidal Robles, se presentaron ante el pleno del Consejo Regional para informar el trabajo desplegado con miras a reducir los indicadores de la anemia y desnutrici\u00f3n cr\u00f3nica infantil.<\/p>\n\n\n\n<p class=\"has-text-align-justify\">Durante la presentaci\u00f3n de ambos funcionarios regionales se dio a conocer que la anemia y desnutrici\u00f3n cr\u00f3nica infantil es un problema de salud p\u00fablica que afecta a todo el pa\u00eds, por lo que se est\u00e1n articulando esfuerzos en todos los niveles de gobierno para reducir los indicadores y mejorar la atenci\u00f3n en favor de la poblaci\u00f3n infantil apurime\u00f1a.<\/p>\n\n\n\n<p class=\"has-text-align-justify\">Tambi\u00e9n se remarc\u00f3 la importancia estrategia regional Sumaq Kawsanapaq, impulsada por el GORE Apur\u00edmac, liderado por el gobernador Percy Godoy Medina, que busca priorizar el desarrollo infantil temprano y velar por asegurar una atenci\u00f3n integral a ni\u00f1as y ni\u00f1os, en coordinaci\u00f3n con todos los gobiernos locales a nivel regional.<\/p>\n\n\n\n<p class=\"has-text-align-justify\">En la \u00faltima sesi\u00f3n ordinaria, se inform\u00f3 que se viene implementando un plan piloto en el distrito abanquino de Tamburco y a trav\u00e9s de un software se prev\u00e9 realizar el control en tiempo real de ni\u00f1os afectados o que est\u00e1n superando la anemia y la desnutrici\u00f3n cr\u00f3nica infantil, cuya herramienta inform\u00e1tica se proyecta replicar a los distritos y provincias de la regi\u00f3n Apur\u00edmac.<\/p>\n\n\n\n<p class=\"has-text-align-justify\">Adem\u00e1s, se indic\u00f3 que se ha socializado el Plan Multisectorial para la Prevenci\u00f3n de la Anemia al 2030 en el marco del Consejo Regional de Salud. Asimismo, se ha conformado la Red de Municipios, Ciudades y Comunidades Saludables de Apur\u00edmac. Dicha red lo preside el alcalde provincial de Antabamba, Roberto Huaman\u00ed Meneses. Y como secretario fue elegido el alcalde distrital de Anco Huallo (Chincheros), Miguel Huacre M\u00e9ndez.<\/p>\n\n\n\n<p class=\"has-text-align-justify\">En otro momento, se mencion\u00f3 las intervenciones claves para la reducci\u00f3n de la anemia como que las gestantes y ni\u00f1os reciben el suplemento de hierro, la entrega de suplemento de hierro a trav\u00e9s de visitas a domicilio, visitas a domicilio para el seguimiento al consumo de suplemento de hierro, as\u00ed como la organizaci\u00f3n de ferias informativas promoviendo la alimentaci\u00f3n saludable, en coordinaci\u00f3n con los gobiernos locales como el recientemente realizado en articulaci\u00f3n con la municipalidad distrital de Haquira, en la provincia de Cotabambas, donde tambi\u00e9n se desarrollaron sesiones demostrativas y charlas educativas en alimentaci\u00f3n y nutrici\u00f3n saludable para ni\u00f1as, ni\u00f1os y gestantes de la zona.<\/p>\n\n\n\n<p class=\"has-text-align-justify\">\u201cLa anemia y desnutrici\u00f3n cr\u00f3nica infantil exigen promover alianzas estrat\u00e9gicas para mejorar los indicadores sanitarios. En los dos \u00faltimos a\u00f1os se ha convocado a reuniones de trabajo para atacar los problemas sanitarios que aquejan a la poblaci\u00f3n. La lucha contra este flagelo es transversal a todo el Estado y se requiere un trabajo concertado para obtener los resultados esperados\u201d, indic\u00f3 el titular de la DIRESA Apur\u00edmac, quien despej\u00f3 las interrogantes y dudas de los consejeros regionales que coincidieron en saludar su presencia y del gerente de Desarrollo Social como parte de las acciones para fortalecer las acciones de transparencia e integridad en la gesti\u00f3n p\u00fablica.<\/p>\n","protected":false},"excerpt":{"rendered":"<p>En atenci\u00f3n a la invitaci\u00f3n formulada para socializar las acciones prioritarias implementadas para salvaguardar la salud de las ni\u00f1as y ni\u00f1os, el gerente de Desarrollo Social del GORE Apur\u00edmac, Ronald Flores Medina, y el titular de la DIRESA, Elio Vidal Robles, se presentaron ante el pleno del Consejo Regional para informar el trabajo desplegado con [&hellip;]<\/p>\n","protected":false},"author":3,"featured_media":8810,"comment_status":"closed","ping_status":"closed","sticky":false,"template":"","format":"standard","meta":{"spay_email":"","footnotes":""},"categories":[1],"tags":[],"class_list":["post-8809","post","type-post","status-publish","format-standard","has-post-thumbnail","hentry","category-noticias"],"jetpack_featured_media_url":"https:\/\/i2.wp.com\/www.diresaapurimac.gob.pe\/web\/wp-content\/uploads\/2024\/09\/WhatsApp-Image-2024-09-25-at-8.26.23-AM.jpeg?fit=1066%2C509&ssl=1","_links":{"self":[{"href":"https:\/\/www.diresaapurimac.gob.pe\/web\/wp-json\/wp\/v2\/posts\/8809","targetHints":{"allow":["GET"]}}],"collection":[{"href":"https:\/\/www.diresaapurimac.gob.pe\/web\/wp-json\/wp\/v2\/posts"}],"about":[{"href":"https:\/\/www.diresaapurimac.gob.pe\/web\/wp-json\/wp\/v2\/types\/post"}],"author":[{"embeddable":true,"href":"https:\/\/www.diresaapurimac.gob.pe\/web\/wp-json\/wp\/v2\/users\/3"}],"replies":[{"embeddable":true,"href":"https:\/\/www.diresaapurimac.gob.pe\/web\/wp-json\/wp\/v2\/comments?post=8809"}],"version-history":[{"count":2,"href":"https:\/\/www.diresaapurimac.gob.pe\/web\/wp-json\/wp\/v2\/posts\/8809\/revisions"}],"predecessor-version":[{"id":8812,"href":"https:\/\/www.diresaapurimac.gob.pe\/web\/wp-json\/wp\/v2\/posts\/8809\/revisions\/8812"}],"wp:featuredmedia":[{"embeddable":true,"href":"https:\/\/www.diresaapurimac.gob.pe\/web\/wp-json\/wp\/v2\/media\/8810"}],"wp:attachment":[{"href":"https:\/\/www.diresaapurimac.gob.pe\/web\/wp-json\/wp\/v2\/media?parent=8809"}],"wp:term":[{"taxonomy":"category","embeddable":true,"href":"https:\/\/www.diresaapurimac.gob.pe\/web\/wp-json\/wp\/v2\/categories?post=8809"},{"taxonomy":"post_tag","embeddable":true,"href":"https:\/\/www.diresaapurimac.gob.pe\/web\/wp-json\/wp\/v2\/tags?post=8809"}],"curies":[{"name":"wp","href":"https:\/\/api.w.org\/{rel}","templated":true}]}}