{"id":8645,"date":"2024-07-25T10:12:09","date_gmt":"2024-07-25T15:12:09","guid":{"rendered":"https:\/\/www.diresaapurimac.gob.pe\/web\/?p=8645"},"modified":"2024-07-25T10:12:11","modified_gmt":"2024-07-25T15:12:11","slug":"conforman-red-de-municipios-ciudades-y-comunidades-saludables-para-mejorar-indicadores-sociales-y-acceso-a-servicios-de-calidad-en-apurimac","status":"publish","type":"post","link":"https:\/\/www.diresaapurimac.gob.pe\/web\/noticias\/conforman-red-de-municipios-ciudades-y-comunidades-saludables-para-mejorar-indicadores-sociales-y-acceso-a-servicios-de-calidad-en-apurimac\/","title":{"rendered":"CONFORMAN RED DE MUNICIPIOS, CIUDADES Y COMUNIDADES SALUDABLES PARA MEJORAR INDICADORES SOCIALES Y ACCESO A SERVICIOS DE CALIDAD EN APUR\u00cdMAC"},"content":{"rendered":"\n<p>Acorde a las pol\u00edticas sectoriales promovidas por la gesti\u00f3n del gobernador Percy Godoy Medina para mejorar los indicadores sociales y la accesibilidad a los servicios sanitarios de calidad, el Gobierno Regional de Apur\u00edmac, a trav\u00e9s de la DIRESA, conform\u00f3 la Red de Municipios, Ciudades y Comunidades Saludables y Gesti\u00f3n Territorial que cuenta con la participaci\u00f3n de las municipalidades provinciales y distritales y con el apoyo clave del Ministerio de Salud &#8211; MINSA.<\/p>\n\n\n\n<p>Dicha Red se constituy\u00f3 durante la Reuni\u00f3n Regional de Municipios, Ciudades y Comunidades Saludables y Gesti\u00f3n Territorial de la Regi\u00f3n Apur\u00edmac 2024, realizado en Abancay. Este encuentro de trabajo contribuy\u00f3 a fortalecer la articulaci\u00f3n interinstitucional con el objetivo de construir \u201cCiudades y Comunidades saludables\u201d bajo los enfoques de gobernanza en salud, el abordaje de los determinantes sociales y promoviendo sociedades de bienestar en favor de la poblaci\u00f3n, especialmente de las zonas m\u00e1s vulnerables.<\/p>\n\n\n\n<p>El Dr. Elio Vidal Robles, Director Regional de Salud, se encarg\u00f3 de dar las palabras de bienvenida al evento, y en su intervenci\u00f3n, indic\u00f3 que la administraci\u00f3n del gobernador Percy Godoy viene redoblando esfuerzos para fortalecer la articulaci\u00f3n interinstitucional y promover sociedades de bienestar en Apur\u00edmac bajo un enfoque territorial, remarcando que esta reuni\u00f3n es un paso fundamental con miras a impulsar estrategias conjuntas en todos los niveles de gobierno a fin de mejorar los indicadores sociales, como es el caso de la anemia infantil.<\/p>\n\n\n\n<p>Por su parte, el jefe de equipo de Promoci\u00f3n de Salud del MINSA, Joel Collazos Carhuay, dio a conocer que con esta conformaci\u00f3n Apur\u00edmac se suma a la Red de Municipios, Ciudades y Comunidades Saludables del pa\u00eds, por lo que resalt\u00f3 el trabajo coordinado con resultados que se viene impulsando en Apur\u00edmac para avanzar hacia la promoci\u00f3n de la salud en la regi\u00f3n, asumiendo compromisos en el marco de la Pol\u00edtica Nacional Multisectorial de Salud al 2030, &#8220;Per\u00fa, Pa\u00eds Saludable&#8221;, que busca mejorar los estilos y condiciones de vida de la poblaci\u00f3n.<\/p>\n\n\n\n<p>Durante el encuentro se eligi\u00f3 la primera junta directiva de la Red de Municipios, Ciudades y Comunidades Saludables y Gesti\u00f3n Territorial para el periodo 2024-2026. Est\u00e1 presidida por el alcalde provincial de Antabamba, Roberto Huaman\u00ed Meneses. Asimismo, completan la junta directiva los alcaldes distritales de Anco Huallo (Chincheros), Miguel Huacre M\u00e9ndez, como secretario t\u00e9cnico; de San Miguel de Chaccrampa (Andahuaylas), Am\u00e9rico Ccasani Palacios; y de Turpay (Grau), Miguel Huancauire Cu\u00e9llar. <\/p>\n\n\n\n<p>Tambi\u00e9n se realiz\u00f3 una ceremonia de reconocimiento a 33 gobiernos locales de la regi\u00f3n Apur\u00edmac por su compromiso y liderazgo en la lucha contra la anemia infantil a trav\u00e9s del trabajo articulado durante el periodo del 2023 &#8211; 2024 (primer semestre).<\/p>\n\n\n\n<p>Cabe se\u00f1alar que en la reuni\u00f3n presencial participaron tambi\u00e9n la consejera regional, Yenifer C\u00e1ceres Baltazar; el subgerente regional de Desarrollo Social, Jes\u00fas Ccasani Julloni; la directora ejecutiva de Salud de las Personas de la DIRESA Apur\u00edmac, Nathaly Velarde Warthon; el director ejecutivo de Promoci\u00f3n de Salud, Pedro Vera Maldonado; la coordinadora regional de Red de Municipios, Ciudades y Comunidades Saludables, Glenda Espinoza Arguedas; as\u00ed como alcaldes y equipos t\u00e9cnicos de municipios de las siete provincias apurime\u00f1as; funcionarios de la Gerencia Regional de Desarrollo Social; y del sector salud.<\/p>\n\n\n\n<p>DATO<br>\nEl encuentro de autoridades con el sector salud se desarroll\u00f3 en el auditorio Micaela Bastidas del GORE Apur\u00edmac.<\/p>\n","protected":false},"excerpt":{"rendered":"<p>Acorde a las pol\u00edticas sectoriales promovidas por la gesti\u00f3n del gobernador Percy Godoy Medina para mejorar los indicadores sociales y la accesibilidad a los servicios sanitarios de calidad, el Gobierno Regional de Apur\u00edmac, a trav\u00e9s de la DIRESA, conform\u00f3 la Red de Municipios, Ciudades y Comunidades Saludables y Gesti\u00f3n Territorial que cuenta con la participaci\u00f3n [&hellip;]<\/p>\n","protected":false},"author":3,"featured_media":8638,"comment_status":"closed","ping_status":"closed","sticky":false,"template":"","format":"standard","meta":{"spay_email":"","footnotes":""},"categories":[1],"tags":[],"class_list":["post-8645","post","type-post","status-publish","format-standard","has-post-thumbnail","hentry","category-noticias"],"jetpack_featured_media_url":"https:\/\/i1.wp.com\/www.diresaapurimac.gob.pe\/web\/wp-content\/uploads\/2024\/07\/WhatsApp-Image-2024-07-24-at-9.00.05-AM.jpeg?fit=1280%2C718&ssl=1","_links":{"self":[{"href":"https:\/\/www.diresaapurimac.gob.pe\/web\/wp-json\/wp\/v2\/posts\/8645","targetHints":{"allow":["GET"]}}],"collection":[{"href":"https:\/\/www.diresaapurimac.gob.pe\/web\/wp-json\/wp\/v2\/posts"}],"about":[{"href":"https:\/\/www.diresaapurimac.gob.pe\/web\/wp-json\/wp\/v2\/types\/post"}],"author":[{"embeddable":true,"href":"https:\/\/www.diresaapurimac.gob.pe\/web\/wp-json\/wp\/v2\/users\/3"}],"replies":[{"embeddable":true,"href":"https:\/\/www.diresaapurimac.gob.pe\/web\/wp-json\/wp\/v2\/comments?post=8645"}],"version-history":[{"count":1,"href":"https:\/\/www.diresaapurimac.gob.pe\/web\/wp-json\/wp\/v2\/posts\/8645\/revisions"}],"predecessor-version":[{"id":8646,"href":"https:\/\/www.diresaapurimac.gob.pe\/web\/wp-json\/wp\/v2\/posts\/8645\/revisions\/8646"}],"wp:featuredmedia":[{"embeddable":true,"href":"https:\/\/www.diresaapurimac.gob.pe\/web\/wp-json\/wp\/v2\/media\/8638"}],"wp:attachment":[{"href":"https:\/\/www.diresaapurimac.gob.pe\/web\/wp-json\/wp\/v2\/media?parent=8645"}],"wp:term":[{"taxonomy":"category","embeddable":true,"href":"https:\/\/www.diresaapurimac.gob.pe\/web\/wp-json\/wp\/v2\/categories?post=8645"},{"taxonomy":"post_tag","embeddable":true,"href":"https:\/\/www.diresaapurimac.gob.pe\/web\/wp-json\/wp\/v2\/tags?post=8645"}],"curies":[{"name":"wp","href":"https:\/\/api.w.org\/{rel}","templated":true}]}}