{"id":8362,"date":"2024-05-13T12:42:09","date_gmt":"2024-05-13T17:42:09","guid":{"rendered":"https:\/\/www.diresaapurimac.gob.pe\/web\/?p=8362"},"modified":"2024-05-13T12:42:10","modified_gmt":"2024-05-13T17:42:10","slug":"socializan-a-personal-de-salud-resolucion-ministerial-n-118-2023-minsa-sobre-alimentacion-saludable-para-adolescentes","status":"publish","type":"post","link":"https:\/\/www.diresaapurimac.gob.pe\/web\/noticias\/socializan-a-personal-de-salud-resolucion-ministerial-n-118-2023-minsa-sobre-alimentacion-saludable-para-adolescentes\/","title":{"rendered":"SOCIALIZAN A PERSONAL DE SALUD RESOLUCI\u00d3N MINISTERIAL N\u00b0 118-2023-MINSA SOBRE ALIMENTACI\u00d3N SALUDABLE PARA ADOLESCENTES"},"content":{"rendered":"\n<p>Profesionales de las redes de salud a nivel regional fueron instruidas en alimentaci\u00f3n saludable para adolescentes para brindar atenci\u00f3n oportuna e impulsar h\u00e1bitos de vida positivos en favor del desarrollo integral de este segmento poblacional que se encuentra en la etapa escolar.<\/p>\n\n\n\n<p>La capacitaci\u00f3n estuvo a cargo de la Obst. Isabel Pacheco Cantalicio, coordinadora nacional de la Etapa de Vida Adolescente y Joven del Ministerio de Salud \u2013 MINSA, y de la Lic. Rosa Salvatierra Ruiz, del INS, quienes compartieron su experiencia a fin de fortalecer las capacidades del personal del sector referente a la alimentaci\u00f3n saludable.<\/p>\n\n\n\n<p>El director regional de Salud de Apur\u00edmac, Elio Vidal Robles, se encarg\u00f3 de aperturar el evento y dar la bienvenida a las expositoras, al tiempo de destacar la importancia de este tipo de capacitaciones en la mejora de la atenci\u00f3n integral de salud, especialmente en beneficio de los adolescentes para que adopten h\u00e1bitos saludables y as\u00ed prevenir enfermedades a lo largo de la vida.<\/p>\n\n\n\n<p>Durante la asistencia t\u00e9cnica se socializ\u00f3 la Resoluci\u00f3n Ministerial N\u00b0 118-2023-MINSA &#8220;Sesiones de aprendizaje en alimentaci\u00f3n saludable para adolescentes en el marco del modelo de cuidado integral de salud por curso de vida para la persona, familia y comunidad&#8221;, aprobada por el Ministerio de Salud.<\/p>\n\n\n\n<p>Las sesiones de trabajo se desarrollaron durante dos d\u00edas, de manera presencial y virtual, para que la mayor\u00eda del personal de las redes y micro redes de salud de Apur\u00edmac pueda participar, teniendo la oportunidad de adquirir conocimientos fundamentales sobre alimentaci\u00f3n saludable para adolescentes, en concordancia con el modelo de cuidado integral promovido por el MINSA.<\/p>\n\n\n\n<p>La capacitaci\u00f3n concluy\u00f3 con una visita a la instituci\u00f3n educativa Santa Mar\u00eda Laura de Abancay, donde los participantes pusieron en pr\u00e1ctica lo aprendido, fortaleciendo as\u00ed su capacidad para promover h\u00e1bitos alimenticios saludables entre los adolescentes de la regi\u00f3n.<\/p>\n\n\n\n<p>Este tipo de actividades conjuntas evidencia el compromiso de la DIRESA Apur\u00edmac y del MINSA con la formaci\u00f3n continua de los profesionales sanitarios, as\u00ed como con la promoci\u00f3n de estilos de vida saludables en la poblaci\u00f3n adolescente, clave para el desarrollo de una sociedad m\u00e1s sana y fomentando la cultura de la prevenci\u00f3n de enfermedades.<\/p>\n","protected":false},"excerpt":{"rendered":"<p>Profesionales de las redes de salud a nivel regional fueron instruidas en alimentaci\u00f3n saludable para adolescentes para brindar atenci\u00f3n oportuna e impulsar h\u00e1bitos de vida positivos en favor del desarrollo integral de este segmento poblacional que se encuentra en la etapa escolar. La capacitaci\u00f3n estuvo a cargo de la Obst. Isabel Pacheco Cantalicio, coordinadora nacional [&hellip;]<\/p>\n","protected":false},"author":3,"featured_media":8363,"comment_status":"closed","ping_status":"closed","sticky":false,"template":"","format":"standard","meta":{"spay_email":"","footnotes":""},"categories":[1],"tags":[],"class_list":["post-8362","post","type-post","status-publish","format-standard","has-post-thumbnail","hentry","category-noticias"],"jetpack_featured_media_url":"https:\/\/i2.wp.com\/www.diresaapurimac.gob.pe\/web\/wp-content\/uploads\/2024\/05\/WhatsApp-Image-2024-05-13-at-9.31.13-AM@@.jpg?fit=1600%2C1066&ssl=1","_links":{"self":[{"href":"https:\/\/www.diresaapurimac.gob.pe\/web\/wp-json\/wp\/v2\/posts\/8362","targetHints":{"allow":["GET"]}}],"collection":[{"href":"https:\/\/www.diresaapurimac.gob.pe\/web\/wp-json\/wp\/v2\/posts"}],"about":[{"href":"https:\/\/www.diresaapurimac.gob.pe\/web\/wp-json\/wp\/v2\/types\/post"}],"author":[{"embeddable":true,"href":"https:\/\/www.diresaapurimac.gob.pe\/web\/wp-json\/wp\/v2\/users\/3"}],"replies":[{"embeddable":true,"href":"https:\/\/www.diresaapurimac.gob.pe\/web\/wp-json\/wp\/v2\/comments?post=8362"}],"version-history":[{"count":1,"href":"https:\/\/www.diresaapurimac.gob.pe\/web\/wp-json\/wp\/v2\/posts\/8362\/revisions"}],"predecessor-version":[{"id":8364,"href":"https:\/\/www.diresaapurimac.gob.pe\/web\/wp-json\/wp\/v2\/posts\/8362\/revisions\/8364"}],"wp:featuredmedia":[{"embeddable":true,"href":"https:\/\/www.diresaapurimac.gob.pe\/web\/wp-json\/wp\/v2\/media\/8363"}],"wp:attachment":[{"href":"https:\/\/www.diresaapurimac.gob.pe\/web\/wp-json\/wp\/v2\/media?parent=8362"}],"wp:term":[{"taxonomy":"category","embeddable":true,"href":"https:\/\/www.diresaapurimac.gob.pe\/web\/wp-json\/wp\/v2\/categories?post=8362"},{"taxonomy":"post_tag","embeddable":true,"href":"https:\/\/www.diresaapurimac.gob.pe\/web\/wp-json\/wp\/v2\/tags?post=8362"}],"curies":[{"name":"wp","href":"https:\/\/api.w.org\/{rel}","templated":true}]}}