{"id":8346,"date":"2024-05-09T09:17:14","date_gmt":"2024-05-09T14:17:14","guid":{"rendered":"https:\/\/www.diresaapurimac.gob.pe\/web\/?p=8346"},"modified":"2024-05-09T09:17:15","modified_gmt":"2024-05-09T14:17:15","slug":"diresa-apurimac-intensifica-acciones-contra-el-dengue-tras-reportarse-primer-caso-autoctono-en-abancay","status":"publish","type":"post","link":"https:\/\/www.diresaapurimac.gob.pe\/web\/noticias\/diresa-apurimac-intensifica-acciones-contra-el-dengue-tras-reportarse-primer-caso-autoctono-en-abancay\/","title":{"rendered":"DIRESA APUR\u00cdMAC INTENSIFICA ACCIONES CONTRA EL DENGUE TRAS REPORTARSE PRIMER CASO AUT\u00d3CTONO EN ABANCAY"},"content":{"rendered":"\n<p class=\"has-text-align-justify\">Tras confirmarse el primer caso aut\u00f3ctono en Apur\u00edmac, el director regional de Salud, Elio Vidal Robles, brind\u00f3 una conferencia de prensa para dar a conocer que se vienen intensificando las acciones para mantener bajo control el dengue e hizo un llamado a todos los sectores de la poblaci\u00f3n a unirse a los trabajos a fin de eliminar los potenciales criaderos del zancudo que transmite la enfermedad.<\/p>\n\n\n\n<p class=\"has-text-align-justify\">Ante la presencia de diversos medios de comunicaci\u00f3n, el titular de la DIRESA Apur\u00edmac inform\u00f3 que a la fecha se han registrado 21 casos importados y uno aut\u00f3ctono de dengue reportado en el sector de San Mart\u00edn, en Abancay, cuyo paciente se encuentra estable gracias a la oportuna atenci\u00f3n recibida por el personal de salud.<\/p>\n\n\n\n<p class=\"has-text-align-justify\">Indic\u00f3 que en el marco de las labores de permanente b\u00fasqueda activa del Aedes aegypti, zancudo que transmite la enfermedad, se ha detectado las zonas de mayor calor por la presencia del vector en Abancay y se trata de los sectores de Patibamba Alta y Baja, Bellavista, Pueblo Joven y San Martin. <\/p>\n\n\n\n<p class=\"has-text-align-justify\">Luego de reportarse el primer contagio originario de dengue, ahora Apur\u00edmac pasa al Escenario 3 que implica el aumento en las medidas preventivas y de control para evitar la propagaci\u00f3n de la enfermedad. Por ello, se ha delineado la estrategia a seguir que abarca desde garantizar la disponibilidad de medicamentos y equipos m\u00e9dicos necesarios, hasta la capacitaci\u00f3n del personal sanitario, agentes comunitarios y la poblaci\u00f3n en general, adem\u00e1s de que los establecimientos de salud a nivel regional se encuentran en alerta permanente.<\/p>\n\n\n\n<p class=\"has-text-align-justify\">\u201cHay que actuar con responsabilidad sin generar alarma a la poblaci\u00f3n. Desde hace m\u00e1s de 60 d\u00edas se vienen realizando actividades de inspecci\u00f3n a viviendas y difusi\u00f3n masiva de mensajes de prevenci\u00f3n y control de la enfermedad, as\u00ed como el seguimiento epidemiol\u00f3gico de los casos probables en la jurisdicci\u00f3n de los establecimientos de salud a nivel regional\u201d, remarc\u00f3 el Dr. Elio Vidal.<\/p>\n\n\n\n<p class=\"has-text-align-justify\">Asimismo, se hace un llamado a la poblaci\u00f3n a estar alerta a los s\u00edntomas del dengue (dolor abdominal intenso, v\u00f3mito constante, sangrados en diversas partes del cuerpo, somnolencia, irritabilidad y un marcado decaimiento). De presentar la sintomatolog\u00eda acudir al establecimiento de salud m\u00e1s cercano, especialmente estar atentos a los grupos vulnerables como gestantes, ni\u00f1os menores de 1 a\u00f1o, adultos mayores de 65 a\u00f1os y personas con enfermedades preexistentes.<\/p>\n\n\n\n<p class=\"has-text-align-justify\">Es necesario se\u00f1alar que el Gobierno Nacional declar\u00f3 en emergencia sanitaria por 90 d\u00edas a 19 departamentos y a la provincia constitucional del Callao por el incremento de casos de dengue. As\u00ed lo establece el Decreto Supremo N\u00ba 004-2024-SA, por lo que se viene realizando las gestiones para que Apur\u00edmac tambi\u00e9n pueda ser considerada en un nuevo dispositivo legal y as\u00ed contar con los recursos necesarios con miras a no rebasar el sistema sanitario con mayor cantidad de casos.<\/p>\n","protected":false},"excerpt":{"rendered":"<p>Tras confirmarse el primer caso aut\u00f3ctono en Apur\u00edmac, el director regional de Salud, Elio Vidal Robles, brind\u00f3 una conferencia de prensa para dar a conocer que se vienen intensificando las acciones para mantener bajo control el dengue e hizo un llamado a todos los sectores de la poblaci\u00f3n a unirse a los trabajos a fin [&hellip;]<\/p>\n","protected":false},"author":3,"featured_media":8347,"comment_status":"closed","ping_status":"closed","sticky":false,"template":"","format":"standard","meta":{"spay_email":"","footnotes":""},"categories":[1],"tags":[],"class_list":["post-8346","post","type-post","status-publish","format-standard","has-post-thumbnail","hentry","category-noticias"],"jetpack_featured_media_url":"https:\/\/i1.wp.com\/www.diresaapurimac.gob.pe\/web\/wp-content\/uploads\/2024\/05\/WhatsApp-Image-2024-05-09-at-9.15.24-AM@@.jpg?fit=1600%2C1066&ssl=1","_links":{"self":[{"href":"https:\/\/www.diresaapurimac.gob.pe\/web\/wp-json\/wp\/v2\/posts\/8346","targetHints":{"allow":["GET"]}}],"collection":[{"href":"https:\/\/www.diresaapurimac.gob.pe\/web\/wp-json\/wp\/v2\/posts"}],"about":[{"href":"https:\/\/www.diresaapurimac.gob.pe\/web\/wp-json\/wp\/v2\/types\/post"}],"author":[{"embeddable":true,"href":"https:\/\/www.diresaapurimac.gob.pe\/web\/wp-json\/wp\/v2\/users\/3"}],"replies":[{"embeddable":true,"href":"https:\/\/www.diresaapurimac.gob.pe\/web\/wp-json\/wp\/v2\/comments?post=8346"}],"version-history":[{"count":1,"href":"https:\/\/www.diresaapurimac.gob.pe\/web\/wp-json\/wp\/v2\/posts\/8346\/revisions"}],"predecessor-version":[{"id":8348,"href":"https:\/\/www.diresaapurimac.gob.pe\/web\/wp-json\/wp\/v2\/posts\/8346\/revisions\/8348"}],"wp:featuredmedia":[{"embeddable":true,"href":"https:\/\/www.diresaapurimac.gob.pe\/web\/wp-json\/wp\/v2\/media\/8347"}],"wp:attachment":[{"href":"https:\/\/www.diresaapurimac.gob.pe\/web\/wp-json\/wp\/v2\/media?parent=8346"}],"wp:term":[{"taxonomy":"category","embeddable":true,"href":"https:\/\/www.diresaapurimac.gob.pe\/web\/wp-json\/wp\/v2\/categories?post=8346"},{"taxonomy":"post_tag","embeddable":true,"href":"https:\/\/www.diresaapurimac.gob.pe\/web\/wp-json\/wp\/v2\/tags?post=8346"}],"curies":[{"name":"wp","href":"https:\/\/api.w.org\/{rel}","templated":true}]}}