{"id":8234,"date":"2024-04-19T09:01:23","date_gmt":"2024-04-19T14:01:23","guid":{"rendered":"https:\/\/www.diresaapurimac.gob.pe\/web\/?p=8234"},"modified":"2024-04-19T09:01:24","modified_gmt":"2024-04-19T14:01:24","slug":"consejo-regional-de-salud-se-consolida-en-apurimac-para-redoblar-esfuerzos-en-mejora-de-indicadores-sanitarios","status":"publish","type":"post","link":"https:\/\/www.diresaapurimac.gob.pe\/web\/noticias\/consejo-regional-de-salud-se-consolida-en-apurimac-para-redoblar-esfuerzos-en-mejora-de-indicadores-sanitarios\/","title":{"rendered":"CONSEJO REGIONAL DE SALUD SE CONSOLIDA EN APUR\u00cdMAC PARA REDOBLAR ESFUERZOS EN MEJORA DE INDICADORES SANITARIOS"},"content":{"rendered":"\n<p class=\"has-text-align-justify\">Con el prop\u00f3sito de fortalecer la articulaci\u00f3n y el trabajo en equipo para atender las necesidades prioritarias del sector, la DIRESA Apur\u00edmac convoc\u00f3 a una nueva reuni\u00f3n de trabajo en el marco del Consejo Regional de Salud a fin de llegar a acuerdos conjuntos orientados a mejorar los indicadores sanitarios y brindar una atenci\u00f3n de calidad a la poblaci\u00f3n.<\/p>\n\n\n\n<p class=\"has-text-align-justify\">El director regional de Salud, Elio Vidal Robles, se encarg\u00f3 de inaugurar el encuentro e hizo un llamado a redoblar esfuerzos en todos los niveles de gobierno para atacar los problemas sanitarios en todas sus facetas, ya que el oportuno servicio y de calidad tiene que llegar al ni\u00f1o, al adolescente y hasta al adulto mayor en Apur\u00edmac.<\/p>\n\n\n\n<p class=\"has-text-align-justify\">Durante la tercera reuni\u00f3n ordinaria del a\u00f1o, los integrantes de dicho grupo de trabajo t\u00e9cnico asumieron compromisos para dar prioridad a la atenci\u00f3n de problemas de salud regional como la anemia y desnutrici\u00f3n cr\u00f3nica infantil, la mortalidad materno perinatal, enfermedades no transmisibles (diabetes, obesidad, hipertensi\u00f3n arterial, entre otros). <\/p>\n\n\n\n<p class=\"has-text-align-justify\">Asimismo, priorizar los trabajos referentes a la exposici\u00f3n a metales pesados, embarazo en adolescentes, salud mental, violencia contra la mujer, enfermedades metax\u00e9nicas y zoon\u00f3ticas (dengue y malaria), as\u00ed como brechas de recursos humanos en establecimientos de salud y adicciones.<\/p>\n\n\n\n<p class=\"has-text-align-justify\">\u201cEs hora de abordar de manera conjunta los problemas regionales que afectan a la salud de la poblaci\u00f3n apurime\u00f1a. Todos los niveles de gobierno, los municipios, el seguro social, las sanidades de las fuerzas armadas y policiales, el sector privado, los colegios profesionales, las universidades, las organizaciones de trabajadores de salud, los usuarios y la sociedad civil estamos llamados a trabajar de la mano para mejorar los indicadores sanitarios\u201d, remarc\u00f3 el Dr. Elio Vidal, en su condici\u00f3n de presidente del Consejo Regional de Salud de Apur\u00edmac.<\/p>\n\n\n\n<p>DATO<br>\nLa jornada de trabajo se realiz\u00f3 en el auditorio institucional de la DIRESA Apur\u00edmac.<\/p>\n","protected":false},"excerpt":{"rendered":"<p>Con el prop\u00f3sito de fortalecer la articulaci\u00f3n y el trabajo en equipo para atender las necesidades prioritarias del sector, la DIRESA Apur\u00edmac convoc\u00f3 a una nueva reuni\u00f3n de trabajo en el marco del Consejo Regional de Salud a fin de llegar a acuerdos conjuntos orientados a mejorar los indicadores sanitarios y brindar una atenci\u00f3n de [&hellip;]<\/p>\n","protected":false},"author":3,"featured_media":8235,"comment_status":"closed","ping_status":"closed","sticky":false,"template":"","format":"standard","meta":{"spay_email":"","footnotes":""},"categories":[1],"tags":[],"class_list":["post-8234","post","type-post","status-publish","format-standard","has-post-thumbnail","hentry","category-noticias"],"jetpack_featured_media_url":"https:\/\/i0.wp.com\/www.diresaapurimac.gob.pe\/web\/wp-content\/uploads\/2024\/04\/WhatsApp-Image-2024-04-19-at-8.55.35-AM@@.jpg?fit=1600%2C907&ssl=1","_links":{"self":[{"href":"https:\/\/www.diresaapurimac.gob.pe\/web\/wp-json\/wp\/v2\/posts\/8234","targetHints":{"allow":["GET"]}}],"collection":[{"href":"https:\/\/www.diresaapurimac.gob.pe\/web\/wp-json\/wp\/v2\/posts"}],"about":[{"href":"https:\/\/www.diresaapurimac.gob.pe\/web\/wp-json\/wp\/v2\/types\/post"}],"author":[{"embeddable":true,"href":"https:\/\/www.diresaapurimac.gob.pe\/web\/wp-json\/wp\/v2\/users\/3"}],"replies":[{"embeddable":true,"href":"https:\/\/www.diresaapurimac.gob.pe\/web\/wp-json\/wp\/v2\/comments?post=8234"}],"version-history":[{"count":1,"href":"https:\/\/www.diresaapurimac.gob.pe\/web\/wp-json\/wp\/v2\/posts\/8234\/revisions"}],"predecessor-version":[{"id":8236,"href":"https:\/\/www.diresaapurimac.gob.pe\/web\/wp-json\/wp\/v2\/posts\/8234\/revisions\/8236"}],"wp:featuredmedia":[{"embeddable":true,"href":"https:\/\/www.diresaapurimac.gob.pe\/web\/wp-json\/wp\/v2\/media\/8235"}],"wp:attachment":[{"href":"https:\/\/www.diresaapurimac.gob.pe\/web\/wp-json\/wp\/v2\/media?parent=8234"}],"wp:term":[{"taxonomy":"category","embeddable":true,"href":"https:\/\/www.diresaapurimac.gob.pe\/web\/wp-json\/wp\/v2\/categories?post=8234"},{"taxonomy":"post_tag","embeddable":true,"href":"https:\/\/www.diresaapurimac.gob.pe\/web\/wp-json\/wp\/v2\/tags?post=8234"}],"curies":[{"name":"wp","href":"https:\/\/api.w.org\/{rel}","templated":true}]}}