{"id":483,"date":"2019-08-14T08:00:40","date_gmt":"2019-08-14T08:00:40","guid":{"rendered":"http:\/\/www.diresaapurimac.gob.pe\/web\/?p=483"},"modified":"2019-08-14T23:45:27","modified_gmt":"2019-08-14T23:45:27","slug":"diresa-apurimac-realizo-lanzamiento-de-sala-situacional-municipal-en-la-capital-chincheros","status":"publish","type":"post","link":"https:\/\/www.diresaapurimac.gob.pe\/web\/noticias\/diresa-apurimac-realizo-lanzamiento-de-sala-situacional-municipal-en-la-capital-chincheros\/","title":{"rendered":"DIRESA Apur\u00edmac, realiz\u00f3 lanzamiento de sala situacional municipal en la capital Chincheros"},"content":{"rendered":"\n<p>En cumplimiento al Plan Regional de Reducci\u00f3n de la Anemia y desnutrici\u00f3n cr\u00f3nica infantil, que impulsa el Gobierno Regional de Apur\u00edmac, el Director Regional de Salud, Mag. Elvyn D\u00edaz Tello, director de la DISA Virgen de Cocharcas Mg. Julio Rosario Gonzales y el Alcalde Provincial de Chincheros, Ing. Nilo Guillermo Najarro Rojas, hicieron el LANZAMIENTO DE LA SALA SITUACIONAL DEL DISTRITO DE CHINCHEROS, en instalaciones de la misma municipalidad.<\/p>\n\n\n\n<p>En sus palabras de bienvenida, el alcalde esta comuna, manifest\u00f3 su compromiso de erradicar la Anemia y la Desnutrici\u00f3n Cr\u00f3nica Infantil en su localidad, y anunci\u00f3 que ha sido aprobado en sesi\u00f3n de consejo municipal un presupuesto adicional de S\/. 60,000 soles para el reforzamiento de la alimentaci\u00f3n en ni\u00f1os escolares de nivel inicial y primaria de su jurisdicci\u00f3n, utilizando productos de la zona. <\/p>\n\n\n\n<p>A su turno, el Director Regional de Salud hizo extensivo el liderazgo del Gobernador Regional Lic. BAltazar LAntar\u00f3n Nu\u00f1ez en este prop\u00f3sito de erradicar la anemia en Apur\u00edmac; del mismo modo, realiz\u00f3 una exposici\u00f3n de los indicadores de salud, resaltando que en estos gr\u00e1ficos muestran el desempe\u00f1o de los programas de salud, y asimismo el nivel de aumento o deserci\u00f3n escolar.<\/p>\n\n\n\n<p>De igual manera muestran las tablas de consumo de agua segura, que es uno de los factores fundamentales para erradicar la anemia, as\u00ed como como la agricultura, entre otros aspectos. <\/p>\n\n\n\n<p>En esta ceremonia tambi\u00e9n estuvieron presentes el teniente alcalde Clive Quintanilla Lloclla, la Jefe del Hospital Chincheros M.C. Ysel Pillaca Palomino, trabajadores municipales y de salud y poblaci\u00f3n en general.<\/p>\n\n\n\n<p>Gesti\u00f3n Territorial es la capacidad de ejecutar acciones y procesos que efect\u00faa la entidad territorial de salud con otros representantes a nivel intersectorial y sectorial, para conseguir la implementaci\u00f3n de un cuidado integral en materia de salud p\u00fablica..<\/p>\n\n\n\n<p>\u00a1Articulaci\u00f3n somos todos s\u00famate!<\/p>\n\n\n\n<p>\u00a1\u00a1Allin kausanapaq!!<\/p>\n","protected":false},"excerpt":{"rendered":"<p>En cumplimiento al Plan Regional de Reducci\u00f3n de la Anemia y desnutrici\u00f3n cr\u00f3nica infantil, que impulsa el Gobierno Regional de Apur\u00edmac, el Director Regional de Salud, Mag. Elvyn D\u00edaz Tello, director de la DISA Virgen de Cocharcas Mg. Julio Rosario Gonzales y el Alcalde Provincial de Chincheros, Ing. Nilo Guillermo Najarro Rojas, hicieron el LANZAMIENTO [&hellip;]<\/p>\n","protected":false},"author":1,"featured_media":443,"comment_status":"closed","ping_status":"open","sticky":false,"template":"","format":"standard","meta":{"spay_email":"","footnotes":""},"categories":[1],"tags":[158,205,97,23,129,81,206],"class_list":["post-483","post","type-post","status-publish","format-standard","has-post-thumbnail","hentry","category-noticias","tag-baltazar-lantaron-nunez","tag-clive-quintanilla-lloclla","tag-director-regional-de-salud-de-apurimac-diresa-apurimac","tag-elvyn-diaz-tello","tag-gobierno-regional-de-apurimac","tag-hospital-de-chincheros","tag-ysel-pillaca-palomino"],"jetpack_featured_media_url":"https:\/\/i1.wp.com\/www.diresaapurimac.gob.pe\/web\/wp-content\/uploads\/2019\/08\/Direcci\u00f3n-Regional-de-Salud-Apur\u00edmac-DIRESA-Apur\u00edmac-Elvyn-D\u00edaz-Tello-57.jpg?fit=1920%2C1080&ssl=1","_links":{"self":[{"href":"https:\/\/www.diresaapurimac.gob.pe\/web\/wp-json\/wp\/v2\/posts\/483","targetHints":{"allow":["GET"]}}],"collection":[{"href":"https:\/\/www.diresaapurimac.gob.pe\/web\/wp-json\/wp\/v2\/posts"}],"about":[{"href":"https:\/\/www.diresaapurimac.gob.pe\/web\/wp-json\/wp\/v2\/types\/post"}],"author":[{"embeddable":true,"href":"https:\/\/www.diresaapurimac.gob.pe\/web\/wp-json\/wp\/v2\/users\/1"}],"replies":[{"embeddable":true,"href":"https:\/\/www.diresaapurimac.gob.pe\/web\/wp-json\/wp\/v2\/comments?post=483"}],"version-history":[{"count":1,"href":"https:\/\/www.diresaapurimac.gob.pe\/web\/wp-json\/wp\/v2\/posts\/483\/revisions"}],"predecessor-version":[{"id":484,"href":"https:\/\/www.diresaapurimac.gob.pe\/web\/wp-json\/wp\/v2\/posts\/483\/revisions\/484"}],"wp:featuredmedia":[{"embeddable":true,"href":"https:\/\/www.diresaapurimac.gob.pe\/web\/wp-json\/wp\/v2\/media\/443"}],"wp:attachment":[{"href":"https:\/\/www.diresaapurimac.gob.pe\/web\/wp-json\/wp\/v2\/media?parent=483"}],"wp:term":[{"taxonomy":"category","embeddable":true,"href":"https:\/\/www.diresaapurimac.gob.pe\/web\/wp-json\/wp\/v2\/categories?post=483"},{"taxonomy":"post_tag","embeddable":true,"href":"https:\/\/www.diresaapurimac.gob.pe\/web\/wp-json\/wp\/v2\/tags?post=483"}],"curies":[{"name":"wp","href":"https:\/\/api.w.org\/{rel}","templated":true}]}}