{"id":481,"date":"2019-08-14T07:57:50","date_gmt":"2019-08-14T07:57:50","guid":{"rendered":"http:\/\/www.diresaapurimac.gob.pe\/web\/?p=481"},"modified":"2019-08-14T23:45:27","modified_gmt":"2019-08-14T23:45:27","slug":"distrito-de-anccohuayllo-uripa-de-la-provincia-de-chincheros-cuenta-con-nueva-sala-situacional-municipal","status":"publish","type":"post","link":"https:\/\/www.diresaapurimac.gob.pe\/web\/noticias\/distrito-de-anccohuayllo-uripa-de-la-provincia-de-chincheros-cuenta-con-nueva-sala-situacional-municipal\/","title":{"rendered":"Distrito de Anccohuayllo Uripa de la provincia de Chincheros cuenta con nueva sala situacional municipal"},"content":{"rendered":"\n<p>Anemia se combate con informaci\u00f3n de salas situacionales. Las l\u00edneas de acci\u00f3n que los equipos de salud vienen promoviendo en el marco de trabajo en Promoci\u00f3n de la Salud, es el fortalecimiento de la Gesti\u00f3n Territorial, que hace referencia al conjunto de procesos y acciones que realiza el ente territorial en salud con otros actores a nivel sectorial e intersectorial para lograr la implementaci\u00f3n de una atenci\u00f3n integral en salud a familias gestantes, ni\u00f1os, ni\u00f1as y dolescentes.<\/p>\n\n\n\n<p>Bajo esta l\u00ednea, el Director Regional de Salud Mag. Elvyn Samuel D\u00edaz Tello, el Alcalde Distrital de Anccohuayllo-Uripa Prof. El\u00ed Edmundo C\u00e1ceres Guti\u00e9rrez y el Director de la DISA Virgen de Cocharcas Mg. Julio Rosario G., hicieron el LANZAMIENTO DE LA SALA SITUACIONAL MUNICIPAL. <\/p>\n\n\n\n<p>El Burgomaestre distrital en sus palabras de bienvenida enfatiz\u00f3 en los esfuerzos de su localidad, regidores y equipo t\u00e9cnico de gesti\u00f3n para lograr una poblaci\u00f3n con cero anemia, al t\u00e9rmino de su intervenci\u00f3n hizo la entrega de unos recordatorios al director general y funcionarios del retrato representativo del distrito de Uripa. <\/p>\n\n\n\n<p>Por su parte el director regional hizo la presentaci\u00f3n de los indicadores de la sala situacional municipal del distrito, que reflejar\u00e1 en la toma de decisiones para la mejora de la salud en Uripa, comprometi\u00f3 visitas m\u00e1s constantes al distrito, a las instituciones educativas y otros sectores para seguir sensibilizando y trabando en esta dif\u00edcil tarea de reducir dr\u00e1sticamente la Anemia en Apur\u00edmac. <\/p>\n\n\n\n<p>Finalmente felicit\u00f3 al alcalde y su antecesor por los logros obtenidos en la lucha contra anemia. <\/p>\n\n\n\n<p>En su intervenci\u00f3n el Blgo. Walter Holgado Jord\u00e1n explic\u00f3 la importancia del consumo de agua potable y segura, resaltando que el agua consumida sin tratar o clorar, es causante de anemia.<\/p>\n\n\n\n<p>\u00a1Articulaci\u00f3n somos todos s\u00famate!<\/p>\n\n\n\n<p>\u00a1\u00a1Allin kausanapaq!!<\/p>\n","protected":false},"excerpt":{"rendered":"<p>Anemia se combate con informaci\u00f3n de salas situacionales. Las l\u00edneas de acci\u00f3n que los equipos de salud vienen promoviendo en el marco de trabajo en Promoci\u00f3n de la Salud, es el fortalecimiento de la Gesti\u00f3n Territorial, que hace referencia al conjunto de procesos y acciones que realiza el ente territorial en salud con otros actores [&hellip;]<\/p>\n","protected":false},"author":1,"featured_media":442,"comment_status":"closed","ping_status":"open","sticky":false,"template":"","format":"standard","meta":{"spay_email":"","footnotes":""},"categories":[1],"tags":[204,97,99,203,23,61],"class_list":["post-481","post","type-post","status-publish","format-standard","has-post-thumbnail","hentry","category-noticias","tag-anccohuayllo-uripa","tag-director-regional-de-salud-de-apurimac-diresa-apurimac","tag-disa-virgen-de-cocharcas-chincheros","tag-eli-edmundo-caceres-gutierrez","tag-elvyn-diaz-tello","tag-walter-holgado-jordan"],"jetpack_featured_media_url":"https:\/\/i2.wp.com\/www.diresaapurimac.gob.pe\/web\/wp-content\/uploads\/2019\/08\/Direcci\u00f3n-Regional-de-Salud-Apur\u00edmac-DIRESA-Apur\u00edmac-Elvyn-D\u00edaz-Tello-56-1.jpg?fit=1920%2C1080&ssl=1","_links":{"self":[{"href":"https:\/\/www.diresaapurimac.gob.pe\/web\/wp-json\/wp\/v2\/posts\/481","targetHints":{"allow":["GET"]}}],"collection":[{"href":"https:\/\/www.diresaapurimac.gob.pe\/web\/wp-json\/wp\/v2\/posts"}],"about":[{"href":"https:\/\/www.diresaapurimac.gob.pe\/web\/wp-json\/wp\/v2\/types\/post"}],"author":[{"embeddable":true,"href":"https:\/\/www.diresaapurimac.gob.pe\/web\/wp-json\/wp\/v2\/users\/1"}],"replies":[{"embeddable":true,"href":"https:\/\/www.diresaapurimac.gob.pe\/web\/wp-json\/wp\/v2\/comments?post=481"}],"version-history":[{"count":1,"href":"https:\/\/www.diresaapurimac.gob.pe\/web\/wp-json\/wp\/v2\/posts\/481\/revisions"}],"predecessor-version":[{"id":482,"href":"https:\/\/www.diresaapurimac.gob.pe\/web\/wp-json\/wp\/v2\/posts\/481\/revisions\/482"}],"wp:featuredmedia":[{"embeddable":true,"href":"https:\/\/www.diresaapurimac.gob.pe\/web\/wp-json\/wp\/v2\/media\/442"}],"wp:attachment":[{"href":"https:\/\/www.diresaapurimac.gob.pe\/web\/wp-json\/wp\/v2\/media?parent=481"}],"wp:term":[{"taxonomy":"category","embeddable":true,"href":"https:\/\/www.diresaapurimac.gob.pe\/web\/wp-json\/wp\/v2\/categories?post=481"},{"taxonomy":"post_tag","embeddable":true,"href":"https:\/\/www.diresaapurimac.gob.pe\/web\/wp-json\/wp\/v2\/tags?post=481"}],"curies":[{"name":"wp","href":"https:\/\/api.w.org\/{rel}","templated":true}]}}