{"id":479,"date":"2019-08-14T07:55:32","date_gmt":"2019-08-14T07:55:32","guid":{"rendered":"http:\/\/www.diresaapurimac.gob.pe\/web\/?p=479"},"modified":"2019-08-14T18:51:01","modified_gmt":"2019-08-14T18:51:01","slug":"concluye-primer-congreso-de-lucha-contra-la-anemia-con-compromisos-de-accion-inmediata","status":"publish","type":"post","link":"https:\/\/www.diresaapurimac.gob.pe\/web\/noticias\/concluye-primer-congreso-de-lucha-contra-la-anemia-con-compromisos-de-accion-inmediata\/","title":{"rendered":"Concluye primer Congreso de Lucha Contra La Anemia con compromisos de acci\u00f3n inmediata"},"content":{"rendered":"\n<p>Actores sociales monitorear\u00e1n l\u00edneas de trabajo trazadas por provincias y distritos.<\/p>\n\n\n\n<p>El primer congreso de lucha contra la anemia concluy\u00f3 con el compromiso multisectorial de todos los actores sociales y las autoridades locales en acciones concretas de lucha contra este flagelo social, lo cual fue refrendado en un acta regional con la firma de todas las autoridades regionales y locales y todos los representantes de cada sector<\/p>\n\n\n\n<p>Luego de dos d\u00edas de trabajo, se concret\u00f3 el compromiso pol\u00edtico de cada uno de los alcaldes distritales y todas las unidades ejecutoras, para visitar cada distrito y provincia con el fin de monitorear la l\u00ednea de trabajo trazada y consensuada en estas dos arduas jornadas. <\/p>\n\n\n\n<p>El Director Regional de Salud Mag. Elvyn D\u00edaz Tello manifest\u00f3 que a esta actividad asistieron 43 distritos, lo cual constituye una fortaleza para el trabajo articulado \u201cEste trabajo se viene impulsando de manera intergubernamental, no queremos que se quede s\u00f3lo en un pacto, debemos ir del discurso a la acci\u00f3n\u201d enfatiz\u00f3. <\/p>\n\n\n\n<p>La Direcci\u00f3n Regional de Salud ha venido impulsando este trabajo de manera constante, a trav\u00e9s de m\u00faltiples actividades desplegadas desde cada una de sus redes de salud y establecimientos, lo cual se concreta hoy con el soporte que brindar\u00e1n los dem\u00e1s sectores comprometidos en con este primer punto de la amplia agenda social apurime\u00f1a..<\/p>\n\n\n\n<p>\u00a1\u00a1Allin kausanapaq!!<\/p>\n","protected":false},"excerpt":{"rendered":"<p>Actores sociales monitorear\u00e1n l\u00edneas de trabajo trazadas por provincias y distritos. El primer congreso de lucha contra la anemia concluy\u00f3 con el compromiso multisectorial de todos los actores sociales y las autoridades locales en acciones concretas de lucha contra este flagelo social, lo cual fue refrendado en un acta regional con la firma de todas [&hellip;]<\/p>\n","protected":false},"author":1,"featured_media":441,"comment_status":"closed","ping_status":"open","sticky":false,"template":"","format":"standard","meta":{"spay_email":"","footnotes":""},"categories":[1],"tags":[158,140,97,23,129,24],"class_list":["post-479","post","type-post","status-publish","format-standard","has-post-thumbnail","hentry","category-noticias","tag-baltazar-lantaron-nunez","tag-cero-anemia-en-apurimac","tag-director-regional-de-salud-de-apurimac-diresa-apurimac","tag-elvyn-diaz-tello","tag-gobierno-regional-de-apurimac","tag-lucha-contra-la-anemia-en-apurimac"],"jetpack_featured_media_url":"https:\/\/i2.wp.com\/www.diresaapurimac.gob.pe\/web\/wp-content\/uploads\/2019\/08\/Direcci\u00f3n-Regional-de-Salud-Apur\u00edmac-DIRESA-Apur\u00edmac-Elvyn-D\u00edaz-Tello-55-1.jpg?fit=960%2C540&ssl=1","_links":{"self":[{"href":"https:\/\/www.diresaapurimac.gob.pe\/web\/wp-json\/wp\/v2\/posts\/479","targetHints":{"allow":["GET"]}}],"collection":[{"href":"https:\/\/www.diresaapurimac.gob.pe\/web\/wp-json\/wp\/v2\/posts"}],"about":[{"href":"https:\/\/www.diresaapurimac.gob.pe\/web\/wp-json\/wp\/v2\/types\/post"}],"author":[{"embeddable":true,"href":"https:\/\/www.diresaapurimac.gob.pe\/web\/wp-json\/wp\/v2\/users\/1"}],"replies":[{"embeddable":true,"href":"https:\/\/www.diresaapurimac.gob.pe\/web\/wp-json\/wp\/v2\/comments?post=479"}],"version-history":[{"count":1,"href":"https:\/\/www.diresaapurimac.gob.pe\/web\/wp-json\/wp\/v2\/posts\/479\/revisions"}],"predecessor-version":[{"id":480,"href":"https:\/\/www.diresaapurimac.gob.pe\/web\/wp-json\/wp\/v2\/posts\/479\/revisions\/480"}],"wp:featuredmedia":[{"embeddable":true,"href":"https:\/\/www.diresaapurimac.gob.pe\/web\/wp-json\/wp\/v2\/media\/441"}],"wp:attachment":[{"href":"https:\/\/www.diresaapurimac.gob.pe\/web\/wp-json\/wp\/v2\/media?parent=479"}],"wp:term":[{"taxonomy":"category","embeddable":true,"href":"https:\/\/www.diresaapurimac.gob.pe\/web\/wp-json\/wp\/v2\/categories?post=479"},{"taxonomy":"post_tag","embeddable":true,"href":"https:\/\/www.diresaapurimac.gob.pe\/web\/wp-json\/wp\/v2\/tags?post=479"}],"curies":[{"name":"wp","href":"https:\/\/api.w.org\/{rel}","templated":true}]}}