{"id":477,"date":"2019-08-14T07:53:48","date_gmt":"2019-08-14T07:53:48","guid":{"rendered":"http:\/\/www.diresaapurimac.gob.pe\/web\/?p=477"},"modified":"2019-08-14T18:51:01","modified_gmt":"2019-08-14T18:51:01","slug":"dely-elizabeth-acosta-vera-asume-cargo-de-directora-de-la-red-de-salud-de-abancay","status":"publish","type":"post","link":"https:\/\/www.diresaapurimac.gob.pe\/web\/noticias\/dely-elizabeth-acosta-vera-asume-cargo-de-directora-de-la-red-de-salud-de-abancay\/","title":{"rendered":"Dely Elizabeth Acosta Vera asume cargo de Directora de la Red de Salud de Abancay"},"content":{"rendered":"\n<p>Director Regional de Salud entreg\u00f3 Resoluci\u00f3n de Designaci\u00f3n de Cargo. El d\u00eda mi\u00e9rcoles martes 12 de marzo del 2019, la Lic. Dely Elizabeth Acosta Vera, tom\u00f3 posesi\u00f3n de cargo como nueva Directora de la Red de Salud de Abancay, en concurrida ceremonia realizada en la sede de la instituci\u00f3n que dirigir\u00e1.<\/p>\n\n\n\n<p>En representaci\u00f3n del Gobernador Regional de Apur\u00edmac, el director Regional de Salud, Mg. Elvyn D\u00edaz Tello, hizo entrega de la Resoluci\u00f3n Regional N\u00b0 067-2019-DG-DIRESA-AP la misma que en su art\u00edculo dos de la parte resolutiva indica designar en el cargo de confianza a la destacada profesional. <\/p>\n\n\n\n<p>En su alocuci\u00f3n el Director Regional de Salud manifest\u00f3 que gestionar en salud no es f\u00e1cil porque lamentablemente el sector salud tiene vac\u00edos legales y administrativos, por lo que tiene que impulsarse la capacidad de gesti\u00f3n. <\/p>\n\n\n\n<p>A pesar de ello a nivel nacional, la regi\u00f3n Apur\u00edmac obtuvo el primer lugar a nivel nacional en disminuci\u00f3n de anemia, vacunaci\u00f3n en menores de 04 a 06 meses y partos institucionales, lo cual responde al esfuerzo conjunto de cada persona que trabaja en cada establecimiento de salud. <\/p>\n\n\n\n<p>Por su parte la Lic. Dely Elizabeth Acosta Vera, manifest\u00f3 es digno reconocer que el recurso humano es la riqueza m\u00e1s grande en toda instituci\u00f3n, y que encaminar\u00e1 su gesti\u00f3n con el compromiso de la parte t\u00e9cnica y administrativa debidamente articuladas.<\/p>\n\n\n\n<p>\u00a1\u00a1Allin kausanapaq!!<br><\/p>\n","protected":false},"excerpt":{"rendered":"<p>Director Regional de Salud entreg\u00f3 Resoluci\u00f3n de Designaci\u00f3n de Cargo. El d\u00eda mi\u00e9rcoles martes 12 de marzo del 2019, la Lic. Dely Elizabeth Acosta Vera, tom\u00f3 posesi\u00f3n de cargo como nueva Directora de la Red de Salud de Abancay, en concurrida ceremonia realizada en la sede de la instituci\u00f3n que dirigir\u00e1. En representaci\u00f3n del Gobernador [&hellip;]<\/p>\n","protected":false},"author":1,"featured_media":440,"comment_status":"closed","ping_status":"open","sticky":false,"template":"","format":"standard","meta":{"spay_email":"","footnotes":""},"categories":[1],"tags":[202,97,23,129,30],"class_list":["post-477","post","type-post","status-publish","format-standard","has-post-thumbnail","hentry","category-noticias","tag-dely-elizabeth-acosta-vera","tag-director-regional-de-salud-de-apurimac-diresa-apurimac","tag-elvyn-diaz-tello","tag-gobierno-regional-de-apurimac","tag-red-de-salud-de-abancay"],"jetpack_featured_media_url":"https:\/\/i2.wp.com\/www.diresaapurimac.gob.pe\/web\/wp-content\/uploads\/2019\/08\/Direcci\u00f3n-Regional-de-Salud-Apur\u00edmac-DIRESA-Apur\u00edmac-Elvyn-D\u00edaz-Tello-54-1.jpg?fit=1920%2C1080&ssl=1","_links":{"self":[{"href":"https:\/\/www.diresaapurimac.gob.pe\/web\/wp-json\/wp\/v2\/posts\/477","targetHints":{"allow":["GET"]}}],"collection":[{"href":"https:\/\/www.diresaapurimac.gob.pe\/web\/wp-json\/wp\/v2\/posts"}],"about":[{"href":"https:\/\/www.diresaapurimac.gob.pe\/web\/wp-json\/wp\/v2\/types\/post"}],"author":[{"embeddable":true,"href":"https:\/\/www.diresaapurimac.gob.pe\/web\/wp-json\/wp\/v2\/users\/1"}],"replies":[{"embeddable":true,"href":"https:\/\/www.diresaapurimac.gob.pe\/web\/wp-json\/wp\/v2\/comments?post=477"}],"version-history":[{"count":1,"href":"https:\/\/www.diresaapurimac.gob.pe\/web\/wp-json\/wp\/v2\/posts\/477\/revisions"}],"predecessor-version":[{"id":478,"href":"https:\/\/www.diresaapurimac.gob.pe\/web\/wp-json\/wp\/v2\/posts\/477\/revisions\/478"}],"wp:featuredmedia":[{"embeddable":true,"href":"https:\/\/www.diresaapurimac.gob.pe\/web\/wp-json\/wp\/v2\/media\/440"}],"wp:attachment":[{"href":"https:\/\/www.diresaapurimac.gob.pe\/web\/wp-json\/wp\/v2\/media?parent=477"}],"wp:term":[{"taxonomy":"category","embeddable":true,"href":"https:\/\/www.diresaapurimac.gob.pe\/web\/wp-json\/wp\/v2\/categories?post=477"},{"taxonomy":"post_tag","embeddable":true,"href":"https:\/\/www.diresaapurimac.gob.pe\/web\/wp-json\/wp\/v2\/tags?post=477"}],"curies":[{"name":"wp","href":"https:\/\/api.w.org\/{rel}","templated":true}]}}