{"id":473,"date":"2019-08-14T07:49:12","date_gmt":"2019-08-14T07:49:12","guid":{"rendered":"http:\/\/www.diresaapurimac.gob.pe\/web\/?p=473"},"modified":"2019-08-14T18:51:01","modified_gmt":"2019-08-14T18:51:01","slug":"diresa-apurimac-realizo-relanzamiento-de-sala-situacional-municipal-en-la-provincia-de-aymaraes","status":"publish","type":"post","link":"https:\/\/www.diresaapurimac.gob.pe\/web\/noticias\/diresa-apurimac-realizo-relanzamiento-de-sala-situacional-municipal-en-la-provincia-de-aymaraes\/","title":{"rendered":"DIRESA Apur\u00edmac realiz\u00f3 relanzamiento de sala situacional municipal en la provincia de Aymaraes"},"content":{"rendered":"\n<p>En el marco de la lucha contra la anemia a nivel regional<\/p>\n\n\n\n<p>Fortaleciendo la Gesti\u00f3n Territorial<\/p>\n\n\n\n<p>Con el objetivo de socializar al personal de salud y autoridades multisectoriales provinciales y distritales en Gesti\u00f3n Territorial, con enfoque en la Primera Infancia en el Marco del Programa de Incentivos 2019, y tomando en consideraci\u00f3n a lo dispuesto en la Ley Org\u00e1nica de Municipalidades donde establece que los gobiernos locales son entidades b\u00e1sicas de la organizaci\u00f3n territorial del Estado; el martes 05 de marzo, a las 13 horas, la Direcci\u00f3n Regional de Salud Apur\u00edmac hizo el Relanzamiento de la Sala Situacional Municipal en la Capital de la Provincia de Aymaraes, Chalhuanca..<\/p>\n\n\n\n<p>La finalidad de este evento es mejorar el fortalecimiento de capacidades de las autoridades y trabajadores de salud, en cumplimiento del Plan Nacional de Control y Reducci\u00f3n de la Anemia Materno Infantil 2017 al 2021. Asimismo la importancia de Sala Situacional Municipal es considerada un espacio f\u00edsico y virtual que muestra indicadores sociales de la provincia y distritos enmarcado en la prevenci\u00f3n, control y reducci\u00f3n de la anemia materna infantil y la Desnutrici\u00f3n Cr\u00f3nica Infantil.<\/p>\n\n\n\n<p>Esta actividad se desarroll\u00f3 en el Auditorio Municipal con la presencia del Gerente Municipal en representaci\u00f3n del Alcalde Aymarino, acompa\u00f1ado de los alcaldes distritales de Lucre, Ihuayllo y Yanaca, y por parte de la DIRESA Apur\u00edmac, el Equipo T\u00e9cnico de la Direcci\u00f3n Ejecutiva de Promoci\u00f3n de la Salud, representado por la Lic. Enf. Magda L\u00f3pez Torres y trabajadores de la Red de Salud Aymaraes.<\/p>\n\n\n\n<p>Esta informaci\u00f3n se representa en tablas gr\u00e1ficas donde se muestra los indicadores de salud para la toma de decisiones de los gobiernos locales y distritales con la participaci\u00f3n multisectorial de autoridades comprometidas con la lucha frontal contra la anemia y la D.C.I.<\/p>\n\n\n\n<p>La DIRESA Apur\u00edmac, tiene programado en diferentes fechas, desarrollar estas actividades en todas las provincias y distritos de la regi\u00f3n dentro de su jurisdicci\u00f3n, de los cuales estaremos dando a conocer a la poblaci\u00f3n apurime\u00f1a.<\/p>\n\n\n\n<p>\u00a1Allin kausanapaq!<\/p>\n","protected":false},"excerpt":{"rendered":"<p>En el marco de la lucha contra la anemia a nivel regional Fortaleciendo la Gesti\u00f3n Territorial Con el objetivo de socializar al personal de salud y autoridades multisectoriales provinciales y distritales en Gesti\u00f3n Territorial, con enfoque en la Primera Infancia en el Marco del Programa de Incentivos 2019, y tomando en consideraci\u00f3n a lo dispuesto [&hellip;]<\/p>\n","protected":false},"author":1,"featured_media":438,"comment_status":"closed","ping_status":"open","sticky":false,"template":"","format":"standard","meta":{"spay_email":"","footnotes":""},"categories":[1],"tags":[198,97,23,196,197,195],"class_list":["post-473","post","type-post","status-publish","format-standard","has-post-thumbnail","hentry","category-noticias","tag-control-y-reduccion-de-la-anemia-materno-infantil","tag-director-regional-de-salud-de-apurimac-diresa-apurimac","tag-elvyn-diaz-tello","tag-marco-del-programa-de-incentivos","tag-primera-infancia-en-apurimac","tag-sala-situacional-municipal"],"jetpack_featured_media_url":"https:\/\/i2.wp.com\/www.diresaapurimac.gob.pe\/web\/wp-content\/uploads\/2019\/08\/Direcci\u00f3n-Regional-de-Salud-Apur\u00edmac-DIRESA-Apur\u00edmac-Elvyn-D\u00edaz-Tello-52-1.jpg?fit=1920%2C1080&ssl=1","_links":{"self":[{"href":"https:\/\/www.diresaapurimac.gob.pe\/web\/wp-json\/wp\/v2\/posts\/473","targetHints":{"allow":["GET"]}}],"collection":[{"href":"https:\/\/www.diresaapurimac.gob.pe\/web\/wp-json\/wp\/v2\/posts"}],"about":[{"href":"https:\/\/www.diresaapurimac.gob.pe\/web\/wp-json\/wp\/v2\/types\/post"}],"author":[{"embeddable":true,"href":"https:\/\/www.diresaapurimac.gob.pe\/web\/wp-json\/wp\/v2\/users\/1"}],"replies":[{"embeddable":true,"href":"https:\/\/www.diresaapurimac.gob.pe\/web\/wp-json\/wp\/v2\/comments?post=473"}],"version-history":[{"count":1,"href":"https:\/\/www.diresaapurimac.gob.pe\/web\/wp-json\/wp\/v2\/posts\/473\/revisions"}],"predecessor-version":[{"id":474,"href":"https:\/\/www.diresaapurimac.gob.pe\/web\/wp-json\/wp\/v2\/posts\/473\/revisions\/474"}],"wp:featuredmedia":[{"embeddable":true,"href":"https:\/\/www.diresaapurimac.gob.pe\/web\/wp-json\/wp\/v2\/media\/438"}],"wp:attachment":[{"href":"https:\/\/www.diresaapurimac.gob.pe\/web\/wp-json\/wp\/v2\/media?parent=473"}],"wp:term":[{"taxonomy":"category","embeddable":true,"href":"https:\/\/www.diresaapurimac.gob.pe\/web\/wp-json\/wp\/v2\/categories?post=473"},{"taxonomy":"post_tag","embeddable":true,"href":"https:\/\/www.diresaapurimac.gob.pe\/web\/wp-json\/wp\/v2\/tags?post=473"}],"curies":[{"name":"wp","href":"https:\/\/api.w.org\/{rel}","templated":true}]}}