{"id":469,"date":"2019-08-14T07:43:52","date_gmt":"2019-08-14T07:43:52","guid":{"rendered":"http:\/\/www.diresaapurimac.gob.pe\/web\/?p=469"},"modified":"2019-08-14T18:51:01","modified_gmt":"2019-08-14T18:51:01","slug":"diresa-apurimac-y-municipalidad-provincial-de-abancay-aliadas-para-las-buenas-practicas-nutritivas","status":"publish","type":"post","link":"https:\/\/www.diresaapurimac.gob.pe\/web\/noticias\/diresa-apurimac-y-municipalidad-provincial-de-abancay-aliadas-para-las-buenas-practicas-nutritivas\/","title":{"rendered":"DIRESA Apur\u00edmac y municipalidad provincial de Abancay aliadas para las buenas pr\u00e1cticas nutritivas"},"content":{"rendered":"\n<p>El 19 de febrero se har\u00e1 sesi\u00f3n demostrativa de platos nutritivos Como una acci\u00f3n para fortalecer la alimentaci\u00f3n saludable en la Regi\u00f3n Apur\u00edmac la Direcci\u00f3n Regional de Salud en coordinaci\u00f3n con la Municipalidad Provincial de Abancay, brind\u00f3 una charla de orientaci\u00f3n nutritiva a m\u00e1s de 200 madres de familia que asistieron al Encuentro de Comedores Populares Productivos del Programa Kawsay (MPA).<\/p>\n\n\n\n<p>La fecha es establecida por el Ministerio de Salud por Resoluci\u00f3n Ministerial N\u00b0 408-medicamentos.<\/p>\n\n\n\n<p>Entre las modalidades de comercio ilegal de medicamentos figuran: los falsificados, adulterados, vencidos, sin registro sanitario, de contrabando, de origen desconocido, sustra\u00eddos de hospitales del Estado.<\/p>\n\n\n\n<p>Esta iniciativa responde a la pol\u00edtica de Gobierno Regional de Apur\u00edmac, Anemia Cero, liderada por el gobernador regional Lic. Baltazar Lantar\u00f3n N\u00fa\u00f1ez y que se traduce en acciones directas de prevenci\u00f3n ejecutadas por la Direcci\u00f3n Regional de Salud DIRESA. <\/p>\n\n\n\n<p>En su alocuci\u00f3n el Mg. Elvyn D\u00edaz Tello, Director Regional de Salud, manifest\u00f3 que del total de ni\u00f1os de la regi\u00f3n Apur\u00edmac 21 mil 439 ni\u00f1os, 11 mil 405 padecen de anemia, y de 35 mil 741 ni\u00f1os, 7 mil 183 tienen desnutrici\u00f3n, por lo cual es necesario que las familias cambien sus h\u00e1bitos alimenticios y aseguren un mayor consumo de hierro en la dieta diaria, sobre todo en los ni\u00f1os menores de 03 a\u00f1os. <\/p>\n\n\n\n<p>El chef profesional Lenin Cahuana Inca, activista del programa Cocina con Causa, comparti\u00f3 con las madres de familia presentes algunas recetas nutritivas con productos naturales de la zona. Habl\u00f3 tambi\u00e9n sobre la urgencia de no generar \u201cbasura alimentaria\u201d y aprovechar cada producto alimenticio al 100%, es decir c\u00e1scaras de frutas e incluso pepas, del lim\u00f3n por ejemplo, que podr\u00edan contener muchos nutrientes beneficiosos para el organismo. <\/p>\n\n\n\n<p>Asimismo la Lic., Yaneth Jara, especialista en nutrici\u00f3n, inst\u00f3 a las madres a cocinar con alimentos como bazo, sangrecita y otros, ya que son las principales fuentes de hierro y brind\u00f3 recomendaciones b\u00e1sicas para el consumo de suplementos como lo micronutrientes, las chispitas nutricionales y el jarabe de hierro, que se reparten en todos los establecimientos de salud de la regi\u00f3n. <\/p>\n\n\n\n<p>El pr\u00f3ximo martes 19 de febrero la DIRESA organizar\u00e1 una sesi\u00f3n demostrativa de algunas recetas con productos nutritivos de la zona, en algunos comedores populares locales para reforzar la cocina variada y nutritiva en las familias abanquinas.<\/p>\n\n\n\n<p>\u00a1Nutrici\u00f3n infantil primer reto a cumplir!<\/p>\n\n\n\n<p>\u00a1Unidos podemos m\u00e1s!<\/p>\n","protected":false},"excerpt":{"rendered":"<p>El 19 de febrero se har\u00e1 sesi\u00f3n demostrativa de platos nutritivos Como una acci\u00f3n para fortalecer la alimentaci\u00f3n saludable en la Regi\u00f3n Apur\u00edmac la Direcci\u00f3n Regional de Salud en coordinaci\u00f3n con la Municipalidad Provincial de Abancay, brind\u00f3 una charla de orientaci\u00f3n nutritiva a m\u00e1s de 200 madres de familia que asistieron al Encuentro de Comedores [&hellip;]<\/p>\n","protected":false},"author":1,"featured_media":436,"comment_status":"closed","ping_status":"open","sticky":false,"template":"","format":"standard","meta":{"spay_email":"","footnotes":""},"categories":[1],"tags":[191,97,21,23,190,49],"class_list":["post-469","post","type-post","status-publish","format-standard","has-post-thumbnail","hentry","category-noticias","tag-comedores-populares-productivos-del-programa-kawsay","tag-director-regional-de-salud-de-apurimac-diresa-apurimac","tag-diresa-apurimac","tag-elvyn-diaz-tello","tag-lenin-cahuana-inca","tag-municipalidad-provincial-de-abancay"],"jetpack_featured_media_url":"https:\/\/i2.wp.com\/www.diresaapurimac.gob.pe\/web\/wp-content\/uploads\/2019\/08\/Direcci\u00f3n-Regional-de-Salud-Apur\u00edmac-DIRESA-Apur\u00edmac-Elvyn-D\u00edaz-Tello-50-1.jpg?fit=1920%2C1080&ssl=1","_links":{"self":[{"href":"https:\/\/www.diresaapurimac.gob.pe\/web\/wp-json\/wp\/v2\/posts\/469","targetHints":{"allow":["GET"]}}],"collection":[{"href":"https:\/\/www.diresaapurimac.gob.pe\/web\/wp-json\/wp\/v2\/posts"}],"about":[{"href":"https:\/\/www.diresaapurimac.gob.pe\/web\/wp-json\/wp\/v2\/types\/post"}],"author":[{"embeddable":true,"href":"https:\/\/www.diresaapurimac.gob.pe\/web\/wp-json\/wp\/v2\/users\/1"}],"replies":[{"embeddable":true,"href":"https:\/\/www.diresaapurimac.gob.pe\/web\/wp-json\/wp\/v2\/comments?post=469"}],"version-history":[{"count":1,"href":"https:\/\/www.diresaapurimac.gob.pe\/web\/wp-json\/wp\/v2\/posts\/469\/revisions"}],"predecessor-version":[{"id":470,"href":"https:\/\/www.diresaapurimac.gob.pe\/web\/wp-json\/wp\/v2\/posts\/469\/revisions\/470"}],"wp:featuredmedia":[{"embeddable":true,"href":"https:\/\/www.diresaapurimac.gob.pe\/web\/wp-json\/wp\/v2\/media\/436"}],"wp:attachment":[{"href":"https:\/\/www.diresaapurimac.gob.pe\/web\/wp-json\/wp\/v2\/media?parent=469"}],"wp:term":[{"taxonomy":"category","embeddable":true,"href":"https:\/\/www.diresaapurimac.gob.pe\/web\/wp-json\/wp\/v2\/categories?post=469"},{"taxonomy":"post_tag","embeddable":true,"href":"https:\/\/www.diresaapurimac.gob.pe\/web\/wp-json\/wp\/v2\/tags?post=469"}],"curies":[{"name":"wp","href":"https:\/\/api.w.org\/{rel}","templated":true}]}}