{"id":463,"date":"2019-08-14T07:35:30","date_gmt":"2019-08-14T07:35:30","guid":{"rendered":"http:\/\/www.diresaapurimac.gob.pe\/web\/?p=463"},"modified":"2019-08-14T18:51:01","modified_gmt":"2019-08-14T18:51:01","slug":"anemia-cero-todos-los-sectores-en-marcha","status":"publish","type":"post","link":"https:\/\/www.diresaapurimac.gob.pe\/web\/noticias\/anemia-cero-todos-los-sectores-en-marcha\/","title":{"rendered":"Anemia cero: todos los sectores en marcha"},"content":{"rendered":"\n<p>El gobierno regional de Apur\u00edmac viene consolidando la articulaci\u00f3n interinstitucional realizando reuniones t\u00e9cnicas a trav\u00e9s de DIRESA, en coordinaci\u00f3n con los Gobiernos Locales desde sus Unidades Locales de Empadronamiento &#8211; ULE y la coordinaci\u00f3n regional del SISFOH; en esta oportunidad se invit\u00f3 a los gestores locales y trabajadores sociales de estas unidades a que lideren el cambio y las iniciativas para la lucha contra la anemia.<\/p>\n\n\n\n<p>A pesar de los magros resultados nacionales en la lucha contra la anemia; Apur\u00edmac lidera el cambio con acciones directas para combatir este flagelo, seg\u00fan ENDES obtuvo el 1er lugar a nivel nacional en la reducci\u00f3n de indicadores de riesgo, lo cual constituye un gran logro y sienta las bases para que todo los sectores y actores impulsemos con mayor ah\u00ednco esfuerzos en la lucha contra este problema de salud p\u00fablica.<\/p>\n\n\n\n<p>\u00a1Allin Kawsanapaq!<\/p>\n","protected":false},"excerpt":{"rendered":"<p>El gobierno regional de Apur\u00edmac viene consolidando la articulaci\u00f3n interinstitucional realizando reuniones t\u00e9cnicas a trav\u00e9s de DIRESA, en coordinaci\u00f3n con los Gobiernos Locales desde sus Unidades Locales de Empadronamiento &#8211; ULE y la coordinaci\u00f3n regional del SISFOH; en esta oportunidad se invit\u00f3 a los gestores locales y trabajadores sociales de estas unidades a que lideren [&hellip;]<\/p>\n","protected":false},"author":1,"featured_media":433,"comment_status":"closed","ping_status":"open","sticky":false,"template":"","format":"standard","meta":{"spay_email":"","footnotes":""},"categories":[1],"tags":[60,23,182,183],"class_list":["post-463","post","type-post","status-publish","format-standard","has-post-thumbnail","hentry","category-noticias","tag-direccion-de-salud-ambiental-de-la-diresa-apurimac","tag-elvyn-diaz-tello","tag-sisfoh","tag-unidades-locales-de-empadronamiento-ule"],"jetpack_featured_media_url":"https:\/\/i0.wp.com\/www.diresaapurimac.gob.pe\/web\/wp-content\/uploads\/2019\/08\/Direcci\u00f3n-Regional-de-Salud-Apur\u00edmac-DIRESA-Apur\u00edmac-Elvyn-D\u00edaz-Tello-47-1.jpg?fit=960%2C540&ssl=1","_links":{"self":[{"href":"https:\/\/www.diresaapurimac.gob.pe\/web\/wp-json\/wp\/v2\/posts\/463","targetHints":{"allow":["GET"]}}],"collection":[{"href":"https:\/\/www.diresaapurimac.gob.pe\/web\/wp-json\/wp\/v2\/posts"}],"about":[{"href":"https:\/\/www.diresaapurimac.gob.pe\/web\/wp-json\/wp\/v2\/types\/post"}],"author":[{"embeddable":true,"href":"https:\/\/www.diresaapurimac.gob.pe\/web\/wp-json\/wp\/v2\/users\/1"}],"replies":[{"embeddable":true,"href":"https:\/\/www.diresaapurimac.gob.pe\/web\/wp-json\/wp\/v2\/comments?post=463"}],"version-history":[{"count":1,"href":"https:\/\/www.diresaapurimac.gob.pe\/web\/wp-json\/wp\/v2\/posts\/463\/revisions"}],"predecessor-version":[{"id":464,"href":"https:\/\/www.diresaapurimac.gob.pe\/web\/wp-json\/wp\/v2\/posts\/463\/revisions\/464"}],"wp:featuredmedia":[{"embeddable":true,"href":"https:\/\/www.diresaapurimac.gob.pe\/web\/wp-json\/wp\/v2\/media\/433"}],"wp:attachment":[{"href":"https:\/\/www.diresaapurimac.gob.pe\/web\/wp-json\/wp\/v2\/media?parent=463"}],"wp:term":[{"taxonomy":"category","embeddable":true,"href":"https:\/\/www.diresaapurimac.gob.pe\/web\/wp-json\/wp\/v2\/categories?post=463"},{"taxonomy":"post_tag","embeddable":true,"href":"https:\/\/www.diresaapurimac.gob.pe\/web\/wp-json\/wp\/v2\/tags?post=463"}],"curies":[{"name":"wp","href":"https:\/\/api.w.org\/{rel}","templated":true}]}}