{"id":453,"date":"2019-08-14T07:25:52","date_gmt":"2019-08-14T07:25:52","guid":{"rendered":"http:\/\/www.diresaapurimac.gob.pe\/web\/?p=453"},"modified":"2019-08-14T18:51:01","modified_gmt":"2019-08-14T18:51:01","slug":"reunion-de-evaluacion-multisectorial-ante-riesgo-de-desastres-naturales","status":"publish","type":"post","link":"https:\/\/www.diresaapurimac.gob.pe\/web\/noticias\/reunion-de-evaluacion-multisectorial-ante-riesgo-de-desastres-naturales\/","title":{"rendered":"Reuni\u00f3n de evaluaci\u00f3n multisectorial ante riesgo de desastres naturales"},"content":{"rendered":"\n<p>Luego de la intervenci\u00f3n multisectorial, as\u00ed como el compromiso del sector salud, para brindar asistencia integral luego de la lamentable tragedia del \u00faltimo domingo en Abancay, el Gobierno Regional de Apur\u00edmac convoc\u00f3 a una reuni\u00f3n multisectorial de evaluaci\u00f3n sobre la situaci\u00f3n actual y posibles riesgos ante desastres que se pudieran suscitar a nivel regional.<\/p>\n\n\n\n<p>En esta reuni\u00f3n estuvieron presentes todas las unidades ejecutoras del GRA por mencionar: Direcci\u00f3n Regional de Salud, Agraria, Educaci\u00f3n, as\u00ed como las autoridades competentes a: Prefectura, Municipalidad Provincial de Andahuaylas, Defensa Civil, Agrorural, SENASA; Midis y Essalud; los cuales comprometieron acciones inmediatas para prevenir cualquier situaci\u00f3n de riesgo en desastres naturales, con mayor \u00e9nfasis en esta temporada de lluvia que actualmente atraviesa toda la regi\u00f3n Apur\u00edmac.<\/p>\n\n\n\n<p>Se consensu\u00f3 que Apur\u00edmac necesita acciones inmediatas a fin de prevenir muertes y da\u00f1os por desastres naturales como lluvias, deslizamiento de tierras, ola de fr\u00edo y nevadas en zonas altas; para lo cual ser\u00e1 necesario en primera instancia, identificar los distritos de la regi\u00f3n Apur\u00edmac m\u00e1s vulnerables de riesgo.&nbsp;<\/p>\n\n\n\n<p>A pesar de existir un trabajo previo de contingencia de riesgos, como el plan elaborado por el sector educaci\u00f3n el 2017, a\u00fan vigente, y la Declaratoria de Emergencia Agraria el pasado 21 de diciembre del 2018; es necesario reforzar estas acciones con informaci\u00f3n actualizada a la fecha y un plan de intervenci\u00f3n a corto, mediano y largo plazo, seg\u00fan indicaron los directivos, la cual es tarea inmediata.<\/p>\n\n\n\n<p>\u00a1La prevenci\u00f3n est\u00e1 en tus manos!<\/p>\n\n\n\n<p>\u00a1Todos unidos para la prevenci\u00f3n de desastres!<\/p>\n","protected":false},"excerpt":{"rendered":"<p>Luego de la intervenci\u00f3n multisectorial, as\u00ed como el compromiso del sector salud, para brindar asistencia integral luego de la lamentable tragedia del \u00faltimo domingo en Abancay, el Gobierno Regional de Apur\u00edmac convoc\u00f3 a una reuni\u00f3n multisectorial de evaluaci\u00f3n sobre la situaci\u00f3n actual y posibles riesgos ante desastres que se pudieran suscitar a nivel regional. En [&hellip;]<\/p>\n","protected":false},"author":1,"featured_media":428,"comment_status":"closed","ping_status":"open","sticky":false,"template":"","format":"standard","meta":{"spay_email":"","footnotes":""},"categories":[1],"tags":[158,172,97,23,171,129,116,170],"class_list":["post-453","post","type-post","status-publish","format-standard","has-post-thumbnail","hentry","category-noticias","tag-baltazar-lantaron-nunez","tag-defensa-civil","tag-director-regional-de-salud-de-apurimac-diresa-apurimac","tag-elvyn-diaz-tello","tag-essalud","tag-gobierno-regional-de-apurimac","tag-ministerio-de-desarrollo-e-inclusion-social-midis","tag-senasa"],"jetpack_featured_media_url":"https:\/\/i0.wp.com\/www.diresaapurimac.gob.pe\/web\/wp-content\/uploads\/2019\/08\/Direcci\u00f3n-Regional-de-Salud-Apur\u00edmac-DIRESA-Apur\u00edmac-Elvyn-D\u00edaz-Tello-42-1.jpg?fit=1920%2C1080&ssl=1","_links":{"self":[{"href":"https:\/\/www.diresaapurimac.gob.pe\/web\/wp-json\/wp\/v2\/posts\/453","targetHints":{"allow":["GET"]}}],"collection":[{"href":"https:\/\/www.diresaapurimac.gob.pe\/web\/wp-json\/wp\/v2\/posts"}],"about":[{"href":"https:\/\/www.diresaapurimac.gob.pe\/web\/wp-json\/wp\/v2\/types\/post"}],"author":[{"embeddable":true,"href":"https:\/\/www.diresaapurimac.gob.pe\/web\/wp-json\/wp\/v2\/users\/1"}],"replies":[{"embeddable":true,"href":"https:\/\/www.diresaapurimac.gob.pe\/web\/wp-json\/wp\/v2\/comments?post=453"}],"version-history":[{"count":1,"href":"https:\/\/www.diresaapurimac.gob.pe\/web\/wp-json\/wp\/v2\/posts\/453\/revisions"}],"predecessor-version":[{"id":454,"href":"https:\/\/www.diresaapurimac.gob.pe\/web\/wp-json\/wp\/v2\/posts\/453\/revisions\/454"}],"wp:featuredmedia":[{"embeddable":true,"href":"https:\/\/www.diresaapurimac.gob.pe\/web\/wp-json\/wp\/v2\/media\/428"}],"wp:attachment":[{"href":"https:\/\/www.diresaapurimac.gob.pe\/web\/wp-json\/wp\/v2\/media?parent=453"}],"wp:term":[{"taxonomy":"category","embeddable":true,"href":"https:\/\/www.diresaapurimac.gob.pe\/web\/wp-json\/wp\/v2\/categories?post=453"},{"taxonomy":"post_tag","embeddable":true,"href":"https:\/\/www.diresaapurimac.gob.pe\/web\/wp-json\/wp\/v2\/tags?post=453"}],"curies":[{"name":"wp","href":"https:\/\/api.w.org\/{rel}","templated":true}]}}