{"id":449,"date":"2019-08-14T07:22:01","date_gmt":"2019-08-14T07:22:01","guid":{"rendered":"http:\/\/www.diresaapurimac.gob.pe\/web\/?p=449"},"modified":"2019-08-14T18:51:01","modified_gmt":"2019-08-14T18:51:01","slug":"designan-nuevo-director-del-hospital-guillermo-diaz-de-la-vega","status":"publish","type":"post","link":"https:\/\/www.diresaapurimac.gob.pe\/web\/noticias\/designan-nuevo-director-del-hospital-guillermo-diaz-de-la-vega\/","title":{"rendered":"Designan nuevo director del Hospital Guillermo D\u00edaz de La Vega"},"content":{"rendered":"\n<p>En ceremonia protocolar, se design\u00f3 al nuevo director del Hospital Regional Guillermo D\u00edaz de la Vega, M\u00e9dico Cirujano Jos\u00e9 Am\u00edlcar \u00c1lvarez Villacorta; con n\u00famero de Resoluci\u00f3n Directoral N\u00b0014-2019-DG-DIRESA-AP, quien a partir de la fecha asume todas las funciones de ley para llevar a adelante las gestiones de dicha entidad.<\/p>\n\n\n\n<p>La ceremonia fue presidida por el Mg. Elvyn D\u00edaz Tello, Director Regional de salud, quien en representaci\u00f3n del Gobernador Regional Prof. Baltazar Lantar\u00f3n N\u00fa\u00f1ez, resalt\u00f3 el compromiso de encaminar todos los pendientes para mejorar la gesti\u00f3n y equipamiento del Hospital Guillermo D\u00edaz de la Vega, a fin de mejorar el servicio de atenci\u00f3n a la poblaci\u00f3n durante la nueva gesti\u00f3n. <\/p>\n\n\n\n<p>Asimismo el M\u00e9dico Cirujano Jos\u00e9 Am\u00edlcar \u00c1lvarez Villacorta, reafirm\u00f3 p\u00fablicamente su vocaci\u00f3n de servicio y enfatiz\u00f3 su compromiso con los sectores m\u00e1s vulnerables, entre ellos los beneficiarios del SIS que constituyen el 95% de los usuarios del primer nosocomio abanquino. <\/p>\n\n\n\n<p>Tambi\u00e9n enfatiz\u00f3 que pondr\u00e1 todo su esfuerzo para finalmente hacer realidad la construcci\u00f3n de la nueva infraestructura, y dar soluciones pr\u00e1cticas para la modernizaci\u00f3n de un centro de hemodi\u00e1lisis, equipo de resonancia magn\u00e9tica, entre otros equipos, indispensables para una atenci\u00f3n de calidad hacia el poblador apurime\u00f1o. <\/p>\n\n\n\n<p>Cabe informar que la ceremonia de posesi\u00f3n de cargo del nuevo director del Hospital cont\u00f3 con la participaci\u00f3n de funcionarios del sector p\u00fablico de la regi\u00f3n apurime\u00f1a y del alcalde provincial de Abancay CPC Guido Chahuaylla Maldonado, quien a su vez dese\u00f3 \u00e9xitos a la nueva gesti\u00f3n. <\/p>\n\n\n\n<p>El acto se desarroll\u00f3 en el Auditorio del M\u00f3dulo Materno Perinatal del Hospital, este 16 de enero del presente a\u00f1o. <\/p>\n\n\n\n<p>\u00a1No paramos! \u00a1Allin kawsanapaq!<br><\/p>\n","protected":false},"excerpt":{"rendered":"<p>En ceremonia protocolar, se design\u00f3 al nuevo director del Hospital Regional Guillermo D\u00edaz de la Vega, M\u00e9dico Cirujano Jos\u00e9 Am\u00edlcar \u00c1lvarez Villacorta; con n\u00famero de Resoluci\u00f3n Directoral N\u00b0014-2019-DG-DIRESA-AP, quien a partir de la fecha asume todas las funciones de ley para llevar a adelante las gestiones de dicha entidad. La ceremonia fue presidida por el [&hellip;]<\/p>\n","protected":false},"author":1,"featured_media":426,"comment_status":"closed","ping_status":"open","sticky":false,"template":"","format":"standard","meta":{"spay_email":"","footnotes":""},"categories":[1],"tags":[158,97,23,155,82,165,166],"class_list":["post-449","post","type-post","status-publish","format-standard","has-post-thumbnail","hentry","category-noticias","tag-baltazar-lantaron-nunez","tag-director-regional-de-salud-de-apurimac-diresa-apurimac","tag-elvyn-diaz-tello","tag-guido-chahuaylla-maldonado","tag-hospital-regional-guillermo-diaz-de-la-vega","tag-jose-amilcar-alvarez-villacorta","tag-seguro-integral-de-salud-sis"],"jetpack_featured_media_url":"https:\/\/i2.wp.com\/www.diresaapurimac.gob.pe\/web\/wp-content\/uploads\/2019\/08\/Direcci\u00f3n-Regional-de-Salud-Apur\u00edmac-DIRESA-Apur\u00edmac-Elvyn-D\u00edaz-Tello-40-1.jpg?fit=1920%2C1080&ssl=1","_links":{"self":[{"href":"https:\/\/www.diresaapurimac.gob.pe\/web\/wp-json\/wp\/v2\/posts\/449","targetHints":{"allow":["GET"]}}],"collection":[{"href":"https:\/\/www.diresaapurimac.gob.pe\/web\/wp-json\/wp\/v2\/posts"}],"about":[{"href":"https:\/\/www.diresaapurimac.gob.pe\/web\/wp-json\/wp\/v2\/types\/post"}],"author":[{"embeddable":true,"href":"https:\/\/www.diresaapurimac.gob.pe\/web\/wp-json\/wp\/v2\/users\/1"}],"replies":[{"embeddable":true,"href":"https:\/\/www.diresaapurimac.gob.pe\/web\/wp-json\/wp\/v2\/comments?post=449"}],"version-history":[{"count":1,"href":"https:\/\/www.diresaapurimac.gob.pe\/web\/wp-json\/wp\/v2\/posts\/449\/revisions"}],"predecessor-version":[{"id":450,"href":"https:\/\/www.diresaapurimac.gob.pe\/web\/wp-json\/wp\/v2\/posts\/449\/revisions\/450"}],"wp:featuredmedia":[{"embeddable":true,"href":"https:\/\/www.diresaapurimac.gob.pe\/web\/wp-json\/wp\/v2\/media\/426"}],"wp:attachment":[{"href":"https:\/\/www.diresaapurimac.gob.pe\/web\/wp-json\/wp\/v2\/media?parent=449"}],"wp:term":[{"taxonomy":"category","embeddable":true,"href":"https:\/\/www.diresaapurimac.gob.pe\/web\/wp-json\/wp\/v2\/categories?post=449"},{"taxonomy":"post_tag","embeddable":true,"href":"https:\/\/www.diresaapurimac.gob.pe\/web\/wp-json\/wp\/v2\/tags?post=449"}],"curies":[{"name":"wp","href":"https:\/\/api.w.org\/{rel}","templated":true}]}}