{"id":445,"date":"2019-08-14T07:18:30","date_gmt":"2019-08-14T07:18:30","guid":{"rendered":"http:\/\/www.diresaapurimac.gob.pe\/web\/?p=445"},"modified":"2019-08-14T18:51:01","modified_gmt":"2019-08-14T18:51:01","slug":"acuerdos-multisectorial-para-abordar-la-lucha-frontal-contra-la-anemia-y-desnutricion-cronica","status":"publish","type":"post","link":"https:\/\/www.diresaapurimac.gob.pe\/web\/noticias\/acuerdos-multisectorial-para-abordar-la-lucha-frontal-contra-la-anemia-y-desnutricion-cronica\/","title":{"rendered":"Acuerdos multisectorial para abordar la lucha frontal contra la anemia y desnutrici\u00f3n cr\u00f3nica"},"content":{"rendered":"\n<p>El Gobernador Regional Prof. Baltazar Lantar\u00f3n N\u00fa\u00f1ez, dispuso definir el Plan de Acci\u00f3n para los 100 primeros d\u00edas de gesti\u00f3n, articulado con todos los sectores; en tal sentido, el 14 de Enero por convocatoria de la Direcci\u00f3n Regional de Salud Apur\u00edmac, se hicieron presentes, la Sub Gerencia de Promoci\u00f3n Social, Direcci\u00f3n Regional de Educaci\u00f3n.<\/p>\n\n\n\n<p>Ambos con su respectivo Equipo T\u00e9cnico, Direcci\u00f3n Regional de Agricultura, Direcci\u00f3n de Agro Rural, Direcci\u00f3n Regional de Producci\u00f3n, Programa Nacional JUNTOS, Ministerio de Desarrollo e Inclusi\u00f3n Social MIDIS; y por parte de la DIRESA, presentes las Direcciones Ejecutivas de Salud de las Personas, Promoci\u00f3n de la Salud, Salud Ambiental e Inteligencia Sanitaria.<\/p>\n\n\n\n<p>Entendiendo que la anemia es una enfermedad multicausal, la DIRESA socializ\u00f3 la situaci\u00f3n actual de la Anemia y Desnutrici\u00f3n Cr\u00f3nica en la Regi\u00f3n Apur\u00edmac, por el cual se acord\u00f3 determinar acciones desde los sectores, que coadyuven a garantizar la Seguridad Alimentaria de manera impostergable y contundente.<\/p>\n\n\n\n<p>Con la predisposici\u00f3n de todos los actores presentes, se concluye la reuni\u00f3n con el compromiso de implementar las acciones efectivas y socializar en pleno, el d\u00eda 18 de enero.<\/p>\n\n\n\n<p>\u00a1Gesti\u00f3n responsable y de resultados!<\/p>\n\n\n\n<p>\u00a1Allin wi\u00f1anapaq!<\/p>\n","protected":false},"excerpt":{"rendered":"<p>El Gobernador Regional Prof. Baltazar Lantar\u00f3n N\u00fa\u00f1ez, dispuso definir el Plan de Acci\u00f3n para los 100 primeros d\u00edas de gesti\u00f3n, articulado con todos los sectores; en tal sentido, el 14 de Enero por convocatoria de la Direcci\u00f3n Regional de Salud Apur\u00edmac, se hicieron presentes, la Sub Gerencia de Promoci\u00f3n Social, Direcci\u00f3n Regional de Educaci\u00f3n. Ambos [&hellip;]<\/p>\n","protected":false},"author":1,"featured_media":424,"comment_status":"closed","ping_status":"open","sticky":false,"template":"","format":"standard","meta":{"spay_email":"","footnotes":""},"categories":[1],"tags":[158,97,23,116,53],"class_list":["post-445","post","type-post","status-publish","format-standard","has-post-thumbnail","hentry","category-noticias","tag-baltazar-lantaron-nunez","tag-director-regional-de-salud-de-apurimac-diresa-apurimac","tag-elvyn-diaz-tello","tag-ministerio-de-desarrollo-e-inclusion-social-midis","tag-programa-juntos"],"jetpack_featured_media_url":"https:\/\/i1.wp.com\/www.diresaapurimac.gob.pe\/web\/wp-content\/uploads\/2019\/08\/Direcci\u00f3n-Regional-de-Salud-Apur\u00edmac-DIRESA-Apur\u00edmac-Elvyn-D\u00edaz-Tello-38-1.jpg?fit=1920%2C1080&ssl=1","_links":{"self":[{"href":"https:\/\/www.diresaapurimac.gob.pe\/web\/wp-json\/wp\/v2\/posts\/445","targetHints":{"allow":["GET"]}}],"collection":[{"href":"https:\/\/www.diresaapurimac.gob.pe\/web\/wp-json\/wp\/v2\/posts"}],"about":[{"href":"https:\/\/www.diresaapurimac.gob.pe\/web\/wp-json\/wp\/v2\/types\/post"}],"author":[{"embeddable":true,"href":"https:\/\/www.diresaapurimac.gob.pe\/web\/wp-json\/wp\/v2\/users\/1"}],"replies":[{"embeddable":true,"href":"https:\/\/www.diresaapurimac.gob.pe\/web\/wp-json\/wp\/v2\/comments?post=445"}],"version-history":[{"count":1,"href":"https:\/\/www.diresaapurimac.gob.pe\/web\/wp-json\/wp\/v2\/posts\/445\/revisions"}],"predecessor-version":[{"id":446,"href":"https:\/\/www.diresaapurimac.gob.pe\/web\/wp-json\/wp\/v2\/posts\/445\/revisions\/446"}],"wp:featuredmedia":[{"embeddable":true,"href":"https:\/\/www.diresaapurimac.gob.pe\/web\/wp-json\/wp\/v2\/media\/424"}],"wp:attachment":[{"href":"https:\/\/www.diresaapurimac.gob.pe\/web\/wp-json\/wp\/v2\/media?parent=445"}],"wp:term":[{"taxonomy":"category","embeddable":true,"href":"https:\/\/www.diresaapurimac.gob.pe\/web\/wp-json\/wp\/v2\/categories?post=445"},{"taxonomy":"post_tag","embeddable":true,"href":"https:\/\/www.diresaapurimac.gob.pe\/web\/wp-json\/wp\/v2\/tags?post=445"}],"curies":[{"name":"wp","href":"https:\/\/api.w.org\/{rel}","templated":true}]}}