{"id":420,"date":"2019-08-14T07:03:16","date_gmt":"2019-08-14T07:03:16","guid":{"rendered":"http:\/\/www.diresaapurimac.gob.pe\/web\/?p=420"},"modified":"2019-08-14T18:51:19","modified_gmt":"2019-08-14T18:51:19","slug":"vigilamos-la-calidad-de-agua-para-el-consumo-humano-la-diresa-apurimac-efectuo-la-evaluacion-especializada-en-la-laguna-de-rontoccocha","status":"publish","type":"post","link":"https:\/\/www.diresaapurimac.gob.pe\/web\/noticias\/vigilamos-la-calidad-de-agua-para-el-consumo-humano-la-diresa-apurimac-efectuo-la-evaluacion-especializada-en-la-laguna-de-rontoccocha\/","title":{"rendered":"Vigilamos la calidad de agua para el consumo humano, la DIRESA Apur\u00edmac, efectu\u00f3 la evaluaci\u00f3n especializada en la Laguna de Rontoccocha"},"content":{"rendered":"\n<p>La Direcci\u00f3n Regional de Salud de Apur\u00edmac, cumple con una Inspecci\u00f3n Especializada al Sistema de Agua Potable SAP, de EMUSAP-Abancay en la laguna de Roncotoccocha, principal fuente de agua para la poblaci\u00f3n abanquina.<\/p>\n\n\n\n<p>Inspecci\u00f3n que se desarroll\u00f3 con la participaci\u00f3n del director regional de salud, Mag. Elvyn D\u00edaz Tello, el director ejecutivo de salud ambiental, Bi\u00f3logo Walter Holgado Jord\u00e1n, el representante de la Superintendencia Nacional de Servicio de Saneamiento SUNASS, Enrique Huam\u00e1n Ayrampo y la responsable de Vigilancia de Calidad de Agua bi\u00f3loga Sheyla Molero Tambraico, as\u00ed como el equipo de la Direcci\u00f3n de Salud Ambiental. <\/p>\n\n\n\n<p>Quienes se constituyeron en el lugar de los hechos, la laguna de Rontoccocha a fin de efectuar dicha acci\u00f3n en el marco de la lucha frontal contra la ANEMIA y Desnutrici\u00f3n Infantil.<\/p>\n\n\n\n<p>En dicha diligencia se cumpli\u00f3 con la: Inspecci\u00f3n ocular de las condiciones sanitarias, toma de muestras de agua para el an\u00e1lisis bacteriol\u00f3gico, parasitol\u00f3gico e hidrobiol\u00f3gico, as\u00ed como la muestra f\u00edsico qu\u00edmico, de metales pesados. <\/p>\n\n\n\n<p>Resultados que ser\u00e1n entregados en un plazo m\u00ednimo de 15 d\u00edas, a fin de tomar los correctivos necesarios, para un adecuado abastecimiento de agua a la poblaci\u00f3n de Abancay. Indicaron representantes de Vigilancia de Agua de la Direcci\u00f3n de Salud Ambiental.<\/p>\n\n\n\n<p>Sobre el particular el titular de la Entidad Mag. Elyn D\u00edaz Tello, manifest\u00f3 que el trabajo de inspecci\u00f3n especializada se cumple, con la finalidad de \u201cEstamos en un contexto que requiere el concurso de cada uno de los actores sociales y debemos hacerlo con toda la convicci\u00f3n y compromiso para mejorar la salud de la poblaci\u00f3n. Buscamos salvaguardar la salud de m\u00e1s del 60% de la poblaci\u00f3n de Abancay, que consume este l\u00edquido vital\u201d.\u00a0<\/p>\n\n\n\n<p>DIRESA\nApur\u00edmac<\/p>\n","protected":false},"excerpt":{"rendered":"<p>La Direcci\u00f3n Regional de Salud de Apur\u00edmac, cumple con una Inspecci\u00f3n Especializada al Sistema de Agua Potable SAP, de EMUSAP-Abancay en la laguna de Roncotoccocha, principal fuente de agua para la poblaci\u00f3n abanquina. Inspecci\u00f3n que se desarroll\u00f3 con la participaci\u00f3n del director regional de salud, Mag. Elvyn D\u00edaz Tello, el director ejecutivo de salud ambiental, [&hellip;]<\/p>\n","protected":false},"author":1,"featured_media":359,"comment_status":"closed","ping_status":"open","sticky":false,"template":"","format":"standard","meta":{"spay_email":"","footnotes":""},"categories":[1],"tags":[159,97,23,161,24,162,160],"class_list":["post-420","post","type-post","status-publish","format-standard","has-post-thumbnail","hentry","category-noticias","tag-direccion-de-salud-ambiental","tag-director-regional-de-salud-de-apurimac-diresa-apurimac","tag-elvyn-diaz-tello","tag-enrique-huaman-ayrampo","tag-lucha-contra-la-anemia-en-apurimac","tag-sheyla-molero-tambraico","tag-superintendencia-nacional-de-servicio-de-saneamiento-sunass"],"jetpack_featured_media_url":"https:\/\/i1.wp.com\/www.diresaapurimac.gob.pe\/web\/wp-content\/uploads\/2019\/08\/Direcci\u00f3n-Regional-de-Salud-Apur\u00edmac-DIRESA-Apur\u00edmac-Elvyn-D\u00edaz-Tello-36.jpg?fit=700%2C389&ssl=1","_links":{"self":[{"href":"https:\/\/www.diresaapurimac.gob.pe\/web\/wp-json\/wp\/v2\/posts\/420","targetHints":{"allow":["GET"]}}],"collection":[{"href":"https:\/\/www.diresaapurimac.gob.pe\/web\/wp-json\/wp\/v2\/posts"}],"about":[{"href":"https:\/\/www.diresaapurimac.gob.pe\/web\/wp-json\/wp\/v2\/types\/post"}],"author":[{"embeddable":true,"href":"https:\/\/www.diresaapurimac.gob.pe\/web\/wp-json\/wp\/v2\/users\/1"}],"replies":[{"embeddable":true,"href":"https:\/\/www.diresaapurimac.gob.pe\/web\/wp-json\/wp\/v2\/comments?post=420"}],"version-history":[{"count":1,"href":"https:\/\/www.diresaapurimac.gob.pe\/web\/wp-json\/wp\/v2\/posts\/420\/revisions"}],"predecessor-version":[{"id":421,"href":"https:\/\/www.diresaapurimac.gob.pe\/web\/wp-json\/wp\/v2\/posts\/420\/revisions\/421"}],"wp:featuredmedia":[{"embeddable":true,"href":"https:\/\/www.diresaapurimac.gob.pe\/web\/wp-json\/wp\/v2\/media\/359"}],"wp:attachment":[{"href":"https:\/\/www.diresaapurimac.gob.pe\/web\/wp-json\/wp\/v2\/media?parent=420"}],"wp:term":[{"taxonomy":"category","embeddable":true,"href":"https:\/\/www.diresaapurimac.gob.pe\/web\/wp-json\/wp\/v2\/categories?post=420"},{"taxonomy":"post_tag","embeddable":true,"href":"https:\/\/www.diresaapurimac.gob.pe\/web\/wp-json\/wp\/v2\/tags?post=420"}],"curies":[{"name":"wp","href":"https:\/\/api.w.org\/{rel}","templated":true}]}}