{"id":336,"date":"2019-08-14T05:03:10","date_gmt":"2019-08-14T05:03:10","guid":{"rendered":"http:\/\/www.diresaapurimac.gob.pe\/web\/?p=336"},"modified":"2019-08-14T18:51:35","modified_gmt":"2019-08-14T18:51:35","slug":"el-domingo-familiar-de-la-salud-mas-de-58-mil-personas-fueron-atendidos-en-la-campana-de-desparasitacion-y-despistaje-de-la-anemia-en-la-region-apurimac","status":"publish","type":"post","link":"https:\/\/www.diresaapurimac.gob.pe\/web\/noticias\/el-domingo-familiar-de-la-salud-mas-de-58-mil-personas-fueron-atendidos-en-la-campana-de-desparasitacion-y-despistaje-de-la-anemia-en-la-region-apurimac\/","title":{"rendered":"El domingo familiar de la salud, m\u00e1s de 58 mil personas fueron atendidos en la campa\u00f1a de desparasitaci\u00f3n y despistaje de la anemia en la regi\u00f3n Apur\u00edmac"},"content":{"rendered":"\n<p>La Direcci\u00f3n Regional de Salud de Apur\u00edmac, a trav\u00e9s de las Redes, Micro redes y establecimientos de Salud de la Regi\u00f3n, representados con sus profesionales de salud, enfermeros, t\u00e9cnicos, m\u00e9dicos y personal administrativo de las diferentes provincias de la Regi\u00f3n Apur\u00edmac, pudieron atender a 58 mil 736 personas en la Campa\u00f1a de Desparasitaci\u00f3n y Despistaje de la Anemia. Actividad efectuada durante el mes de setiembre siendo fortalecida el domingo 30 de setiembre del 2018, de 8 a.m. a 4 p.m.<\/p>\n\n\n\n<p>Las atenciones se desarrollaron en las plazas, parques, ferias dominicales y en los 388 establecimientos de salud, de los diferentes distritos y provincias de la Regi\u00f3n. <\/p>\n\n\n\n<p>Profesionales que cumplieron con la detecci\u00f3n de los casos de anemia de forma temprana en los menores de edad, a quienes se les dio las recomendaciones, para su tratamiento y seguimiento respectivo sobre el caso de la anemia. <\/p>\n\n\n\n<p>En las acciones de desparasitaci\u00f3n \u201cSe cumpli\u00f3 con la administraci\u00f3n gratuita de una pastilla de Mebendazol a cada persona, incluyendo a ni\u00f1os a partir de los 2 a\u00f1os de edad\u201d. Siendo el objetivo de reducir la vulnerabilidad de los peque\u00f1os a padecer, de la anemia y la desnutrici\u00f3n ambos males como consecuencia de los par\u00e1sitos que interfieran con una buena nutrici\u00f3n. <\/p>\n\n\n\n<p>Sobre el particular la Nutricionista Yanett Jara Huayna, Coordinadora Regional del Programa de la Anemia y Desnutrici\u00f3n PAN, de la Diresa Apur\u00edmac, dio a conocer que la campa\u00f1a se cumpli\u00f3 con metas establecidas, logrando importantes resultados con un trabajo conjunto y articulado, mediante el cual se logr\u00f3 m\u00e1s del 60% de lo programado. <\/p>\n\n\n\n<p>A la fecha el reporte de personas atendidas por provincia son: Abancay 8,872, Antabamba 4,500, Aymaraes 2,000, Cotabambas 21,650, Grau 6,000, Chincheros 15,714. Sumando un total de 58 mil 736 ciudadanos atendidos por los profesionales de salud, en la Campa\u00f1a de Lucha Frontal contra la anemia.<\/p>\n\n\n\n<p>DIRESA\nApur\u00edmac<\/p>\n","protected":false},"excerpt":{"rendered":"<p>La Direcci\u00f3n Regional de Salud de Apur\u00edmac, a trav\u00e9s de las Redes, Micro redes y establecimientos de Salud de la Regi\u00f3n, representados con sus profesionales de salud, enfermeros, t\u00e9cnicos, m\u00e9dicos y personal administrativo de las diferentes provincias de la Regi\u00f3n Apur\u00edmac, pudieron atender a 58 mil 736 personas en la Campa\u00f1a de Desparasitaci\u00f3n y Despistaje [&hellip;]<\/p>\n","protected":false},"author":1,"featured_media":310,"comment_status":"closed","ping_status":"open","sticky":false,"template":"","format":"standard","meta":{"spay_email":"","footnotes":""},"categories":[1],"tags":[38,36,39,37,40,21,23,41,92,91],"class_list":["post-336","post","type-post","status-publish","format-standard","has-post-thumbnail","hentry","category-noticias","tag-abancay","tag-antabamba","tag-aymaraes","tag-chincheros","tag-cotabambas","tag-diresa-apurimac","tag-elvyn-diaz-tello","tag-grau","tag-programa-de-la-anemia-y-desnutricion-pan","tag-yanett-jara-huayna"],"jetpack_featured_media_url":"https:\/\/i0.wp.com\/www.diresaapurimac.gob.pe\/web\/wp-content\/uploads\/2019\/08\/Direcci\u00f3n-Regional-de-Salud-Apur\u00edmac-DIRESA-Apur\u00edmac-Elvyn-D\u00edaz-Tello-27.jpg?fit=700%2C389&ssl=1","_links":{"self":[{"href":"https:\/\/www.diresaapurimac.gob.pe\/web\/wp-json\/wp\/v2\/posts\/336","targetHints":{"allow":["GET"]}}],"collection":[{"href":"https:\/\/www.diresaapurimac.gob.pe\/web\/wp-json\/wp\/v2\/posts"}],"about":[{"href":"https:\/\/www.diresaapurimac.gob.pe\/web\/wp-json\/wp\/v2\/types\/post"}],"author":[{"embeddable":true,"href":"https:\/\/www.diresaapurimac.gob.pe\/web\/wp-json\/wp\/v2\/users\/1"}],"replies":[{"embeddable":true,"href":"https:\/\/www.diresaapurimac.gob.pe\/web\/wp-json\/wp\/v2\/comments?post=336"}],"version-history":[{"count":1,"href":"https:\/\/www.diresaapurimac.gob.pe\/web\/wp-json\/wp\/v2\/posts\/336\/revisions"}],"predecessor-version":[{"id":337,"href":"https:\/\/www.diresaapurimac.gob.pe\/web\/wp-json\/wp\/v2\/posts\/336\/revisions\/337"}],"wp:featuredmedia":[{"embeddable":true,"href":"https:\/\/www.diresaapurimac.gob.pe\/web\/wp-json\/wp\/v2\/media\/310"}],"wp:attachment":[{"href":"https:\/\/www.diresaapurimac.gob.pe\/web\/wp-json\/wp\/v2\/media?parent=336"}],"wp:term":[{"taxonomy":"category","embeddable":true,"href":"https:\/\/www.diresaapurimac.gob.pe\/web\/wp-json\/wp\/v2\/categories?post=336"},{"taxonomy":"post_tag","embeddable":true,"href":"https:\/\/www.diresaapurimac.gob.pe\/web\/wp-json\/wp\/v2\/tags?post=336"}],"curies":[{"name":"wp","href":"https:\/\/api.w.org\/{rel}","templated":true}]}}