{"id":2520,"date":"2019-12-19T13:41:22","date_gmt":"2019-12-19T13:41:22","guid":{"rendered":"http:\/\/www.diresaapurimac.gob.pe\/web\/?p=2520"},"modified":"2019-12-19T13:41:25","modified_gmt":"2019-12-19T13:41:25","slug":"segunda-fase-de-capacitacion-grow-se-inicia-con-exito","status":"publish","type":"post","link":"https:\/\/www.diresaapurimac.gob.pe\/web\/noticias\/segunda-fase-de-capacitacion-grow-se-inicia-con-exito\/","title":{"rendered":"Segunda Fase de Capacitaci\u00f3n Grow se inicia con \u00e9xito"},"content":{"rendered":"\n<p>Alianza interinstitucional es estrat\u00e9gica para el cuidado de la salud mental.<\/p>\n\n\n\n<p>Se inici\u00f3 la FASE II del programa de capacitaci\u00f3n GROW con los manuales Enfermedades Concurrentes y Trauma en la Diresa Apur\u00edmac, el curso se llevar\u00e1 a cabo en el auditorio de la DIRESA del 16 al 20 de diciembre.<\/p>\n\n\n\n<p>La sesi\u00f3n de apertura estuvo a cargo del Director General Mg. Claudio Quintana Espinoza, quien a nombre del Gobernador Lic. Baltazar Lantar\u00f3n Nu\u00f1ez de la Regi\u00f3n Apur\u00edmac brind\u00f3 la bienvenida y felicitaci\u00f3n a los facilitadores del nivel central y participantes profesionales de las diferentes especialidades y provincias de la regi\u00f3n.<\/p>\n\n\n\n<p>El Director Regional de Salud se\u00f1al\u00f3 que &#8220;el Proyecto GROW, sigla del Ingl\u00e9s que significa Guiando u orientando la Rehabilitaci\u00f3n de la Mujer con dependencia de drogas legales e ilegales, har\u00e1 que las mujeres y adolescentes busquen ayuda en un establecimiento de salud, ser\u00e1 un servicio con enfoque de g\u00e9nero, toda vez que de todas las mujeres con dependencias, solo el 15 al 20 % acuden a solicitar ayuda. Es m\u00e1s f\u00e1cil que un var\u00f3n busque ayuda en comparaci\u00f3n con una mujer, adem\u00e1s la mujer a\u00fan esta rezagada en un modelo de familia patriarcal y machista con desigualdades de g\u00e9nero&#8221;.<\/p>\n\n\n\n<p>El objetivo es mejorar la salud mental de la mujer y adolescentes mujeres y ha brindado todo su apoyo para continuar con esta fase de la capacitaci\u00f3n, exhortando a los participantes su compromiso y alcanzar los objetivos del programa de capacitaci\u00f3n.<\/p>\n\n\n\n<p>Participaron tambi\u00e9n el Coordinador de Regional de Salud Mental Psiq. Rub\u00e9n Arce Loayza, los Facilitadores Nacionales del Programa GROW Dr. Carlos Ordo\u00f1ez Huaman Psiquiatra Jefe del Departamento de Adicciones del Hospital Hermilio Valdiz\u00e1n, Psic. Betty Pe\u00f1a Tomas, del Hospital San Juan de Lurigancho, Lic. Enf. Mara Chunga More, del Hospital Nacional Dos de Mayo.<\/p>\n\n\n\n<p>Elena Esquiche, Coordinadora del programa GROW de CARE Per\u00fa resumi\u00f3 el prop\u00f3sito de la capacitaci\u00f3n y de los importantes esfuerzos de la Direcci\u00f3n Nacional de Salud Mental del Ministerio de Salud del Per\u00fa, DEVIDA PER\u00da, y el apoyo de la Secci\u00f3n de Asuntos Antinarc\u00f3ticos y Aplicaci\u00f3n de la Ley de la Embajada de Estados Unidos en Per\u00fa para fortalecer las capacidades de los equipos multidisciplinarios de la salud mental en el marco de la\u00a0<a href=\"https:\/\/www.facebook.com\/hashtag\/reformadesaludmental?source=feed_text&amp;epa=HASHTAG&amp;__xts__%5B0%5D=68.ARClgUWG6CLdcwY0OI_fx7BPURz6DZPDoHyQlji_DtvB7Inf-vrL52KfhLvB-WmwsOALzyGS_uru3eIDQ-xpplfUzGg23KOyKXLfnO-OTNwGMCfLXy7V4rH7rlKcKL8kB5A--m5TY9CmJjBcxnAdDSHD_OmI_WQ_X_C7PWYVFptGwgOAON9ktMsCd-wlmE7Wx2LDjg9oXlzhVDa3HZmR3bwTLKFnkqlKxiVN6XhvROPxH1mUk3OJcV3iM1BJA_Wi_qNAhal6ETeH6HiywAs_3tdxQJvwjoTjj9KNcq4JYL9pfP-A-lysT3gt9f7DmqDcXqFJMIJ84ds42d5ks2nCif6jlw&amp;__tn__=%2ANK-R\">#ReformaDeSaludMental<\/a><\/p>\n\n\n\n<p><br><\/p>\n\n\n\n<figure class=\"wp-block-gallery columns-3 is-cropped wp-block-gallery-1 is-layout-flex wp-block-gallery-is-layout-flex\"><ul class=\"blocks-gallery-grid\"><li class=\"blocks-gallery-item\"><figure><img loading=\"lazy\" decoding=\"async\" width=\"960\" height=\"639\" src=\"https:\/\/i2.wp.com\/www.diresaapurimac.gob.pe\/web\/wp-content\/uploads\/2019\/12\/Segunda-Fase-de-Capacitaci\u00f3n-Grow-se-inicia-con-\u00e9xito-14.jpg?resize=960%2C639\" alt=\"\" data-id=\"2534\" data-full-url=\"https:\/\/i2.wp.com\/www.diresaapurimac.gob.pe\/web\/wp-content\/uploads\/2019\/12\/Segunda-Fase-de-Capacitaci\u00f3n-Grow-se-inicia-con-\u00e9xito-14.jpg?resize=960%2C639\" data-link=\"http:\/\/www.diresaapurimac.gob.pe\/web\/?attachment_id=2534\" class=\"wp-image-2534\" srcset=\"https:\/\/i2.wp.com\/www.diresaapurimac.gob.pe\/web\/wp-content\/uploads\/2019\/12\/Segunda-Fase-de-Capacitaci\u00f3n-Grow-se-inicia-con-\u00e9xito-14.jpg?w=960&amp;ssl=1 960w, https:\/\/i2.wp.com\/www.diresaapurimac.gob.pe\/web\/wp-content\/uploads\/2019\/12\/Segunda-Fase-de-Capacitaci\u00f3n-Grow-se-inicia-con-\u00e9xito-14.jpg?resize=300%2C200&amp;ssl=1 300w, https:\/\/i2.wp.com\/www.diresaapurimac.gob.pe\/web\/wp-content\/uploads\/2019\/12\/Segunda-Fase-de-Capacitaci\u00f3n-Grow-se-inicia-con-\u00e9xito-14.jpg?resize=768%2C511&amp;ssl=1 768w\" sizes=\"auto, (max-width: 960px) 100vw, 960px\" data-recalc-dims=\"1\" \/><\/figure><\/li><li class=\"blocks-gallery-item\"><figure><img loading=\"lazy\" decoding=\"async\" width=\"960\" height=\"640\" src=\"https:\/\/i0.wp.com\/www.diresaapurimac.gob.pe\/web\/wp-content\/uploads\/2019\/12\/Segunda-Fase-de-Capacitaci\u00f3n-Grow-se-inicia-con-\u00e9xito-13.jpg?resize=960%2C640\" alt=\"\" data-id=\"2533\" data-full-url=\"https:\/\/i0.wp.com\/www.diresaapurimac.gob.pe\/web\/wp-content\/uploads\/2019\/12\/Segunda-Fase-de-Capacitaci\u00f3n-Grow-se-inicia-con-\u00e9xito-13.jpg?resize=960%2C640\" data-link=\"http:\/\/www.diresaapurimac.gob.pe\/web\/?attachment_id=2533\" class=\"wp-image-2533\" srcset=\"https:\/\/i0.wp.com\/www.diresaapurimac.gob.pe\/web\/wp-content\/uploads\/2019\/12\/Segunda-Fase-de-Capacitaci\u00f3n-Grow-se-inicia-con-\u00e9xito-13.jpg?w=960&amp;ssl=1 960w, https:\/\/i0.wp.com\/www.diresaapurimac.gob.pe\/web\/wp-content\/uploads\/2019\/12\/Segunda-Fase-de-Capacitaci\u00f3n-Grow-se-inicia-con-\u00e9xito-13.jpg?resize=300%2C200&amp;ssl=1 300w, https:\/\/i0.wp.com\/www.diresaapurimac.gob.pe\/web\/wp-content\/uploads\/2019\/12\/Segunda-Fase-de-Capacitaci\u00f3n-Grow-se-inicia-con-\u00e9xito-13.jpg?resize=768%2C512&amp;ssl=1 768w\" sizes=\"auto, (max-width: 960px) 100vw, 960px\" data-recalc-dims=\"1\" \/><\/figure><\/li><li class=\"blocks-gallery-item\"><figure><img loading=\"lazy\" decoding=\"async\" width=\"960\" height=\"639\" src=\"https:\/\/i1.wp.com\/www.diresaapurimac.gob.pe\/web\/wp-content\/uploads\/2019\/12\/Segunda-Fase-de-Capacitaci\u00f3n-Grow-se-inicia-con-\u00e9xito-12.jpg?resize=960%2C639\" alt=\"\" data-id=\"2532\" data-full-url=\"https:\/\/i1.wp.com\/www.diresaapurimac.gob.pe\/web\/wp-content\/uploads\/2019\/12\/Segunda-Fase-de-Capacitaci\u00f3n-Grow-se-inicia-con-\u00e9xito-12.jpg?resize=960%2C639\" data-link=\"http:\/\/www.diresaapurimac.gob.pe\/web\/?attachment_id=2532\" class=\"wp-image-2532\" srcset=\"https:\/\/i1.wp.com\/www.diresaapurimac.gob.pe\/web\/wp-content\/uploads\/2019\/12\/Segunda-Fase-de-Capacitaci\u00f3n-Grow-se-inicia-con-\u00e9xito-12.jpg?w=960&amp;ssl=1 960w, https:\/\/i1.wp.com\/www.diresaapurimac.gob.pe\/web\/wp-content\/uploads\/2019\/12\/Segunda-Fase-de-Capacitaci\u00f3n-Grow-se-inicia-con-\u00e9xito-12.jpg?resize=300%2C200&amp;ssl=1 300w, https:\/\/i1.wp.com\/www.diresaapurimac.gob.pe\/web\/wp-content\/uploads\/2019\/12\/Segunda-Fase-de-Capacitaci\u00f3n-Grow-se-inicia-con-\u00e9xito-12.jpg?resize=768%2C511&amp;ssl=1 768w\" sizes=\"auto, (max-width: 960px) 100vw, 960px\" data-recalc-dims=\"1\" \/><\/figure><\/li><li class=\"blocks-gallery-item\"><figure><img loading=\"lazy\" decoding=\"async\" width=\"960\" height=\"639\" src=\"https:\/\/i2.wp.com\/www.diresaapurimac.gob.pe\/web\/wp-content\/uploads\/2019\/12\/Segunda-Fase-de-Capacitaci\u00f3n-Grow-se-inicia-con-\u00e9xito-11.jpg?resize=960%2C639\" alt=\"\" data-id=\"2531\" data-full-url=\"https:\/\/i2.wp.com\/www.diresaapurimac.gob.pe\/web\/wp-content\/uploads\/2019\/12\/Segunda-Fase-de-Capacitaci\u00f3n-Grow-se-inicia-con-\u00e9xito-11.jpg?resize=960%2C639\" data-link=\"http:\/\/www.diresaapurimac.gob.pe\/web\/?attachment_id=2531\" class=\"wp-image-2531\" srcset=\"https:\/\/i2.wp.com\/www.diresaapurimac.gob.pe\/web\/wp-content\/uploads\/2019\/12\/Segunda-Fase-de-Capacitaci\u00f3n-Grow-se-inicia-con-\u00e9xito-11.jpg?w=960&amp;ssl=1 960w, https:\/\/i2.wp.com\/www.diresaapurimac.gob.pe\/web\/wp-content\/uploads\/2019\/12\/Segunda-Fase-de-Capacitaci\u00f3n-Grow-se-inicia-con-\u00e9xito-11.jpg?resize=300%2C200&amp;ssl=1 300w, https:\/\/i2.wp.com\/www.diresaapurimac.gob.pe\/web\/wp-content\/uploads\/2019\/12\/Segunda-Fase-de-Capacitaci\u00f3n-Grow-se-inicia-con-\u00e9xito-11.jpg?resize=768%2C511&amp;ssl=1 768w\" sizes=\"auto, (max-width: 960px) 100vw, 960px\" data-recalc-dims=\"1\" \/><\/figure><\/li><li class=\"blocks-gallery-item\"><figure><img loading=\"lazy\" decoding=\"async\" width=\"960\" height=\"639\" src=\"https:\/\/i0.wp.com\/www.diresaapurimac.gob.pe\/web\/wp-content\/uploads\/2019\/12\/Segunda-Fase-de-Capacitaci\u00f3n-Grow-se-inicia-con-\u00e9xito-10.jpg?resize=960%2C639\" alt=\"\" data-id=\"2530\" data-full-url=\"https:\/\/i0.wp.com\/www.diresaapurimac.gob.pe\/web\/wp-content\/uploads\/2019\/12\/Segunda-Fase-de-Capacitaci\u00f3n-Grow-se-inicia-con-\u00e9xito-10.jpg?resize=960%2C639\" data-link=\"http:\/\/www.diresaapurimac.gob.pe\/web\/?attachment_id=2530\" class=\"wp-image-2530\" srcset=\"https:\/\/i0.wp.com\/www.diresaapurimac.gob.pe\/web\/wp-content\/uploads\/2019\/12\/Segunda-Fase-de-Capacitaci\u00f3n-Grow-se-inicia-con-\u00e9xito-10.jpg?w=960&amp;ssl=1 960w, https:\/\/i0.wp.com\/www.diresaapurimac.gob.pe\/web\/wp-content\/uploads\/2019\/12\/Segunda-Fase-de-Capacitaci\u00f3n-Grow-se-inicia-con-\u00e9xito-10.jpg?resize=300%2C200&amp;ssl=1 300w, https:\/\/i0.wp.com\/www.diresaapurimac.gob.pe\/web\/wp-content\/uploads\/2019\/12\/Segunda-Fase-de-Capacitaci\u00f3n-Grow-se-inicia-con-\u00e9xito-10.jpg?resize=768%2C511&amp;ssl=1 768w\" sizes=\"auto, (max-width: 960px) 100vw, 960px\" data-recalc-dims=\"1\" \/><\/figure><\/li><li class=\"blocks-gallery-item\"><figure><img loading=\"lazy\" decoding=\"async\" width=\"960\" height=\"639\" src=\"https:\/\/i1.wp.com\/www.diresaapurimac.gob.pe\/web\/wp-content\/uploads\/2019\/12\/Segunda-Fase-de-Capacitaci\u00f3n-Grow-se-inicia-con-\u00e9xito-5.jpg?resize=960%2C639\" alt=\"\" data-id=\"2525\" data-full-url=\"https:\/\/i1.wp.com\/www.diresaapurimac.gob.pe\/web\/wp-content\/uploads\/2019\/12\/Segunda-Fase-de-Capacitaci\u00f3n-Grow-se-inicia-con-\u00e9xito-5.jpg?resize=960%2C639\" data-link=\"http:\/\/www.diresaapurimac.gob.pe\/web\/?attachment_id=2525\" class=\"wp-image-2525\" srcset=\"https:\/\/i1.wp.com\/www.diresaapurimac.gob.pe\/web\/wp-content\/uploads\/2019\/12\/Segunda-Fase-de-Capacitaci\u00f3n-Grow-se-inicia-con-\u00e9xito-5.jpg?w=960&amp;ssl=1 960w, https:\/\/i1.wp.com\/www.diresaapurimac.gob.pe\/web\/wp-content\/uploads\/2019\/12\/Segunda-Fase-de-Capacitaci\u00f3n-Grow-se-inicia-con-\u00e9xito-5.jpg?resize=300%2C200&amp;ssl=1 300w, https:\/\/i1.wp.com\/www.diresaapurimac.gob.pe\/web\/wp-content\/uploads\/2019\/12\/Segunda-Fase-de-Capacitaci\u00f3n-Grow-se-inicia-con-\u00e9xito-5.jpg?resize=768%2C511&amp;ssl=1 768w\" sizes=\"auto, (max-width: 960px) 100vw, 960px\" data-recalc-dims=\"1\" \/><\/figure><\/li><li class=\"blocks-gallery-item\"><figure><img loading=\"lazy\" decoding=\"async\" width=\"960\" height=\"640\" src=\"https:\/\/i2.wp.com\/www.diresaapurimac.gob.pe\/web\/wp-content\/uploads\/2019\/12\/Segunda-Fase-de-Capacitaci\u00f3n-Grow-se-inicia-con-\u00e9xito-6.jpg?resize=960%2C640\" alt=\"\" data-id=\"2526\" data-full-url=\"https:\/\/i2.wp.com\/www.diresaapurimac.gob.pe\/web\/wp-content\/uploads\/2019\/12\/Segunda-Fase-de-Capacitaci\u00f3n-Grow-se-inicia-con-\u00e9xito-6.jpg?resize=960%2C640\" data-link=\"http:\/\/www.diresaapurimac.gob.pe\/web\/?attachment_id=2526\" class=\"wp-image-2526\" srcset=\"https:\/\/i2.wp.com\/www.diresaapurimac.gob.pe\/web\/wp-content\/uploads\/2019\/12\/Segunda-Fase-de-Capacitaci\u00f3n-Grow-se-inicia-con-\u00e9xito-6.jpg?w=960&amp;ssl=1 960w, https:\/\/i2.wp.com\/www.diresaapurimac.gob.pe\/web\/wp-content\/uploads\/2019\/12\/Segunda-Fase-de-Capacitaci\u00f3n-Grow-se-inicia-con-\u00e9xito-6.jpg?resize=300%2C200&amp;ssl=1 300w, https:\/\/i2.wp.com\/www.diresaapurimac.gob.pe\/web\/wp-content\/uploads\/2019\/12\/Segunda-Fase-de-Capacitaci\u00f3n-Grow-se-inicia-con-\u00e9xito-6.jpg?resize=768%2C512&amp;ssl=1 768w\" sizes=\"auto, (max-width: 960px) 100vw, 960px\" data-recalc-dims=\"1\" \/><\/figure><\/li><li class=\"blocks-gallery-item\"><figure><img loading=\"lazy\" decoding=\"async\" width=\"960\" height=\"640\" src=\"https:\/\/i1.wp.com\/www.diresaapurimac.gob.pe\/web\/wp-content\/uploads\/2019\/12\/Segunda-Fase-de-Capacitaci\u00f3n-Grow-se-inicia-con-\u00e9xito-7.jpg?resize=960%2C640\" alt=\"\" data-id=\"2527\" data-full-url=\"https:\/\/i1.wp.com\/www.diresaapurimac.gob.pe\/web\/wp-content\/uploads\/2019\/12\/Segunda-Fase-de-Capacitaci\u00f3n-Grow-se-inicia-con-\u00e9xito-7.jpg?resize=960%2C640\" data-link=\"http:\/\/www.diresaapurimac.gob.pe\/web\/?attachment_id=2527\" class=\"wp-image-2527\" srcset=\"https:\/\/i1.wp.com\/www.diresaapurimac.gob.pe\/web\/wp-content\/uploads\/2019\/12\/Segunda-Fase-de-Capacitaci\u00f3n-Grow-se-inicia-con-\u00e9xito-7.jpg?w=960&amp;ssl=1 960w, https:\/\/i1.wp.com\/www.diresaapurimac.gob.pe\/web\/wp-content\/uploads\/2019\/12\/Segunda-Fase-de-Capacitaci\u00f3n-Grow-se-inicia-con-\u00e9xito-7.jpg?resize=300%2C200&amp;ssl=1 300w, https:\/\/i1.wp.com\/www.diresaapurimac.gob.pe\/web\/wp-content\/uploads\/2019\/12\/Segunda-Fase-de-Capacitaci\u00f3n-Grow-se-inicia-con-\u00e9xito-7.jpg?resize=768%2C512&amp;ssl=1 768w\" sizes=\"auto, (max-width: 960px) 100vw, 960px\" data-recalc-dims=\"1\" \/><\/figure><\/li><li class=\"blocks-gallery-item\"><figure><img loading=\"lazy\" decoding=\"async\" width=\"960\" height=\"639\" src=\"https:\/\/i1.wp.com\/www.diresaapurimac.gob.pe\/web\/wp-content\/uploads\/2019\/12\/Segunda-Fase-de-Capacitaci\u00f3n-Grow-se-inicia-con-\u00e9xito-8.jpg?resize=960%2C639\" alt=\"\" data-id=\"2528\" data-full-url=\"https:\/\/i1.wp.com\/www.diresaapurimac.gob.pe\/web\/wp-content\/uploads\/2019\/12\/Segunda-Fase-de-Capacitaci\u00f3n-Grow-se-inicia-con-\u00e9xito-8.jpg?resize=960%2C639\" data-link=\"http:\/\/www.diresaapurimac.gob.pe\/web\/?attachment_id=2528\" class=\"wp-image-2528\" srcset=\"https:\/\/i1.wp.com\/www.diresaapurimac.gob.pe\/web\/wp-content\/uploads\/2019\/12\/Segunda-Fase-de-Capacitaci\u00f3n-Grow-se-inicia-con-\u00e9xito-8.jpg?w=960&amp;ssl=1 960w, https:\/\/i1.wp.com\/www.diresaapurimac.gob.pe\/web\/wp-content\/uploads\/2019\/12\/Segunda-Fase-de-Capacitaci\u00f3n-Grow-se-inicia-con-\u00e9xito-8.jpg?resize=300%2C200&amp;ssl=1 300w, https:\/\/i1.wp.com\/www.diresaapurimac.gob.pe\/web\/wp-content\/uploads\/2019\/12\/Segunda-Fase-de-Capacitaci\u00f3n-Grow-se-inicia-con-\u00e9xito-8.jpg?resize=768%2C511&amp;ssl=1 768w\" sizes=\"auto, (max-width: 960px) 100vw, 960px\" data-recalc-dims=\"1\" \/><\/figure><\/li><li class=\"blocks-gallery-item\"><figure><img loading=\"lazy\" decoding=\"async\" width=\"960\" height=\"639\" src=\"https:\/\/i2.wp.com\/www.diresaapurimac.gob.pe\/web\/wp-content\/uploads\/2019\/12\/Segunda-Fase-de-Capacitaci\u00f3n-Grow-se-inicia-con-\u00e9xito-9.jpg?resize=960%2C639\" alt=\"\" data-id=\"2529\" data-full-url=\"https:\/\/i2.wp.com\/www.diresaapurimac.gob.pe\/web\/wp-content\/uploads\/2019\/12\/Segunda-Fase-de-Capacitaci\u00f3n-Grow-se-inicia-con-\u00e9xito-9.jpg?resize=960%2C639\" data-link=\"http:\/\/www.diresaapurimac.gob.pe\/web\/?attachment_id=2529\" class=\"wp-image-2529\" srcset=\"https:\/\/i2.wp.com\/www.diresaapurimac.gob.pe\/web\/wp-content\/uploads\/2019\/12\/Segunda-Fase-de-Capacitaci\u00f3n-Grow-se-inicia-con-\u00e9xito-9.jpg?w=960&amp;ssl=1 960w, https:\/\/i2.wp.com\/www.diresaapurimac.gob.pe\/web\/wp-content\/uploads\/2019\/12\/Segunda-Fase-de-Capacitaci\u00f3n-Grow-se-inicia-con-\u00e9xito-9.jpg?resize=300%2C200&amp;ssl=1 300w, https:\/\/i2.wp.com\/www.diresaapurimac.gob.pe\/web\/wp-content\/uploads\/2019\/12\/Segunda-Fase-de-Capacitaci\u00f3n-Grow-se-inicia-con-\u00e9xito-9.jpg?resize=768%2C511&amp;ssl=1 768w\" sizes=\"auto, (max-width: 960px) 100vw, 960px\" data-recalc-dims=\"1\" \/><\/figure><\/li><li class=\"blocks-gallery-item\"><figure><img loading=\"lazy\" decoding=\"async\" width=\"960\" height=\"640\" src=\"https:\/\/i2.wp.com\/www.diresaapurimac.gob.pe\/web\/wp-content\/uploads\/2019\/12\/Segunda-Fase-de-Capacitaci\u00f3n-Grow-se-inicia-con-\u00e9xito-4.jpg?resize=960%2C640\" alt=\"\" data-id=\"2524\" data-full-url=\"https:\/\/i2.wp.com\/www.diresaapurimac.gob.pe\/web\/wp-content\/uploads\/2019\/12\/Segunda-Fase-de-Capacitaci\u00f3n-Grow-se-inicia-con-\u00e9xito-4.jpg?resize=960%2C640\" data-link=\"http:\/\/www.diresaapurimac.gob.pe\/web\/?attachment_id=2524\" class=\"wp-image-2524\" srcset=\"https:\/\/i2.wp.com\/www.diresaapurimac.gob.pe\/web\/wp-content\/uploads\/2019\/12\/Segunda-Fase-de-Capacitaci\u00f3n-Grow-se-inicia-con-\u00e9xito-4.jpg?w=960&amp;ssl=1 960w, https:\/\/i2.wp.com\/www.diresaapurimac.gob.pe\/web\/wp-content\/uploads\/2019\/12\/Segunda-Fase-de-Capacitaci\u00f3n-Grow-se-inicia-con-\u00e9xito-4.jpg?resize=300%2C200&amp;ssl=1 300w, https:\/\/i2.wp.com\/www.diresaapurimac.gob.pe\/web\/wp-content\/uploads\/2019\/12\/Segunda-Fase-de-Capacitaci\u00f3n-Grow-se-inicia-con-\u00e9xito-4.jpg?resize=768%2C512&amp;ssl=1 768w\" sizes=\"auto, (max-width: 960px) 100vw, 960px\" data-recalc-dims=\"1\" \/><\/figure><\/li><li class=\"blocks-gallery-item\"><figure><img loading=\"lazy\" decoding=\"async\" width=\"960\" height=\"639\" src=\"https:\/\/i2.wp.com\/www.diresaapurimac.gob.pe\/web\/wp-content\/uploads\/2019\/12\/Segunda-Fase-de-Capacitaci\u00f3n-Grow-se-inicia-con-\u00e9xito-3.jpg?resize=960%2C639\" alt=\"\" data-id=\"2523\" data-full-url=\"https:\/\/i2.wp.com\/www.diresaapurimac.gob.pe\/web\/wp-content\/uploads\/2019\/12\/Segunda-Fase-de-Capacitaci\u00f3n-Grow-se-inicia-con-\u00e9xito-3.jpg?resize=960%2C639\" data-link=\"http:\/\/www.diresaapurimac.gob.pe\/web\/?attachment_id=2523\" class=\"wp-image-2523\" srcset=\"https:\/\/i2.wp.com\/www.diresaapurimac.gob.pe\/web\/wp-content\/uploads\/2019\/12\/Segunda-Fase-de-Capacitaci\u00f3n-Grow-se-inicia-con-\u00e9xito-3.jpg?w=960&amp;ssl=1 960w, https:\/\/i2.wp.com\/www.diresaapurimac.gob.pe\/web\/wp-content\/uploads\/2019\/12\/Segunda-Fase-de-Capacitaci\u00f3n-Grow-se-inicia-con-\u00e9xito-3.jpg?resize=300%2C200&amp;ssl=1 300w, https:\/\/i2.wp.com\/www.diresaapurimac.gob.pe\/web\/wp-content\/uploads\/2019\/12\/Segunda-Fase-de-Capacitaci\u00f3n-Grow-se-inicia-con-\u00e9xito-3.jpg?resize=768%2C511&amp;ssl=1 768w\" sizes=\"auto, (max-width: 960px) 100vw, 960px\" data-recalc-dims=\"1\" \/><\/figure><\/li><li class=\"blocks-gallery-item\"><figure><img loading=\"lazy\" decoding=\"async\" width=\"960\" height=\"640\" src=\"https:\/\/i2.wp.com\/www.diresaapurimac.gob.pe\/web\/wp-content\/uploads\/2019\/12\/Segunda-Fase-de-Capacitaci\u00f3n-Grow-se-inicia-con-\u00e9xito-2.jpg?resize=960%2C640\" alt=\"\" data-id=\"2522\" data-full-url=\"https:\/\/i2.wp.com\/www.diresaapurimac.gob.pe\/web\/wp-content\/uploads\/2019\/12\/Segunda-Fase-de-Capacitaci\u00f3n-Grow-se-inicia-con-\u00e9xito-2.jpg?resize=960%2C640\" data-link=\"http:\/\/www.diresaapurimac.gob.pe\/web\/?attachment_id=2522\" class=\"wp-image-2522\" srcset=\"https:\/\/i2.wp.com\/www.diresaapurimac.gob.pe\/web\/wp-content\/uploads\/2019\/12\/Segunda-Fase-de-Capacitaci\u00f3n-Grow-se-inicia-con-\u00e9xito-2.jpg?w=960&amp;ssl=1 960w, https:\/\/i2.wp.com\/www.diresaapurimac.gob.pe\/web\/wp-content\/uploads\/2019\/12\/Segunda-Fase-de-Capacitaci\u00f3n-Grow-se-inicia-con-\u00e9xito-2.jpg?resize=300%2C200&amp;ssl=1 300w, https:\/\/i2.wp.com\/www.diresaapurimac.gob.pe\/web\/wp-content\/uploads\/2019\/12\/Segunda-Fase-de-Capacitaci\u00f3n-Grow-se-inicia-con-\u00e9xito-2.jpg?resize=768%2C512&amp;ssl=1 768w\" sizes=\"auto, (max-width: 960px) 100vw, 960px\" data-recalc-dims=\"1\" \/><\/figure><\/li><li class=\"blocks-gallery-item\"><figure><img loading=\"lazy\" decoding=\"async\" width=\"960\" height=\"639\" src=\"https:\/\/i2.wp.com\/www.diresaapurimac.gob.pe\/web\/wp-content\/uploads\/2019\/12\/Segunda-Fase-de-Capacitaci\u00f3n-Grow-se-inicia-con-\u00e9xito-1.jpg?resize=960%2C639\" alt=\"\" data-id=\"2521\" data-full-url=\"https:\/\/i2.wp.com\/www.diresaapurimac.gob.pe\/web\/wp-content\/uploads\/2019\/12\/Segunda-Fase-de-Capacitaci\u00f3n-Grow-se-inicia-con-\u00e9xito-1.jpg?resize=960%2C639\" data-link=\"http:\/\/www.diresaapurimac.gob.pe\/web\/?attachment_id=2521\" class=\"wp-image-2521\" srcset=\"https:\/\/i2.wp.com\/www.diresaapurimac.gob.pe\/web\/wp-content\/uploads\/2019\/12\/Segunda-Fase-de-Capacitaci\u00f3n-Grow-se-inicia-con-\u00e9xito-1.jpg?w=960&amp;ssl=1 960w, https:\/\/i2.wp.com\/www.diresaapurimac.gob.pe\/web\/wp-content\/uploads\/2019\/12\/Segunda-Fase-de-Capacitaci\u00f3n-Grow-se-inicia-con-\u00e9xito-1.jpg?resize=300%2C200&amp;ssl=1 300w, https:\/\/i2.wp.com\/www.diresaapurimac.gob.pe\/web\/wp-content\/uploads\/2019\/12\/Segunda-Fase-de-Capacitaci\u00f3n-Grow-se-inicia-con-\u00e9xito-1.jpg?resize=768%2C511&amp;ssl=1 768w\" sizes=\"auto, (max-width: 960px) 100vw, 960px\" data-recalc-dims=\"1\" \/><\/figure><\/li><\/ul><\/figure>\n\n\n\n<p>Gobierno Regional de Apur\u00edmac.<\/p>\n\n\n\n<p>\ud83d\udea8Diresa Apur\u00edmac\ud83d\udea8<br>\ud83d\udea8\u00a1Todos por le cuidado de la Salud Mental!\ud83d\udea8<\/p>\n","protected":false},"excerpt":{"rendered":"<p>Alianza interinstitucional es estrat\u00e9gica para el cuidado de la salud mental. Se inici\u00f3 la FASE II del programa de capacitaci\u00f3n GROW con los manuales Enfermedades Concurrentes y Trauma en la Diresa Apur\u00edmac, el curso se llevar\u00e1 a cabo en el auditorio de la DIRESA del 16 al 20 de diciembre. La sesi\u00f3n de apertura estuvo [&hellip;]<\/p>\n","protected":false},"author":1,"featured_media":2534,"comment_status":"closed","ping_status":"closed","sticky":false,"template":"","format":"standard","meta":{"spay_email":"","footnotes":""},"categories":[1],"tags":[158,386,388,387,286,68],"class_list":["post-2520","post","type-post","status-publish","format-standard","has-post-thumbnail","hentry","category-noticias","tag-baltazar-lantaron-nunez","tag-capacitacion-grow","tag-care-peru","tag-carlos-ordonez-huaman","tag-claudio-quintana-espinoza","tag-ruben-arce-loayza"],"jetpack_featured_media_url":"https:\/\/i2.wp.com\/www.diresaapurimac.gob.pe\/web\/wp-content\/uploads\/2019\/12\/Segunda-Fase-de-Capacitaci\u00f3n-Grow-se-inicia-con-\u00e9xito-14.jpg?fit=960%2C639&ssl=1","_links":{"self":[{"href":"https:\/\/www.diresaapurimac.gob.pe\/web\/wp-json\/wp\/v2\/posts\/2520","targetHints":{"allow":["GET"]}}],"collection":[{"href":"https:\/\/www.diresaapurimac.gob.pe\/web\/wp-json\/wp\/v2\/posts"}],"about":[{"href":"https:\/\/www.diresaapurimac.gob.pe\/web\/wp-json\/wp\/v2\/types\/post"}],"author":[{"embeddable":true,"href":"https:\/\/www.diresaapurimac.gob.pe\/web\/wp-json\/wp\/v2\/users\/1"}],"replies":[{"embeddable":true,"href":"https:\/\/www.diresaapurimac.gob.pe\/web\/wp-json\/wp\/v2\/comments?post=2520"}],"version-history":[{"count":1,"href":"https:\/\/www.diresaapurimac.gob.pe\/web\/wp-json\/wp\/v2\/posts\/2520\/revisions"}],"predecessor-version":[{"id":2535,"href":"https:\/\/www.diresaapurimac.gob.pe\/web\/wp-json\/wp\/v2\/posts\/2520\/revisions\/2535"}],"wp:featuredmedia":[{"embeddable":true,"href":"https:\/\/www.diresaapurimac.gob.pe\/web\/wp-json\/wp\/v2\/media\/2534"}],"wp:attachment":[{"href":"https:\/\/www.diresaapurimac.gob.pe\/web\/wp-json\/wp\/v2\/media?parent=2520"}],"wp:term":[{"taxonomy":"category","embeddable":true,"href":"https:\/\/www.diresaapurimac.gob.pe\/web\/wp-json\/wp\/v2\/categories?post=2520"},{"taxonomy":"post_tag","embeddable":true,"href":"https:\/\/www.diresaapurimac.gob.pe\/web\/wp-json\/wp\/v2\/tags?post=2520"}],"curies":[{"name":"wp","href":"https:\/\/api.w.org\/{rel}","templated":true}]}}