{"id":2330,"date":"2019-12-06T17:26:00","date_gmt":"2019-12-06T17:26:00","guid":{"rendered":"http:\/\/www.diresaapurimac.gob.pe\/web\/?p=2330"},"modified":"2019-12-06T17:26:07","modified_gmt":"2019-12-06T17:26:07","slug":"apurimac-ocupa-primer-lugar-en-la-cobertura-de-indicadores-prestacionales-de-lucha-contra-la-anemia","status":"publish","type":"post","link":"https:\/\/www.diresaapurimac.gob.pe\/web\/noticias\/apurimac-ocupa-primer-lugar-en-la-cobertura-de-indicadores-prestacionales-de-lucha-contra-la-anemia\/","title":{"rendered":"Apur\u00edmac ocupa Primer Lugar en la Cobertura de Indicadores prestacionales de Lucha Contra La Anemia"},"content":{"rendered":"\n<p>En el marco del concenvio SIS-FISSAL Y GORE 2019.<\/p>\n\n\n\n<p>En el 2019, el SIS ha incluido 06 indicadores, los cuales guardan correspondencia con el Plan Multisectorial de Lucha contra la Anemia, los programas presupuestales, los indicadores de los convenios de Fondo de Est\u00edmulo al Desempe\u00f1o (MIDIS) y los Convenios de Gesti\u00f3n entre el MINSA y los GORE\/DIRIS, existiendo objetivos comunes, y aline\u00e1ndose a los resultados sanitarios nacionales.<\/p>\n\n\n\n<p>En cumplimiento del art\u00edculo 5 de la RM N\u00b0 991-2012-MINSA1, se incorporan indicadores consignando metas de las intervenciones de salud, concordando objetivos y resultados establecidos en las pol\u00edticas nacionales y regionales de salud. Mediante el Decreto Supremo N\u00b0 068-2018-PCM, se declar\u00f3 prioridad nacional la lucha contra la anemia en ni\u00f1os y ni\u00f1as menores de 36 meses.<\/p>\n\n\n\n<figure class=\"wp-block-gallery columns-1 is-cropped wp-block-gallery-1 is-layout-flex wp-block-gallery-is-layout-flex\"><ul class=\"blocks-gallery-grid\"><li class=\"blocks-gallery-item\"><figure><img loading=\"lazy\" decoding=\"async\" width=\"1024\" height=\"357\" src=\"https:\/\/i0.wp.com\/www.diresaapurimac.gob.pe\/web\/wp-content\/uploads\/2019\/12\/78675213_1173157086227294_256556182049652736_o-1024x357.jpg?resize=1024%2C357\" alt=\"\" data-id=\"2331\" data-full-url=\"http:\/\/www.diresaapurimac.gob.pe\/web\/wp-content\/uploads\/2019\/12\/78675213_1173157086227294_256556182049652736_o.jpg\" data-link=\"http:\/\/www.diresaapurimac.gob.pe\/web\/?attachment_id=2331\" class=\"wp-image-2331\" srcset=\"https:\/\/i0.wp.com\/www.diresaapurimac.gob.pe\/web\/wp-content\/uploads\/2019\/12\/78675213_1173157086227294_256556182049652736_o.jpg?resize=1024%2C357&amp;ssl=1 1024w, https:\/\/i0.wp.com\/www.diresaapurimac.gob.pe\/web\/wp-content\/uploads\/2019\/12\/78675213_1173157086227294_256556182049652736_o.jpg?resize=300%2C104&amp;ssl=1 300w, https:\/\/i0.wp.com\/www.diresaapurimac.gob.pe\/web\/wp-content\/uploads\/2019\/12\/78675213_1173157086227294_256556182049652736_o.jpg?resize=768%2C267&amp;ssl=1 768w, https:\/\/i0.wp.com\/www.diresaapurimac.gob.pe\/web\/wp-content\/uploads\/2019\/12\/78675213_1173157086227294_256556182049652736_o.jpg?w=1143&amp;ssl=1 1143w\" sizes=\"auto, (max-width: 1000px) 100vw, 1000px\" data-recalc-dims=\"1\" \/><\/figure><\/li><\/ul><\/figure>\n\n\n\n<p>En ese sentido, se ha aprobado un \u201cPlan Multisectorial de Lucha Contra la Anemia\u201d, en el que se han identificado intervenciones para reducir la anemia, tomando como referencia los determinantes de la anemia, directas y trasversales para prevenir y reducir la anemia en tres grupos claves:<\/p>\n\n\n\n<p>a) Mujeres en edad F\u00e9rtil,<br>b) Madres gestantes y<br>c) Ni\u00f1as y ni\u00f1os menores de 36 meses de edad, con prioridad en ni\u00f1os menores de 12 meses.<\/p>\n\n\n\n<p>El Seguro Integral de Salud, como IAFAS establece convenios de gesti\u00f3n con los GORE\/DIRIS, en la cual pretenden modular comportamientos saludables relacionados con las metas de pol\u00edticas del sector y que a largo o mediano plazo pretenda contener el gasto de salud.<\/p>\n\n\n\n<p>La DIRESA Apur\u00edmac, liderado por el equipo t\u00e9cnico de la Direcci\u00f3n de Seguros P\u00fablicos y Privados, a trav\u00e9s del empleo de estrategias propias de la Regi\u00f3n y constante monitoreo ha logrado cumplir con todos los indicadores propuestos en el convenio hasta fines de junio.<\/p>\n\n\n\n<p>En comparaci\u00f3n con otras regiones, Apur\u00edmac logr\u00f3 ocupar el primer lugar a nivel del pa\u00eds, acumulando mayores porcentajes de cobertura de indicadores, tal como se muestra en el siguiente cuadro; lo cual oblig\u00f3 al SIS central cumplir con la transferencia del tramo variable, tal como se precisa en el convenio entre el seguro integral de salud &#8211; SIS, fondo intangible solidario de salud &#8211; FISSAL y el gobierno regional de Apur\u00edmac para el financiamiento de las prestaciones brindadas a sus asegurados (cl\u00e1usula vig\u00e9simo segunda: mecanismos de pago, modalidades y condiciones de transferencia para el I nivel de atenci\u00f3n y II nivel con poblaci\u00f3n adscrita).<\/p>\n\n\n\n<figure class=\"wp-block-gallery columns-1 is-cropped wp-block-gallery-2 is-layout-flex wp-block-gallery-is-layout-flex\"><ul class=\"blocks-gallery-grid\"><li class=\"blocks-gallery-item\"><figure><img loading=\"lazy\" decoding=\"async\" width=\"679\" height=\"960\" src=\"https:\/\/i2.wp.com\/www.diresaapurimac.gob.pe\/web\/wp-content\/uploads\/2019\/12\/78993504_1173160439560292_6106419024952819712_o.jpg?resize=679%2C960\" alt=\"\" data-id=\"2332\" data-full-url=\"https:\/\/i2.wp.com\/www.diresaapurimac.gob.pe\/web\/wp-content\/uploads\/2019\/12\/78993504_1173160439560292_6106419024952819712_o.jpg?resize=679%2C960\" data-link=\"http:\/\/www.diresaapurimac.gob.pe\/web\/?attachment_id=2332\" class=\"wp-image-2332\" srcset=\"https:\/\/i2.wp.com\/www.diresaapurimac.gob.pe\/web\/wp-content\/uploads\/2019\/12\/78993504_1173160439560292_6106419024952819712_o.jpg?w=679&amp;ssl=1 679w, https:\/\/i2.wp.com\/www.diresaapurimac.gob.pe\/web\/wp-content\/uploads\/2019\/12\/78993504_1173160439560292_6106419024952819712_o.jpg?resize=212%2C300&amp;ssl=1 212w\" sizes=\"auto, (max-width: 679px) 100vw, 679px\" data-recalc-dims=\"1\" \/><\/figure><\/li><\/ul><\/figure>\n\n\n\n<p>Direcci\u00f3n de Imagen Institucional<\/p>\n\n\n\n<p><\/p>\n","protected":false},"excerpt":{"rendered":"<p>En el marco del concenvio SIS-FISSAL Y GORE 2019. En el 2019, el SIS ha incluido 06 indicadores, los cuales guardan correspondencia con el Plan Multisectorial de Lucha contra la Anemia, los programas presupuestales, los indicadores de los convenios de Fondo de Est\u00edmulo al Desempe\u00f1o (MIDIS) y los Convenios de Gesti\u00f3n entre el MINSA y [&hellip;]<\/p>\n","protected":false},"author":1,"featured_media":2333,"comment_status":"closed","ping_status":"closed","sticky":false,"template":"","format":"standard","meta":{"spay_email":"","footnotes":""},"categories":[1],"tags":[21,24,116,64,380],"class_list":["post-2330","post","type-post","status-publish","format-standard","has-post-thumbnail","hentry","category-noticias","tag-diresa-apurimac","tag-lucha-contra-la-anemia-en-apurimac","tag-ministerio-de-desarrollo-e-inclusion-social-midis","tag-ministerio-de-salud-minsa","tag-plan-multisectorial-de-lucha-contra-la-anemia"],"jetpack_featured_media_url":"https:\/\/i2.wp.com\/www.diresaapurimac.gob.pe\/web\/wp-content\/uploads\/2019\/12\/80001162_1173147749561561_5238836451499573248_o.jpg?fit=1905%2C1270&ssl=1","_links":{"self":[{"href":"https:\/\/www.diresaapurimac.gob.pe\/web\/wp-json\/wp\/v2\/posts\/2330","targetHints":{"allow":["GET"]}}],"collection":[{"href":"https:\/\/www.diresaapurimac.gob.pe\/web\/wp-json\/wp\/v2\/posts"}],"about":[{"href":"https:\/\/www.diresaapurimac.gob.pe\/web\/wp-json\/wp\/v2\/types\/post"}],"author":[{"embeddable":true,"href":"https:\/\/www.diresaapurimac.gob.pe\/web\/wp-json\/wp\/v2\/users\/1"}],"replies":[{"embeddable":true,"href":"https:\/\/www.diresaapurimac.gob.pe\/web\/wp-json\/wp\/v2\/comments?post=2330"}],"version-history":[{"count":1,"href":"https:\/\/www.diresaapurimac.gob.pe\/web\/wp-json\/wp\/v2\/posts\/2330\/revisions"}],"predecessor-version":[{"id":2334,"href":"https:\/\/www.diresaapurimac.gob.pe\/web\/wp-json\/wp\/v2\/posts\/2330\/revisions\/2334"}],"wp:featuredmedia":[{"embeddable":true,"href":"https:\/\/www.diresaapurimac.gob.pe\/web\/wp-json\/wp\/v2\/media\/2333"}],"wp:attachment":[{"href":"https:\/\/www.diresaapurimac.gob.pe\/web\/wp-json\/wp\/v2\/media?parent=2330"}],"wp:term":[{"taxonomy":"category","embeddable":true,"href":"https:\/\/www.diresaapurimac.gob.pe\/web\/wp-json\/wp\/v2\/categories?post=2330"},{"taxonomy":"post_tag","embeddable":true,"href":"https:\/\/www.diresaapurimac.gob.pe\/web\/wp-json\/wp\/v2\/tags?post=2330"}],"curies":[{"name":"wp","href":"https:\/\/api.w.org\/{rel}","templated":true}]}}