{"id":2312,"date":"2019-12-06T17:18:10","date_gmt":"2019-12-06T17:18:10","guid":{"rendered":"http:\/\/www.diresaapurimac.gob.pe\/web\/?p=2312"},"modified":"2019-12-06T17:18:17","modified_gmt":"2019-12-06T17:18:17","slug":"la-anemia-en-el-peru-y-apurimac-esta-considerado-como-un-problema-grave-de-salud-publica","status":"publish","type":"post","link":"https:\/\/www.diresaapurimac.gob.pe\/web\/noticias\/la-anemia-en-el-peru-y-apurimac-esta-considerado-como-un-problema-grave-de-salud-publica\/","title":{"rendered":"La Anemia en el Per\u00fa y Apur\u00edmac esta considerado como un problema grave de salud p\u00fablica"},"content":{"rendered":"\n<p>La Pol\u00edtica Regional del Gobernador Lic. Baltazar Lantar\u00f3n Nu\u00f1ez es clara, y en esta l\u00f3gica se est\u00e1n implementando acciones y estrategias dentro del Plan Regional de la Lucha Contra la Anemia, incidiendo adem\u00e1s en la mejora de la salud, educaci\u00f3n, agua y saneamiento, fomento del desarrollo agropecuario para asegurar la provisi\u00f3n alimentaria, vivienda, entre otros, que hagan sostenible la indicada lucha contra el flagelo de la anemia.<\/p>\n\n\n\n<p>En este marco el d\u00eda de hoy se realiz\u00f3 la r\u00e9plica del lanzamiento de la campa\u00f1a de lucha contra la anemia en el distrito de Tintay, con la participaci\u00f3n de las autoridades locales y poblaci\u00f3n en general, en que incidi\u00f3 en fortalecer la articulaci\u00f3n inter institucional, intra e inter gubernamental y la Gesti\u00f3n Territorial, para que en conjunto se puedan tener logros en relaci\u00f3n a esta problem\u00e1tica.<\/p>\n\n\n\n<p>\u00a1\u00a1\u00a1Juntos podemos contra la anemia!!!<br>\u00a1\u00a1\u00a1Allin Kawsanapaq!!!<\/p>\n\n\n\n<figure class=\"wp-block-gallery columns-3 is-cropped wp-block-gallery-1 is-layout-flex wp-block-gallery-is-layout-flex\"><ul class=\"blocks-gallery-grid\"><li class=\"blocks-gallery-item\"><figure><img loading=\"lazy\" decoding=\"async\" width=\"1024\" height=\"683\" src=\"https:\/\/i2.wp.com\/www.diresaapurimac.gob.pe\/web\/wp-content\/uploads\/2019\/12\/La-Anemia-en-el-Per\u00fa-y-Apur\u00edmac-esta-considerado-como-un-problema-grave-de-salud-p\u00fablica-1-1024x683.jpg?resize=1024%2C683\" alt=\"\" data-id=\"2316\" data-full-url=\"http:\/\/www.diresaapurimac.gob.pe\/web\/wp-content\/uploads\/2019\/12\/La-Anemia-en-el-Per\u00fa-y-Apur\u00edmac-esta-considerado-como-un-problema-grave-de-salud-p\u00fablica-1.jpg\" data-link=\"http:\/\/www.diresaapurimac.gob.pe\/web\/?attachment_id=2316\" class=\"wp-image-2316\" srcset=\"https:\/\/i1.wp.com\/www.diresaapurimac.gob.pe\/web\/wp-content\/uploads\/2019\/12\/La-Anemia-en-el-Per\u00fa-y-Apur\u00edmac-esta-considerado-como-un-problema-grave-de-salud-p\u00fablica-1.jpg?resize=1024%2C683&amp;ssl=1 1024w, https:\/\/i1.wp.com\/www.diresaapurimac.gob.pe\/web\/wp-content\/uploads\/2019\/12\/La-Anemia-en-el-Per\u00fa-y-Apur\u00edmac-esta-considerado-como-un-problema-grave-de-salud-p\u00fablica-1.jpg?resize=300%2C200&amp;ssl=1 300w, https:\/\/i1.wp.com\/www.diresaapurimac.gob.pe\/web\/wp-content\/uploads\/2019\/12\/La-Anemia-en-el-Per\u00fa-y-Apur\u00edmac-esta-considerado-como-un-problema-grave-de-salud-p\u00fablica-1.jpg?resize=768%2C512&amp;ssl=1 768w, https:\/\/i1.wp.com\/www.diresaapurimac.gob.pe\/web\/wp-content\/uploads\/2019\/12\/La-Anemia-en-el-Per\u00fa-y-Apur\u00edmac-esta-considerado-como-un-problema-grave-de-salud-p\u00fablica-1.jpg?resize=1536%2C1024&amp;ssl=1 1536w, https:\/\/i1.wp.com\/www.diresaapurimac.gob.pe\/web\/wp-content\/uploads\/2019\/12\/La-Anemia-en-el-Per\u00fa-y-Apur\u00edmac-esta-considerado-como-un-problema-grave-de-salud-p\u00fablica-1.jpg?w=2048&amp;ssl=1 2048w\" sizes=\"auto, (max-width: 1000px) 100vw, 1000px\" data-recalc-dims=\"1\" \/><\/figure><\/li><li class=\"blocks-gallery-item\"><figure><img loading=\"lazy\" decoding=\"async\" width=\"1024\" height=\"683\" src=\"https:\/\/i0.wp.com\/www.diresaapurimac.gob.pe\/web\/wp-content\/uploads\/2019\/12\/La-Anemia-en-el-Per\u00fa-y-Apur\u00edmac-esta-considerado-como-un-problema-grave-de-salud-p\u00fablica-2-1024x683.jpg?resize=1024%2C683\" alt=\"\" data-id=\"2317\" data-full-url=\"http:\/\/www.diresaapurimac.gob.pe\/web\/wp-content\/uploads\/2019\/12\/La-Anemia-en-el-Per\u00fa-y-Apur\u00edmac-esta-considerado-como-un-problema-grave-de-salud-p\u00fablica-2.jpg\" data-link=\"http:\/\/www.diresaapurimac.gob.pe\/web\/?attachment_id=2317\" class=\"wp-image-2317\" srcset=\"https:\/\/i1.wp.com\/www.diresaapurimac.gob.pe\/web\/wp-content\/uploads\/2019\/12\/La-Anemia-en-el-Per\u00fa-y-Apur\u00edmac-esta-considerado-como-un-problema-grave-de-salud-p\u00fablica-2.jpg?resize=1024%2C683&amp;ssl=1 1024w, https:\/\/i1.wp.com\/www.diresaapurimac.gob.pe\/web\/wp-content\/uploads\/2019\/12\/La-Anemia-en-el-Per\u00fa-y-Apur\u00edmac-esta-considerado-como-un-problema-grave-de-salud-p\u00fablica-2.jpg?resize=300%2C200&amp;ssl=1 300w, https:\/\/i1.wp.com\/www.diresaapurimac.gob.pe\/web\/wp-content\/uploads\/2019\/12\/La-Anemia-en-el-Per\u00fa-y-Apur\u00edmac-esta-considerado-como-un-problema-grave-de-salud-p\u00fablica-2.jpg?resize=768%2C512&amp;ssl=1 768w, https:\/\/i1.wp.com\/www.diresaapurimac.gob.pe\/web\/wp-content\/uploads\/2019\/12\/La-Anemia-en-el-Per\u00fa-y-Apur\u00edmac-esta-considerado-como-un-problema-grave-de-salud-p\u00fablica-2.jpg?resize=1536%2C1024&amp;ssl=1 1536w, https:\/\/i1.wp.com\/www.diresaapurimac.gob.pe\/web\/wp-content\/uploads\/2019\/12\/La-Anemia-en-el-Per\u00fa-y-Apur\u00edmac-esta-considerado-como-un-problema-grave-de-salud-p\u00fablica-2.jpg?w=2048&amp;ssl=1 2048w\" sizes=\"auto, (max-width: 1000px) 100vw, 1000px\" data-recalc-dims=\"1\" \/><\/figure><\/li><li class=\"blocks-gallery-item\"><figure><img loading=\"lazy\" decoding=\"async\" width=\"1024\" height=\"683\" src=\"https:\/\/i2.wp.com\/www.diresaapurimac.gob.pe\/web\/wp-content\/uploads\/2019\/12\/La-Anemia-en-el-Per\u00fa-y-Apur\u00edmac-esta-considerado-como-un-problema-grave-de-salud-p\u00fablica-3-1024x683.jpg?resize=1024%2C683\" alt=\"\" data-id=\"2318\" data-full-url=\"http:\/\/www.diresaapurimac.gob.pe\/web\/wp-content\/uploads\/2019\/12\/La-Anemia-en-el-Per\u00fa-y-Apur\u00edmac-esta-considerado-como-un-problema-grave-de-salud-p\u00fablica-3.jpg\" data-link=\"http:\/\/www.diresaapurimac.gob.pe\/web\/?attachment_id=2318\" class=\"wp-image-2318\" srcset=\"https:\/\/i1.wp.com\/www.diresaapurimac.gob.pe\/web\/wp-content\/uploads\/2019\/12\/La-Anemia-en-el-Per\u00fa-y-Apur\u00edmac-esta-considerado-como-un-problema-grave-de-salud-p\u00fablica-3.jpg?resize=1024%2C683&amp;ssl=1 1024w, https:\/\/i1.wp.com\/www.diresaapurimac.gob.pe\/web\/wp-content\/uploads\/2019\/12\/La-Anemia-en-el-Per\u00fa-y-Apur\u00edmac-esta-considerado-como-un-problema-grave-de-salud-p\u00fablica-3.jpg?resize=300%2C200&amp;ssl=1 300w, https:\/\/i1.wp.com\/www.diresaapurimac.gob.pe\/web\/wp-content\/uploads\/2019\/12\/La-Anemia-en-el-Per\u00fa-y-Apur\u00edmac-esta-considerado-como-un-problema-grave-de-salud-p\u00fablica-3.jpg?resize=768%2C512&amp;ssl=1 768w, https:\/\/i1.wp.com\/www.diresaapurimac.gob.pe\/web\/wp-content\/uploads\/2019\/12\/La-Anemia-en-el-Per\u00fa-y-Apur\u00edmac-esta-considerado-como-un-problema-grave-de-salud-p\u00fablica-3.jpg?resize=1536%2C1024&amp;ssl=1 1536w, https:\/\/i1.wp.com\/www.diresaapurimac.gob.pe\/web\/wp-content\/uploads\/2019\/12\/La-Anemia-en-el-Per\u00fa-y-Apur\u00edmac-esta-considerado-como-un-problema-grave-de-salud-p\u00fablica-3.jpg?w=2048&amp;ssl=1 2048w\" sizes=\"auto, (max-width: 1000px) 100vw, 1000px\" data-recalc-dims=\"1\" \/><\/figure><\/li><li class=\"blocks-gallery-item\"><figure><img loading=\"lazy\" decoding=\"async\" width=\"1024\" height=\"683\" src=\"https:\/\/i1.wp.com\/www.diresaapurimac.gob.pe\/web\/wp-content\/uploads\/2019\/12\/La-Anemia-en-el-Per\u00fa-y-Apur\u00edmac-esta-considerado-como-un-problema-grave-de-salud-p\u00fablica-4-1024x683.jpg?resize=1024%2C683\" alt=\"\" data-id=\"2319\" data-full-url=\"http:\/\/www.diresaapurimac.gob.pe\/web\/wp-content\/uploads\/2019\/12\/La-Anemia-en-el-Per\u00fa-y-Apur\u00edmac-esta-considerado-como-un-problema-grave-de-salud-p\u00fablica-4.jpg\" data-link=\"http:\/\/www.diresaapurimac.gob.pe\/web\/?attachment_id=2319\" class=\"wp-image-2319\" srcset=\"https:\/\/i1.wp.com\/www.diresaapurimac.gob.pe\/web\/wp-content\/uploads\/2019\/12\/La-Anemia-en-el-Per\u00fa-y-Apur\u00edmac-esta-considerado-como-un-problema-grave-de-salud-p\u00fablica-4.jpg?resize=1024%2C683&amp;ssl=1 1024w, https:\/\/i1.wp.com\/www.diresaapurimac.gob.pe\/web\/wp-content\/uploads\/2019\/12\/La-Anemia-en-el-Per\u00fa-y-Apur\u00edmac-esta-considerado-como-un-problema-grave-de-salud-p\u00fablica-4.jpg?resize=300%2C200&amp;ssl=1 300w, https:\/\/i1.wp.com\/www.diresaapurimac.gob.pe\/web\/wp-content\/uploads\/2019\/12\/La-Anemia-en-el-Per\u00fa-y-Apur\u00edmac-esta-considerado-como-un-problema-grave-de-salud-p\u00fablica-4.jpg?resize=768%2C512&amp;ssl=1 768w, https:\/\/i1.wp.com\/www.diresaapurimac.gob.pe\/web\/wp-content\/uploads\/2019\/12\/La-Anemia-en-el-Per\u00fa-y-Apur\u00edmac-esta-considerado-como-un-problema-grave-de-salud-p\u00fablica-4.jpg?resize=1536%2C1024&amp;ssl=1 1536w, https:\/\/i1.wp.com\/www.diresaapurimac.gob.pe\/web\/wp-content\/uploads\/2019\/12\/La-Anemia-en-el-Per\u00fa-y-Apur\u00edmac-esta-considerado-como-un-problema-grave-de-salud-p\u00fablica-4.jpg?w=2048&amp;ssl=1 2048w\" sizes=\"auto, (max-width: 1000px) 100vw, 1000px\" data-recalc-dims=\"1\" \/><\/figure><\/li><li class=\"blocks-gallery-item\"><figure><img loading=\"lazy\" decoding=\"async\" width=\"1024\" height=\"683\" src=\"https:\/\/i0.wp.com\/www.diresaapurimac.gob.pe\/web\/wp-content\/uploads\/2019\/12\/La-Anemia-en-el-Per\u00fa-y-Apur\u00edmac-esta-considerado-como-un-problema-grave-de-salud-p\u00fablica-5-1024x683.jpg?resize=1024%2C683\" alt=\"\" data-id=\"2320\" data-full-url=\"http:\/\/www.diresaapurimac.gob.pe\/web\/wp-content\/uploads\/2019\/12\/La-Anemia-en-el-Per\u00fa-y-Apur\u00edmac-esta-considerado-como-un-problema-grave-de-salud-p\u00fablica-5.jpg\" data-link=\"http:\/\/www.diresaapurimac.gob.pe\/web\/?attachment_id=2320\" class=\"wp-image-2320\" srcset=\"https:\/\/i2.wp.com\/www.diresaapurimac.gob.pe\/web\/wp-content\/uploads\/2019\/12\/La-Anemia-en-el-Per\u00fa-y-Apur\u00edmac-esta-considerado-como-un-problema-grave-de-salud-p\u00fablica-5.jpg?resize=1024%2C683&amp;ssl=1 1024w, https:\/\/i2.wp.com\/www.diresaapurimac.gob.pe\/web\/wp-content\/uploads\/2019\/12\/La-Anemia-en-el-Per\u00fa-y-Apur\u00edmac-esta-considerado-como-un-problema-grave-de-salud-p\u00fablica-5.jpg?resize=300%2C200&amp;ssl=1 300w, https:\/\/i2.wp.com\/www.diresaapurimac.gob.pe\/web\/wp-content\/uploads\/2019\/12\/La-Anemia-en-el-Per\u00fa-y-Apur\u00edmac-esta-considerado-como-un-problema-grave-de-salud-p\u00fablica-5.jpg?resize=768%2C512&amp;ssl=1 768w, https:\/\/i2.wp.com\/www.diresaapurimac.gob.pe\/web\/wp-content\/uploads\/2019\/12\/La-Anemia-en-el-Per\u00fa-y-Apur\u00edmac-esta-considerado-como-un-problema-grave-de-salud-p\u00fablica-5.jpg?resize=1536%2C1024&amp;ssl=1 1536w, https:\/\/i2.wp.com\/www.diresaapurimac.gob.pe\/web\/wp-content\/uploads\/2019\/12\/La-Anemia-en-el-Per\u00fa-y-Apur\u00edmac-esta-considerado-como-un-problema-grave-de-salud-p\u00fablica-5.jpg?w=2048&amp;ssl=1 2048w\" sizes=\"auto, (max-width: 1000px) 100vw, 1000px\" data-recalc-dims=\"1\" \/><\/figure><\/li><li class=\"blocks-gallery-item\"><figure><img loading=\"lazy\" decoding=\"async\" width=\"1024\" height=\"683\" src=\"https:\/\/i1.wp.com\/www.diresaapurimac.gob.pe\/web\/wp-content\/uploads\/2019\/12\/La-Anemia-en-el-Per\u00fa-y-Apur\u00edmac-esta-considerado-como-un-problema-grave-de-salud-p\u00fablica-6-1024x683.jpg?resize=1024%2C683\" alt=\"\" data-id=\"2321\" data-full-url=\"http:\/\/www.diresaapurimac.gob.pe\/web\/wp-content\/uploads\/2019\/12\/La-Anemia-en-el-Per\u00fa-y-Apur\u00edmac-esta-considerado-como-un-problema-grave-de-salud-p\u00fablica-6.jpg\" data-link=\"http:\/\/www.diresaapurimac.gob.pe\/web\/?attachment_id=2321\" class=\"wp-image-2321\" srcset=\"https:\/\/i0.wp.com\/www.diresaapurimac.gob.pe\/web\/wp-content\/uploads\/2019\/12\/La-Anemia-en-el-Per\u00fa-y-Apur\u00edmac-esta-considerado-como-un-problema-grave-de-salud-p\u00fablica-6.jpg?resize=1024%2C683&amp;ssl=1 1024w, https:\/\/i0.wp.com\/www.diresaapurimac.gob.pe\/web\/wp-content\/uploads\/2019\/12\/La-Anemia-en-el-Per\u00fa-y-Apur\u00edmac-esta-considerado-como-un-problema-grave-de-salud-p\u00fablica-6.jpg?resize=300%2C200&amp;ssl=1 300w, https:\/\/i0.wp.com\/www.diresaapurimac.gob.pe\/web\/wp-content\/uploads\/2019\/12\/La-Anemia-en-el-Per\u00fa-y-Apur\u00edmac-esta-considerado-como-un-problema-grave-de-salud-p\u00fablica-6.jpg?resize=768%2C512&amp;ssl=1 768w, https:\/\/i0.wp.com\/www.diresaapurimac.gob.pe\/web\/wp-content\/uploads\/2019\/12\/La-Anemia-en-el-Per\u00fa-y-Apur\u00edmac-esta-considerado-como-un-problema-grave-de-salud-p\u00fablica-6.jpg?resize=1536%2C1024&amp;ssl=1 1536w, https:\/\/i0.wp.com\/www.diresaapurimac.gob.pe\/web\/wp-content\/uploads\/2019\/12\/La-Anemia-en-el-Per\u00fa-y-Apur\u00edmac-esta-considerado-como-un-problema-grave-de-salud-p\u00fablica-6.jpg?w=2048&amp;ssl=1 2048w\" sizes=\"auto, (max-width: 1000px) 100vw, 1000px\" data-recalc-dims=\"1\" \/><\/figure><\/li><li class=\"blocks-gallery-item\"><figure><img loading=\"lazy\" decoding=\"async\" width=\"1024\" height=\"683\" src=\"https:\/\/i0.wp.com\/www.diresaapurimac.gob.pe\/web\/wp-content\/uploads\/2019\/12\/La-Anemia-en-el-Per\u00fa-y-Apur\u00edmac-esta-considerado-como-un-problema-grave-de-salud-p\u00fablica-7-1024x683.jpg?resize=1024%2C683\" alt=\"\" data-id=\"2322\" data-full-url=\"http:\/\/www.diresaapurimac.gob.pe\/web\/wp-content\/uploads\/2019\/12\/La-Anemia-en-el-Per\u00fa-y-Apur\u00edmac-esta-considerado-como-un-problema-grave-de-salud-p\u00fablica-7.jpg\" data-link=\"http:\/\/www.diresaapurimac.gob.pe\/web\/?attachment_id=2322\" class=\"wp-image-2322\" srcset=\"https:\/\/i0.wp.com\/www.diresaapurimac.gob.pe\/web\/wp-content\/uploads\/2019\/12\/La-Anemia-en-el-Per\u00fa-y-Apur\u00edmac-esta-considerado-como-un-problema-grave-de-salud-p\u00fablica-7.jpg?resize=1024%2C683&amp;ssl=1 1024w, https:\/\/i0.wp.com\/www.diresaapurimac.gob.pe\/web\/wp-content\/uploads\/2019\/12\/La-Anemia-en-el-Per\u00fa-y-Apur\u00edmac-esta-considerado-como-un-problema-grave-de-salud-p\u00fablica-7.jpg?resize=300%2C200&amp;ssl=1 300w, https:\/\/i0.wp.com\/www.diresaapurimac.gob.pe\/web\/wp-content\/uploads\/2019\/12\/La-Anemia-en-el-Per\u00fa-y-Apur\u00edmac-esta-considerado-como-un-problema-grave-de-salud-p\u00fablica-7.jpg?resize=768%2C512&amp;ssl=1 768w, https:\/\/i0.wp.com\/www.diresaapurimac.gob.pe\/web\/wp-content\/uploads\/2019\/12\/La-Anemia-en-el-Per\u00fa-y-Apur\u00edmac-esta-considerado-como-un-problema-grave-de-salud-p\u00fablica-7.jpg?resize=1536%2C1024&amp;ssl=1 1536w, https:\/\/i0.wp.com\/www.diresaapurimac.gob.pe\/web\/wp-content\/uploads\/2019\/12\/La-Anemia-en-el-Per\u00fa-y-Apur\u00edmac-esta-considerado-como-un-problema-grave-de-salud-p\u00fablica-7.jpg?w=2048&amp;ssl=1 2048w\" sizes=\"auto, (max-width: 1000px) 100vw, 1000px\" data-recalc-dims=\"1\" \/><\/figure><\/li><li class=\"blocks-gallery-item\"><figure><img loading=\"lazy\" decoding=\"async\" width=\"1024\" height=\"683\" src=\"https:\/\/i1.wp.com\/www.diresaapurimac.gob.pe\/web\/wp-content\/uploads\/2019\/12\/La-Anemia-en-el-Per\u00fa-y-Apur\u00edmac-esta-considerado-como-un-problema-grave-de-salud-p\u00fablica-8-1024x683.jpg?resize=1024%2C683\" alt=\"\" data-id=\"2323\" data-full-url=\"http:\/\/www.diresaapurimac.gob.pe\/web\/wp-content\/uploads\/2019\/12\/La-Anemia-en-el-Per\u00fa-y-Apur\u00edmac-esta-considerado-como-un-problema-grave-de-salud-p\u00fablica-8.jpg\" data-link=\"http:\/\/www.diresaapurimac.gob.pe\/web\/?attachment_id=2323\" class=\"wp-image-2323\" srcset=\"https:\/\/i2.wp.com\/www.diresaapurimac.gob.pe\/web\/wp-content\/uploads\/2019\/12\/La-Anemia-en-el-Per\u00fa-y-Apur\u00edmac-esta-considerado-como-un-problema-grave-de-salud-p\u00fablica-8.jpg?resize=1024%2C683&amp;ssl=1 1024w, https:\/\/i2.wp.com\/www.diresaapurimac.gob.pe\/web\/wp-content\/uploads\/2019\/12\/La-Anemia-en-el-Per\u00fa-y-Apur\u00edmac-esta-considerado-como-un-problema-grave-de-salud-p\u00fablica-8.jpg?resize=300%2C200&amp;ssl=1 300w, https:\/\/i2.wp.com\/www.diresaapurimac.gob.pe\/web\/wp-content\/uploads\/2019\/12\/La-Anemia-en-el-Per\u00fa-y-Apur\u00edmac-esta-considerado-como-un-problema-grave-de-salud-p\u00fablica-8.jpg?resize=768%2C512&amp;ssl=1 768w, https:\/\/i2.wp.com\/www.diresaapurimac.gob.pe\/web\/wp-content\/uploads\/2019\/12\/La-Anemia-en-el-Per\u00fa-y-Apur\u00edmac-esta-considerado-como-un-problema-grave-de-salud-p\u00fablica-8.jpg?resize=1536%2C1024&amp;ssl=1 1536w, https:\/\/i2.wp.com\/www.diresaapurimac.gob.pe\/web\/wp-content\/uploads\/2019\/12\/La-Anemia-en-el-Per\u00fa-y-Apur\u00edmac-esta-considerado-como-un-problema-grave-de-salud-p\u00fablica-8.jpg?w=2048&amp;ssl=1 2048w\" sizes=\"auto, (max-width: 1000px) 100vw, 1000px\" data-recalc-dims=\"1\" \/><\/figure><\/li><li class=\"blocks-gallery-item\"><figure><img loading=\"lazy\" decoding=\"async\" width=\"1024\" height=\"683\" src=\"https:\/\/i0.wp.com\/www.diresaapurimac.gob.pe\/web\/wp-content\/uploads\/2019\/12\/La-Anemia-en-el-Per\u00fa-y-Apur\u00edmac-esta-considerado-como-un-problema-grave-de-salud-p\u00fablica-9-1024x683.jpg?resize=1024%2C683\" alt=\"\" data-id=\"2324\" data-full-url=\"http:\/\/www.diresaapurimac.gob.pe\/web\/wp-content\/uploads\/2019\/12\/La-Anemia-en-el-Per\u00fa-y-Apur\u00edmac-esta-considerado-como-un-problema-grave-de-salud-p\u00fablica-9.jpg\" data-link=\"http:\/\/www.diresaapurimac.gob.pe\/web\/?attachment_id=2324\" class=\"wp-image-2324\" srcset=\"https:\/\/i2.wp.com\/www.diresaapurimac.gob.pe\/web\/wp-content\/uploads\/2019\/12\/La-Anemia-en-el-Per\u00fa-y-Apur\u00edmac-esta-considerado-como-un-problema-grave-de-salud-p\u00fablica-9.jpg?resize=1024%2C683&amp;ssl=1 1024w, https:\/\/i2.wp.com\/www.diresaapurimac.gob.pe\/web\/wp-content\/uploads\/2019\/12\/La-Anemia-en-el-Per\u00fa-y-Apur\u00edmac-esta-considerado-como-un-problema-grave-de-salud-p\u00fablica-9.jpg?resize=300%2C200&amp;ssl=1 300w, https:\/\/i2.wp.com\/www.diresaapurimac.gob.pe\/web\/wp-content\/uploads\/2019\/12\/La-Anemia-en-el-Per\u00fa-y-Apur\u00edmac-esta-considerado-como-un-problema-grave-de-salud-p\u00fablica-9.jpg?resize=768%2C512&amp;ssl=1 768w, https:\/\/i2.wp.com\/www.diresaapurimac.gob.pe\/web\/wp-content\/uploads\/2019\/12\/La-Anemia-en-el-Per\u00fa-y-Apur\u00edmac-esta-considerado-como-un-problema-grave-de-salud-p\u00fablica-9.jpg?resize=1536%2C1024&amp;ssl=1 1536w, https:\/\/i2.wp.com\/www.diresaapurimac.gob.pe\/web\/wp-content\/uploads\/2019\/12\/La-Anemia-en-el-Per\u00fa-y-Apur\u00edmac-esta-considerado-como-un-problema-grave-de-salud-p\u00fablica-9.jpg?w=2048&amp;ssl=1 2048w\" sizes=\"auto, (max-width: 1000px) 100vw, 1000px\" data-recalc-dims=\"1\" \/><\/figure><\/li><li class=\"blocks-gallery-item\"><figure><img loading=\"lazy\" decoding=\"async\" width=\"1024\" height=\"683\" src=\"https:\/\/i2.wp.com\/www.diresaapurimac.gob.pe\/web\/wp-content\/uploads\/2019\/12\/La-Anemia-en-el-Per\u00fa-y-Apur\u00edmac-esta-considerado-como-un-problema-grave-de-salud-p\u00fablica-10-1024x683.jpg?resize=1024%2C683\" alt=\"\" data-id=\"2325\" data-full-url=\"http:\/\/www.diresaapurimac.gob.pe\/web\/wp-content\/uploads\/2019\/12\/La-Anemia-en-el-Per\u00fa-y-Apur\u00edmac-esta-considerado-como-un-problema-grave-de-salud-p\u00fablica-10.jpg\" data-link=\"http:\/\/www.diresaapurimac.gob.pe\/web\/?attachment_id=2325\" class=\"wp-image-2325\" srcset=\"https:\/\/i0.wp.com\/www.diresaapurimac.gob.pe\/web\/wp-content\/uploads\/2019\/12\/La-Anemia-en-el-Per\u00fa-y-Apur\u00edmac-esta-considerado-como-un-problema-grave-de-salud-p\u00fablica-10.jpg?resize=1024%2C683&amp;ssl=1 1024w, https:\/\/i0.wp.com\/www.diresaapurimac.gob.pe\/web\/wp-content\/uploads\/2019\/12\/La-Anemia-en-el-Per\u00fa-y-Apur\u00edmac-esta-considerado-como-un-problema-grave-de-salud-p\u00fablica-10.jpg?resize=300%2C200&amp;ssl=1 300w, https:\/\/i0.wp.com\/www.diresaapurimac.gob.pe\/web\/wp-content\/uploads\/2019\/12\/La-Anemia-en-el-Per\u00fa-y-Apur\u00edmac-esta-considerado-como-un-problema-grave-de-salud-p\u00fablica-10.jpg?resize=768%2C512&amp;ssl=1 768w, https:\/\/i0.wp.com\/www.diresaapurimac.gob.pe\/web\/wp-content\/uploads\/2019\/12\/La-Anemia-en-el-Per\u00fa-y-Apur\u00edmac-esta-considerado-como-un-problema-grave-de-salud-p\u00fablica-10.jpg?resize=1536%2C1024&amp;ssl=1 1536w, https:\/\/i0.wp.com\/www.diresaapurimac.gob.pe\/web\/wp-content\/uploads\/2019\/12\/La-Anemia-en-el-Per\u00fa-y-Apur\u00edmac-esta-considerado-como-un-problema-grave-de-salud-p\u00fablica-10.jpg?w=2048&amp;ssl=1 2048w\" sizes=\"auto, (max-width: 1000px) 100vw, 1000px\" data-recalc-dims=\"1\" \/><\/figure><\/li><li class=\"blocks-gallery-item\"><figure><img loading=\"lazy\" decoding=\"async\" width=\"1024\" height=\"683\" src=\"https:\/\/i1.wp.com\/www.diresaapurimac.gob.pe\/web\/wp-content\/uploads\/2019\/12\/La-Anemia-en-el-Per\u00fa-y-Apur\u00edmac-esta-considerado-como-un-problema-grave-de-salud-p\u00fablica-11-1024x683.jpg?resize=1024%2C683\" alt=\"\" data-id=\"2326\" data-full-url=\"http:\/\/www.diresaapurimac.gob.pe\/web\/wp-content\/uploads\/2019\/12\/La-Anemia-en-el-Per\u00fa-y-Apur\u00edmac-esta-considerado-como-un-problema-grave-de-salud-p\u00fablica-11.jpg\" data-link=\"http:\/\/www.diresaapurimac.gob.pe\/web\/?attachment_id=2326\" class=\"wp-image-2326\" srcset=\"https:\/\/i2.wp.com\/www.diresaapurimac.gob.pe\/web\/wp-content\/uploads\/2019\/12\/La-Anemia-en-el-Per\u00fa-y-Apur\u00edmac-esta-considerado-como-un-problema-grave-de-salud-p\u00fablica-11.jpg?resize=1024%2C683&amp;ssl=1 1024w, https:\/\/i2.wp.com\/www.diresaapurimac.gob.pe\/web\/wp-content\/uploads\/2019\/12\/La-Anemia-en-el-Per\u00fa-y-Apur\u00edmac-esta-considerado-como-un-problema-grave-de-salud-p\u00fablica-11.jpg?resize=300%2C200&amp;ssl=1 300w, https:\/\/i2.wp.com\/www.diresaapurimac.gob.pe\/web\/wp-content\/uploads\/2019\/12\/La-Anemia-en-el-Per\u00fa-y-Apur\u00edmac-esta-considerado-como-un-problema-grave-de-salud-p\u00fablica-11.jpg?resize=768%2C512&amp;ssl=1 768w, https:\/\/i2.wp.com\/www.diresaapurimac.gob.pe\/web\/wp-content\/uploads\/2019\/12\/La-Anemia-en-el-Per\u00fa-y-Apur\u00edmac-esta-considerado-como-un-problema-grave-de-salud-p\u00fablica-11.jpg?resize=1536%2C1024&amp;ssl=1 1536w, https:\/\/i2.wp.com\/www.diresaapurimac.gob.pe\/web\/wp-content\/uploads\/2019\/12\/La-Anemia-en-el-Per\u00fa-y-Apur\u00edmac-esta-considerado-como-un-problema-grave-de-salud-p\u00fablica-11.jpg?w=2048&amp;ssl=1 2048w\" sizes=\"auto, (max-width: 1000px) 100vw, 1000px\" data-recalc-dims=\"1\" \/><\/figure><\/li><li class=\"blocks-gallery-item\"><figure><img loading=\"lazy\" decoding=\"async\" width=\"1024\" height=\"683\" src=\"https:\/\/i2.wp.com\/www.diresaapurimac.gob.pe\/web\/wp-content\/uploads\/2019\/12\/La-Anemia-en-el-Per\u00fa-y-Apur\u00edmac-esta-considerado-como-un-problema-grave-de-salud-p\u00fablica-12-1024x683.jpg?resize=1024%2C683\" alt=\"\" data-id=\"2327\" data-full-url=\"http:\/\/www.diresaapurimac.gob.pe\/web\/wp-content\/uploads\/2019\/12\/La-Anemia-en-el-Per\u00fa-y-Apur\u00edmac-esta-considerado-como-un-problema-grave-de-salud-p\u00fablica-12.jpg\" data-link=\"http:\/\/www.diresaapurimac.gob.pe\/web\/?attachment_id=2327\" class=\"wp-image-2327\" srcset=\"https:\/\/i2.wp.com\/www.diresaapurimac.gob.pe\/web\/wp-content\/uploads\/2019\/12\/La-Anemia-en-el-Per\u00fa-y-Apur\u00edmac-esta-considerado-como-un-problema-grave-de-salud-p\u00fablica-12.jpg?resize=1024%2C683&amp;ssl=1 1024w, https:\/\/i2.wp.com\/www.diresaapurimac.gob.pe\/web\/wp-content\/uploads\/2019\/12\/La-Anemia-en-el-Per\u00fa-y-Apur\u00edmac-esta-considerado-como-un-problema-grave-de-salud-p\u00fablica-12.jpg?resize=300%2C200&amp;ssl=1 300w, https:\/\/i2.wp.com\/www.diresaapurimac.gob.pe\/web\/wp-content\/uploads\/2019\/12\/La-Anemia-en-el-Per\u00fa-y-Apur\u00edmac-esta-considerado-como-un-problema-grave-de-salud-p\u00fablica-12.jpg?resize=768%2C512&amp;ssl=1 768w, https:\/\/i2.wp.com\/www.diresaapurimac.gob.pe\/web\/wp-content\/uploads\/2019\/12\/La-Anemia-en-el-Per\u00fa-y-Apur\u00edmac-esta-considerado-como-un-problema-grave-de-salud-p\u00fablica-12.jpg?resize=1536%2C1024&amp;ssl=1 1536w, https:\/\/i2.wp.com\/www.diresaapurimac.gob.pe\/web\/wp-content\/uploads\/2019\/12\/La-Anemia-en-el-Per\u00fa-y-Apur\u00edmac-esta-considerado-como-un-problema-grave-de-salud-p\u00fablica-12.jpg?w=2048&amp;ssl=1 2048w\" sizes=\"auto, (max-width: 1000px) 100vw, 1000px\" data-recalc-dims=\"1\" \/><\/figure><\/li><li class=\"blocks-gallery-item\"><figure><img loading=\"lazy\" decoding=\"async\" width=\"1024\" height=\"683\" src=\"https:\/\/i2.wp.com\/www.diresaapurimac.gob.pe\/web\/wp-content\/uploads\/2019\/12\/La-Anemia-en-el-Per\u00fa-y-Apur\u00edmac-esta-considerado-como-un-problema-grave-de-salud-p\u00fablica-13-1024x683.jpg?resize=1024%2C683\" alt=\"\" data-id=\"2328\" data-full-url=\"http:\/\/www.diresaapurimac.gob.pe\/web\/wp-content\/uploads\/2019\/12\/La-Anemia-en-el-Per\u00fa-y-Apur\u00edmac-esta-considerado-como-un-problema-grave-de-salud-p\u00fablica-13.jpg\" data-link=\"http:\/\/www.diresaapurimac.gob.pe\/web\/?attachment_id=2328\" class=\"wp-image-2328\" srcset=\"https:\/\/i0.wp.com\/www.diresaapurimac.gob.pe\/web\/wp-content\/uploads\/2019\/12\/La-Anemia-en-el-Per\u00fa-y-Apur\u00edmac-esta-considerado-como-un-problema-grave-de-salud-p\u00fablica-13.jpg?resize=1024%2C683&amp;ssl=1 1024w, https:\/\/i0.wp.com\/www.diresaapurimac.gob.pe\/web\/wp-content\/uploads\/2019\/12\/La-Anemia-en-el-Per\u00fa-y-Apur\u00edmac-esta-considerado-como-un-problema-grave-de-salud-p\u00fablica-13.jpg?resize=300%2C200&amp;ssl=1 300w, https:\/\/i0.wp.com\/www.diresaapurimac.gob.pe\/web\/wp-content\/uploads\/2019\/12\/La-Anemia-en-el-Per\u00fa-y-Apur\u00edmac-esta-considerado-como-un-problema-grave-de-salud-p\u00fablica-13.jpg?resize=768%2C512&amp;ssl=1 768w, https:\/\/i0.wp.com\/www.diresaapurimac.gob.pe\/web\/wp-content\/uploads\/2019\/12\/La-Anemia-en-el-Per\u00fa-y-Apur\u00edmac-esta-considerado-como-un-problema-grave-de-salud-p\u00fablica-13.jpg?resize=1536%2C1024&amp;ssl=1 1536w, https:\/\/i0.wp.com\/www.diresaapurimac.gob.pe\/web\/wp-content\/uploads\/2019\/12\/La-Anemia-en-el-Per\u00fa-y-Apur\u00edmac-esta-considerado-como-un-problema-grave-de-salud-p\u00fablica-13.jpg?w=2048&amp;ssl=1 2048w\" sizes=\"auto, (max-width: 1000px) 100vw, 1000px\" data-recalc-dims=\"1\" \/><\/figure><\/li><\/ul><\/figure>\n\n\n\n<p>Direcci\u00f3n de Imagen Institucional<\/p>\n\n\n\n<p><\/p>\n","protected":false},"excerpt":{"rendered":"<p>La Pol\u00edtica Regional del Gobernador Lic. Baltazar Lantar\u00f3n Nu\u00f1ez es clara, y en esta l\u00f3gica se est\u00e1n implementando acciones y estrategias dentro del Plan Regional de la Lucha Contra la Anemia, incidiendo adem\u00e1s en la mejora de la salud, educaci\u00f3n, agua y saneamiento, fomento del desarrollo agropecuario para asegurar la provisi\u00f3n alimentaria, vivienda, entre otros, [&hellip;]<\/p>\n","protected":false},"author":1,"featured_media":2317,"comment_status":"closed","ping_status":"closed","sticky":false,"template":"","format":"standard","meta":{"spay_email":"","footnotes":""},"categories":[1],"tags":[158,286,21,24],"class_list":["post-2312","post","type-post","status-publish","format-standard","has-post-thumbnail","hentry","category-noticias","tag-baltazar-lantaron-nunez","tag-claudio-quintana-espinoza","tag-diresa-apurimac","tag-lucha-contra-la-anemia-en-apurimac"],"jetpack_featured_media_url":"https:\/\/i1.wp.com\/www.diresaapurimac.gob.pe\/web\/wp-content\/uploads\/2019\/12\/La-Anemia-en-el-Per\u00fa-y-Apur\u00edmac-esta-considerado-como-un-problema-grave-de-salud-p\u00fablica-2.jpg?fit=2048%2C1365&ssl=1","_links":{"self":[{"href":"https:\/\/www.diresaapurimac.gob.pe\/web\/wp-json\/wp\/v2\/posts\/2312","targetHints":{"allow":["GET"]}}],"collection":[{"href":"https:\/\/www.diresaapurimac.gob.pe\/web\/wp-json\/wp\/v2\/posts"}],"about":[{"href":"https:\/\/www.diresaapurimac.gob.pe\/web\/wp-json\/wp\/v2\/types\/post"}],"author":[{"embeddable":true,"href":"https:\/\/www.diresaapurimac.gob.pe\/web\/wp-json\/wp\/v2\/users\/1"}],"replies":[{"embeddable":true,"href":"https:\/\/www.diresaapurimac.gob.pe\/web\/wp-json\/wp\/v2\/comments?post=2312"}],"version-history":[{"count":1,"href":"https:\/\/www.diresaapurimac.gob.pe\/web\/wp-json\/wp\/v2\/posts\/2312\/revisions"}],"predecessor-version":[{"id":2329,"href":"https:\/\/www.diresaapurimac.gob.pe\/web\/wp-json\/wp\/v2\/posts\/2312\/revisions\/2329"}],"wp:featuredmedia":[{"embeddable":true,"href":"https:\/\/www.diresaapurimac.gob.pe\/web\/wp-json\/wp\/v2\/media\/2317"}],"wp:attachment":[{"href":"https:\/\/www.diresaapurimac.gob.pe\/web\/wp-json\/wp\/v2\/media?parent=2312"}],"wp:term":[{"taxonomy":"category","embeddable":true,"href":"https:\/\/www.diresaapurimac.gob.pe\/web\/wp-json\/wp\/v2\/categories?post=2312"},{"taxonomy":"post_tag","embeddable":true,"href":"https:\/\/www.diresaapurimac.gob.pe\/web\/wp-json\/wp\/v2\/tags?post=2312"}],"curies":[{"name":"wp","href":"https:\/\/api.w.org\/{rel}","templated":true}]}}