{"id":2299,"date":"2019-12-06T17:10:36","date_gmt":"2019-12-06T17:10:36","guid":{"rendered":"http:\/\/www.diresaapurimac.gob.pe\/web\/?p=2299"},"modified":"2019-12-06T17:10:44","modified_gmt":"2019-12-06T17:10:44","slug":"diresa-fortalece-campana-contra-la-discriminacion-y-exclusion-por-discapacidad","status":"publish","type":"post","link":"https:\/\/www.diresaapurimac.gob.pe\/web\/noticias\/diresa-fortalece-campana-contra-la-discriminacion-y-exclusion-por-discapacidad\/","title":{"rendered":"DIRESA fortalece campa\u00f1a contra la discriminaci\u00f3n y exclusi\u00f3n por discapacidad"},"content":{"rendered":"\n<p>Al conmemorarse el d\u00eda de la persona con discapacidad, visitamos a los ni\u00f1os y j\u00f3venes del Centro de Educaci\u00f3n Especial de La Salle de Abancay, para reforzar el compromiso desplegado por la DIRESA a trav\u00e9s de la Coordinaci\u00f3n de Discapacidad, y el apoyo en pro de la salud f\u00edsica y mental de los estudiantes de dicho centro.<\/p>\n\n\n\n<p>LA INCLUSI\u00d3N ROMPE BARRERAS<\/p>\n\n\n\n<p>\u00a1\u00a1\u00a1Allin Kawsanapaq!!!<\/p>\n\n\n\n<p><\/p>\n\n\n\n<figure class=\"wp-block-gallery columns-3 is-cropped wp-block-gallery-1 is-layout-flex wp-block-gallery-is-layout-flex\"><ul class=\"blocks-gallery-grid\"><li class=\"blocks-gallery-item\"><figure><img loading=\"lazy\" decoding=\"async\" width=\"1024\" height=\"683\" src=\"https:\/\/i1.wp.com\/www.diresaapurimac.gob.pe\/web\/wp-content\/uploads\/2019\/12\/DIRESA-Apurimac-fortalece-campa\u00f1a-contra-la-discriminaci\u00f3n-y-exclusi\u00f3n-por-discapacidad-14-1024x683.jpg?resize=1024%2C683\" alt=\"\" data-id=\"2314\" data-full-url=\"http:\/\/www.diresaapurimac.gob.pe\/web\/wp-content\/uploads\/2019\/12\/DIRESA-Apurimac-fortalece-campa\u00f1a-contra-la-discriminaci\u00f3n-y-exclusi\u00f3n-por-discapacidad-14.jpg\" data-link=\"http:\/\/www.diresaapurimac.gob.pe\/web\/?attachment_id=2314\" class=\"wp-image-2314\" srcset=\"https:\/\/i2.wp.com\/www.diresaapurimac.gob.pe\/web\/wp-content\/uploads\/2019\/12\/DIRESA-Apurimac-fortalece-campa\u00f1a-contra-la-discriminaci\u00f3n-y-exclusi\u00f3n-por-discapacidad-14.jpg?resize=1024%2C683&amp;ssl=1 1024w, https:\/\/i2.wp.com\/www.diresaapurimac.gob.pe\/web\/wp-content\/uploads\/2019\/12\/DIRESA-Apurimac-fortalece-campa\u00f1a-contra-la-discriminaci\u00f3n-y-exclusi\u00f3n-por-discapacidad-14.jpg?resize=300%2C200&amp;ssl=1 300w, https:\/\/i2.wp.com\/www.diresaapurimac.gob.pe\/web\/wp-content\/uploads\/2019\/12\/DIRESA-Apurimac-fortalece-campa\u00f1a-contra-la-discriminaci\u00f3n-y-exclusi\u00f3n-por-discapacidad-14.jpg?resize=768%2C512&amp;ssl=1 768w, https:\/\/i2.wp.com\/www.diresaapurimac.gob.pe\/web\/wp-content\/uploads\/2019\/12\/DIRESA-Apurimac-fortalece-campa\u00f1a-contra-la-discriminaci\u00f3n-y-exclusi\u00f3n-por-discapacidad-14.jpg?resize=1536%2C1024&amp;ssl=1 1536w, https:\/\/i2.wp.com\/www.diresaapurimac.gob.pe\/web\/wp-content\/uploads\/2019\/12\/DIRESA-Apurimac-fortalece-campa\u00f1a-contra-la-discriminaci\u00f3n-y-exclusi\u00f3n-por-discapacidad-14.jpg?w=2048&amp;ssl=1 2048w\" sizes=\"auto, (max-width: 1000px) 100vw, 1000px\" data-recalc-dims=\"1\" \/><\/figure><\/li><li class=\"blocks-gallery-item\"><figure><img loading=\"lazy\" decoding=\"async\" width=\"1024\" height=\"683\" src=\"https:\/\/i2.wp.com\/www.diresaapurimac.gob.pe\/web\/wp-content\/uploads\/2019\/12\/DIRESA-Apurimac-fortalece-campa\u00f1a-contra-la-discriminaci\u00f3n-y-exclusi\u00f3n-por-discapacidad-13-1024x683.jpg?resize=1024%2C683\" alt=\"\" data-id=\"2313\" data-full-url=\"http:\/\/www.diresaapurimac.gob.pe\/web\/wp-content\/uploads\/2019\/12\/DIRESA-Apurimac-fortalece-campa\u00f1a-contra-la-discriminaci\u00f3n-y-exclusi\u00f3n-por-discapacidad-13.jpg\" data-link=\"http:\/\/www.diresaapurimac.gob.pe\/web\/?attachment_id=2313\" class=\"wp-image-2313\" srcset=\"https:\/\/i2.wp.com\/www.diresaapurimac.gob.pe\/web\/wp-content\/uploads\/2019\/12\/DIRESA-Apurimac-fortalece-campa\u00f1a-contra-la-discriminaci\u00f3n-y-exclusi\u00f3n-por-discapacidad-13.jpg?resize=1024%2C683&amp;ssl=1 1024w, https:\/\/i2.wp.com\/www.diresaapurimac.gob.pe\/web\/wp-content\/uploads\/2019\/12\/DIRESA-Apurimac-fortalece-campa\u00f1a-contra-la-discriminaci\u00f3n-y-exclusi\u00f3n-por-discapacidad-13.jpg?resize=300%2C200&amp;ssl=1 300w, https:\/\/i2.wp.com\/www.diresaapurimac.gob.pe\/web\/wp-content\/uploads\/2019\/12\/DIRESA-Apurimac-fortalece-campa\u00f1a-contra-la-discriminaci\u00f3n-y-exclusi\u00f3n-por-discapacidad-13.jpg?resize=768%2C512&amp;ssl=1 768w, https:\/\/i2.wp.com\/www.diresaapurimac.gob.pe\/web\/wp-content\/uploads\/2019\/12\/DIRESA-Apurimac-fortalece-campa\u00f1a-contra-la-discriminaci\u00f3n-y-exclusi\u00f3n-por-discapacidad-13.jpg?resize=1536%2C1024&amp;ssl=1 1536w, https:\/\/i2.wp.com\/www.diresaapurimac.gob.pe\/web\/wp-content\/uploads\/2019\/12\/DIRESA-Apurimac-fortalece-campa\u00f1a-contra-la-discriminaci\u00f3n-y-exclusi\u00f3n-por-discapacidad-13.jpg?w=2048&amp;ssl=1 2048w\" sizes=\"auto, (max-width: 1000px) 100vw, 1000px\" data-recalc-dims=\"1\" \/><\/figure><\/li><li class=\"blocks-gallery-item\"><figure><img loading=\"lazy\" decoding=\"async\" width=\"1024\" height=\"683\" src=\"https:\/\/i2.wp.com\/www.diresaapurimac.gob.pe\/web\/wp-content\/uploads\/2019\/12\/DIRESA-Apurimac-fortalece-campa\u00f1a-contra-la-discriminaci\u00f3n-y-exclusi\u00f3n-por-discapacidad-12-1024x683.jpg?resize=1024%2C683\" alt=\"\" data-id=\"2311\" data-full-url=\"http:\/\/www.diresaapurimac.gob.pe\/web\/wp-content\/uploads\/2019\/12\/DIRESA-Apurimac-fortalece-campa\u00f1a-contra-la-discriminaci\u00f3n-y-exclusi\u00f3n-por-discapacidad-12.jpg\" data-link=\"http:\/\/www.diresaapurimac.gob.pe\/web\/?attachment_id=2311\" class=\"wp-image-2311\" srcset=\"https:\/\/i0.wp.com\/www.diresaapurimac.gob.pe\/web\/wp-content\/uploads\/2019\/12\/DIRESA-Apurimac-fortalece-campa\u00f1a-contra-la-discriminaci\u00f3n-y-exclusi\u00f3n-por-discapacidad-12.jpg?resize=1024%2C683&amp;ssl=1 1024w, https:\/\/i0.wp.com\/www.diresaapurimac.gob.pe\/web\/wp-content\/uploads\/2019\/12\/DIRESA-Apurimac-fortalece-campa\u00f1a-contra-la-discriminaci\u00f3n-y-exclusi\u00f3n-por-discapacidad-12.jpg?resize=300%2C200&amp;ssl=1 300w, https:\/\/i0.wp.com\/www.diresaapurimac.gob.pe\/web\/wp-content\/uploads\/2019\/12\/DIRESA-Apurimac-fortalece-campa\u00f1a-contra-la-discriminaci\u00f3n-y-exclusi\u00f3n-por-discapacidad-12.jpg?resize=768%2C512&amp;ssl=1 768w, https:\/\/i0.wp.com\/www.diresaapurimac.gob.pe\/web\/wp-content\/uploads\/2019\/12\/DIRESA-Apurimac-fortalece-campa\u00f1a-contra-la-discriminaci\u00f3n-y-exclusi\u00f3n-por-discapacidad-12.jpg?resize=1536%2C1024&amp;ssl=1 1536w, https:\/\/i0.wp.com\/www.diresaapurimac.gob.pe\/web\/wp-content\/uploads\/2019\/12\/DIRESA-Apurimac-fortalece-campa\u00f1a-contra-la-discriminaci\u00f3n-y-exclusi\u00f3n-por-discapacidad-12.jpg?w=2048&amp;ssl=1 2048w\" sizes=\"auto, (max-width: 1000px) 100vw, 1000px\" data-recalc-dims=\"1\" \/><\/figure><\/li><li class=\"blocks-gallery-item\"><figure><img loading=\"lazy\" decoding=\"async\" width=\"1024\" height=\"683\" src=\"https:\/\/i1.wp.com\/www.diresaapurimac.gob.pe\/web\/wp-content\/uploads\/2019\/12\/DIRESA-Apurimac-fortalece-campa\u00f1a-contra-la-discriminaci\u00f3n-y-exclusi\u00f3n-por-discapacidad-11-1024x683.jpg?resize=1024%2C683\" alt=\"\" data-id=\"2310\" data-full-url=\"http:\/\/www.diresaapurimac.gob.pe\/web\/wp-content\/uploads\/2019\/12\/DIRESA-Apurimac-fortalece-campa\u00f1a-contra-la-discriminaci\u00f3n-y-exclusi\u00f3n-por-discapacidad-11.jpg\" data-link=\"http:\/\/www.diresaapurimac.gob.pe\/web\/?attachment_id=2310\" class=\"wp-image-2310\" srcset=\"https:\/\/i0.wp.com\/www.diresaapurimac.gob.pe\/web\/wp-content\/uploads\/2019\/12\/DIRESA-Apurimac-fortalece-campa\u00f1a-contra-la-discriminaci\u00f3n-y-exclusi\u00f3n-por-discapacidad-11.jpg?resize=1024%2C683&amp;ssl=1 1024w, https:\/\/i0.wp.com\/www.diresaapurimac.gob.pe\/web\/wp-content\/uploads\/2019\/12\/DIRESA-Apurimac-fortalece-campa\u00f1a-contra-la-discriminaci\u00f3n-y-exclusi\u00f3n-por-discapacidad-11.jpg?resize=300%2C200&amp;ssl=1 300w, https:\/\/i0.wp.com\/www.diresaapurimac.gob.pe\/web\/wp-content\/uploads\/2019\/12\/DIRESA-Apurimac-fortalece-campa\u00f1a-contra-la-discriminaci\u00f3n-y-exclusi\u00f3n-por-discapacidad-11.jpg?resize=768%2C512&amp;ssl=1 768w, https:\/\/i0.wp.com\/www.diresaapurimac.gob.pe\/web\/wp-content\/uploads\/2019\/12\/DIRESA-Apurimac-fortalece-campa\u00f1a-contra-la-discriminaci\u00f3n-y-exclusi\u00f3n-por-discapacidad-11.jpg?resize=1536%2C1024&amp;ssl=1 1536w, https:\/\/i0.wp.com\/www.diresaapurimac.gob.pe\/web\/wp-content\/uploads\/2019\/12\/DIRESA-Apurimac-fortalece-campa\u00f1a-contra-la-discriminaci\u00f3n-y-exclusi\u00f3n-por-discapacidad-11.jpg?w=2048&amp;ssl=1 2048w\" sizes=\"auto, (max-width: 1000px) 100vw, 1000px\" data-recalc-dims=\"1\" \/><\/figure><\/li><li class=\"blocks-gallery-item\"><figure><img loading=\"lazy\" decoding=\"async\" width=\"1024\" height=\"683\" src=\"https:\/\/i1.wp.com\/www.diresaapurimac.gob.pe\/web\/wp-content\/uploads\/2019\/12\/DIRESA-Apurimac-fortalece-campa\u00f1a-contra-la-discriminaci\u00f3n-y-exclusi\u00f3n-por-discapacidad-10-1024x683.jpg?resize=1024%2C683\" alt=\"\" data-id=\"2309\" data-full-url=\"http:\/\/www.diresaapurimac.gob.pe\/web\/wp-content\/uploads\/2019\/12\/DIRESA-Apurimac-fortalece-campa\u00f1a-contra-la-discriminaci\u00f3n-y-exclusi\u00f3n-por-discapacidad-10.jpg\" data-link=\"http:\/\/www.diresaapurimac.gob.pe\/web\/?attachment_id=2309\" class=\"wp-image-2309\" srcset=\"https:\/\/i0.wp.com\/www.diresaapurimac.gob.pe\/web\/wp-content\/uploads\/2019\/12\/DIRESA-Apurimac-fortalece-campa\u00f1a-contra-la-discriminaci\u00f3n-y-exclusi\u00f3n-por-discapacidad-10.jpg?resize=1024%2C683&amp;ssl=1 1024w, https:\/\/i0.wp.com\/www.diresaapurimac.gob.pe\/web\/wp-content\/uploads\/2019\/12\/DIRESA-Apurimac-fortalece-campa\u00f1a-contra-la-discriminaci\u00f3n-y-exclusi\u00f3n-por-discapacidad-10.jpg?resize=300%2C200&amp;ssl=1 300w, https:\/\/i0.wp.com\/www.diresaapurimac.gob.pe\/web\/wp-content\/uploads\/2019\/12\/DIRESA-Apurimac-fortalece-campa\u00f1a-contra-la-discriminaci\u00f3n-y-exclusi\u00f3n-por-discapacidad-10.jpg?resize=768%2C512&amp;ssl=1 768w, https:\/\/i0.wp.com\/www.diresaapurimac.gob.pe\/web\/wp-content\/uploads\/2019\/12\/DIRESA-Apurimac-fortalece-campa\u00f1a-contra-la-discriminaci\u00f3n-y-exclusi\u00f3n-por-discapacidad-10.jpg?resize=1536%2C1024&amp;ssl=1 1536w, https:\/\/i0.wp.com\/www.diresaapurimac.gob.pe\/web\/wp-content\/uploads\/2019\/12\/DIRESA-Apurimac-fortalece-campa\u00f1a-contra-la-discriminaci\u00f3n-y-exclusi\u00f3n-por-discapacidad-10.jpg?w=2048&amp;ssl=1 2048w\" sizes=\"auto, (max-width: 1000px) 100vw, 1000px\" data-recalc-dims=\"1\" \/><\/figure><\/li><li class=\"blocks-gallery-item\"><figure><img loading=\"lazy\" decoding=\"async\" width=\"1024\" height=\"683\" src=\"https:\/\/i2.wp.com\/www.diresaapurimac.gob.pe\/web\/wp-content\/uploads\/2019\/12\/DIRESA-Apurimac-fortalece-campa\u00f1a-contra-la-discriminaci\u00f3n-y-exclusi\u00f3n-por-discapacidad-9-1024x683.jpg?resize=1024%2C683\" alt=\"\" data-id=\"2308\" data-full-url=\"http:\/\/www.diresaapurimac.gob.pe\/web\/wp-content\/uploads\/2019\/12\/DIRESA-Apurimac-fortalece-campa\u00f1a-contra-la-discriminaci\u00f3n-y-exclusi\u00f3n-por-discapacidad-9.jpg\" data-link=\"http:\/\/www.diresaapurimac.gob.pe\/web\/?attachment_id=2308\" class=\"wp-image-2308\" srcset=\"https:\/\/i2.wp.com\/www.diresaapurimac.gob.pe\/web\/wp-content\/uploads\/2019\/12\/DIRESA-Apurimac-fortalece-campa\u00f1a-contra-la-discriminaci\u00f3n-y-exclusi\u00f3n-por-discapacidad-9.jpg?resize=1024%2C683&amp;ssl=1 1024w, https:\/\/i2.wp.com\/www.diresaapurimac.gob.pe\/web\/wp-content\/uploads\/2019\/12\/DIRESA-Apurimac-fortalece-campa\u00f1a-contra-la-discriminaci\u00f3n-y-exclusi\u00f3n-por-discapacidad-9.jpg?resize=300%2C200&amp;ssl=1 300w, https:\/\/i2.wp.com\/www.diresaapurimac.gob.pe\/web\/wp-content\/uploads\/2019\/12\/DIRESA-Apurimac-fortalece-campa\u00f1a-contra-la-discriminaci\u00f3n-y-exclusi\u00f3n-por-discapacidad-9.jpg?resize=768%2C512&amp;ssl=1 768w, https:\/\/i2.wp.com\/www.diresaapurimac.gob.pe\/web\/wp-content\/uploads\/2019\/12\/DIRESA-Apurimac-fortalece-campa\u00f1a-contra-la-discriminaci\u00f3n-y-exclusi\u00f3n-por-discapacidad-9.jpg?resize=1536%2C1024&amp;ssl=1 1536w, https:\/\/i2.wp.com\/www.diresaapurimac.gob.pe\/web\/wp-content\/uploads\/2019\/12\/DIRESA-Apurimac-fortalece-campa\u00f1a-contra-la-discriminaci\u00f3n-y-exclusi\u00f3n-por-discapacidad-9.jpg?w=2048&amp;ssl=1 2048w\" sizes=\"auto, (max-width: 1000px) 100vw, 1000px\" data-recalc-dims=\"1\" \/><\/figure><\/li><li class=\"blocks-gallery-item\"><figure><img loading=\"lazy\" decoding=\"async\" width=\"1024\" height=\"683\" src=\"https:\/\/i2.wp.com\/www.diresaapurimac.gob.pe\/web\/wp-content\/uploads\/2019\/12\/DIRESA-Apurimac-fortalece-campa\u00f1a-contra-la-discriminaci\u00f3n-y-exclusi\u00f3n-por-discapacidad-8-1024x683.jpg?resize=1024%2C683\" alt=\"\" data-id=\"2307\" data-full-url=\"http:\/\/www.diresaapurimac.gob.pe\/web\/wp-content\/uploads\/2019\/12\/DIRESA-Apurimac-fortalece-campa\u00f1a-contra-la-discriminaci\u00f3n-y-exclusi\u00f3n-por-discapacidad-8.jpg\" data-link=\"http:\/\/www.diresaapurimac.gob.pe\/web\/?attachment_id=2307\" class=\"wp-image-2307\" srcset=\"https:\/\/i0.wp.com\/www.diresaapurimac.gob.pe\/web\/wp-content\/uploads\/2019\/12\/DIRESA-Apurimac-fortalece-campa\u00f1a-contra-la-discriminaci\u00f3n-y-exclusi\u00f3n-por-discapacidad-8.jpg?resize=1024%2C683&amp;ssl=1 1024w, https:\/\/i0.wp.com\/www.diresaapurimac.gob.pe\/web\/wp-content\/uploads\/2019\/12\/DIRESA-Apurimac-fortalece-campa\u00f1a-contra-la-discriminaci\u00f3n-y-exclusi\u00f3n-por-discapacidad-8.jpg?resize=300%2C200&amp;ssl=1 300w, https:\/\/i0.wp.com\/www.diresaapurimac.gob.pe\/web\/wp-content\/uploads\/2019\/12\/DIRESA-Apurimac-fortalece-campa\u00f1a-contra-la-discriminaci\u00f3n-y-exclusi\u00f3n-por-discapacidad-8.jpg?resize=768%2C512&amp;ssl=1 768w, https:\/\/i0.wp.com\/www.diresaapurimac.gob.pe\/web\/wp-content\/uploads\/2019\/12\/DIRESA-Apurimac-fortalece-campa\u00f1a-contra-la-discriminaci\u00f3n-y-exclusi\u00f3n-por-discapacidad-8.jpg?resize=1536%2C1024&amp;ssl=1 1536w, https:\/\/i0.wp.com\/www.diresaapurimac.gob.pe\/web\/wp-content\/uploads\/2019\/12\/DIRESA-Apurimac-fortalece-campa\u00f1a-contra-la-discriminaci\u00f3n-y-exclusi\u00f3n-por-discapacidad-8.jpg?w=2048&amp;ssl=1 2048w\" sizes=\"auto, (max-width: 1000px) 100vw, 1000px\" data-recalc-dims=\"1\" \/><\/figure><\/li><li class=\"blocks-gallery-item\"><figure><img loading=\"lazy\" decoding=\"async\" width=\"1024\" height=\"683\" src=\"https:\/\/i0.wp.com\/www.diresaapurimac.gob.pe\/web\/wp-content\/uploads\/2019\/12\/DIRESA-Apurimac-fortalece-campa\u00f1a-contra-la-discriminaci\u00f3n-y-exclusi\u00f3n-por-discapacidad-1-1024x683.jpg?resize=1024%2C683\" alt=\"\" data-id=\"2300\" data-full-url=\"http:\/\/www.diresaapurimac.gob.pe\/web\/wp-content\/uploads\/2019\/12\/DIRESA-Apurimac-fortalece-campa\u00f1a-contra-la-discriminaci\u00f3n-y-exclusi\u00f3n-por-discapacidad-1.jpg\" data-link=\"http:\/\/www.diresaapurimac.gob.pe\/web\/?attachment_id=2300\" class=\"wp-image-2300\" srcset=\"https:\/\/i1.wp.com\/www.diresaapurimac.gob.pe\/web\/wp-content\/uploads\/2019\/12\/DIRESA-Apurimac-fortalece-campa\u00f1a-contra-la-discriminaci\u00f3n-y-exclusi\u00f3n-por-discapacidad-1.jpg?resize=1024%2C683&amp;ssl=1 1024w, https:\/\/i1.wp.com\/www.diresaapurimac.gob.pe\/web\/wp-content\/uploads\/2019\/12\/DIRESA-Apurimac-fortalece-campa\u00f1a-contra-la-discriminaci\u00f3n-y-exclusi\u00f3n-por-discapacidad-1.jpg?resize=300%2C200&amp;ssl=1 300w, https:\/\/i1.wp.com\/www.diresaapurimac.gob.pe\/web\/wp-content\/uploads\/2019\/12\/DIRESA-Apurimac-fortalece-campa\u00f1a-contra-la-discriminaci\u00f3n-y-exclusi\u00f3n-por-discapacidad-1.jpg?resize=768%2C512&amp;ssl=1 768w, https:\/\/i1.wp.com\/www.diresaapurimac.gob.pe\/web\/wp-content\/uploads\/2019\/12\/DIRESA-Apurimac-fortalece-campa\u00f1a-contra-la-discriminaci\u00f3n-y-exclusi\u00f3n-por-discapacidad-1.jpg?resize=1536%2C1024&amp;ssl=1 1536w, https:\/\/i1.wp.com\/www.diresaapurimac.gob.pe\/web\/wp-content\/uploads\/2019\/12\/DIRESA-Apurimac-fortalece-campa\u00f1a-contra-la-discriminaci\u00f3n-y-exclusi\u00f3n-por-discapacidad-1.jpg?w=2048&amp;ssl=1 2048w\" sizes=\"auto, (max-width: 1000px) 100vw, 1000px\" data-recalc-dims=\"1\" \/><\/figure><\/li><li class=\"blocks-gallery-item\"><figure><img loading=\"lazy\" decoding=\"async\" width=\"1024\" height=\"683\" src=\"https:\/\/i0.wp.com\/www.diresaapurimac.gob.pe\/web\/wp-content\/uploads\/2019\/12\/DIRESA-Apurimac-fortalece-campa\u00f1a-contra-la-discriminaci\u00f3n-y-exclusi\u00f3n-por-discapacidad-2-1024x683.jpg?resize=1024%2C683\" alt=\"\" data-id=\"2301\" data-full-url=\"http:\/\/www.diresaapurimac.gob.pe\/web\/wp-content\/uploads\/2019\/12\/DIRESA-Apurimac-fortalece-campa\u00f1a-contra-la-discriminaci\u00f3n-y-exclusi\u00f3n-por-discapacidad-2.jpg\" data-link=\"http:\/\/www.diresaapurimac.gob.pe\/web\/?attachment_id=2301\" class=\"wp-image-2301\" srcset=\"https:\/\/i1.wp.com\/www.diresaapurimac.gob.pe\/web\/wp-content\/uploads\/2019\/12\/DIRESA-Apurimac-fortalece-campa\u00f1a-contra-la-discriminaci\u00f3n-y-exclusi\u00f3n-por-discapacidad-2.jpg?resize=1024%2C683&amp;ssl=1 1024w, https:\/\/i1.wp.com\/www.diresaapurimac.gob.pe\/web\/wp-content\/uploads\/2019\/12\/DIRESA-Apurimac-fortalece-campa\u00f1a-contra-la-discriminaci\u00f3n-y-exclusi\u00f3n-por-discapacidad-2.jpg?resize=300%2C200&amp;ssl=1 300w, https:\/\/i1.wp.com\/www.diresaapurimac.gob.pe\/web\/wp-content\/uploads\/2019\/12\/DIRESA-Apurimac-fortalece-campa\u00f1a-contra-la-discriminaci\u00f3n-y-exclusi\u00f3n-por-discapacidad-2.jpg?resize=768%2C512&amp;ssl=1 768w, https:\/\/i1.wp.com\/www.diresaapurimac.gob.pe\/web\/wp-content\/uploads\/2019\/12\/DIRESA-Apurimac-fortalece-campa\u00f1a-contra-la-discriminaci\u00f3n-y-exclusi\u00f3n-por-discapacidad-2.jpg?resize=1536%2C1024&amp;ssl=1 1536w, https:\/\/i1.wp.com\/www.diresaapurimac.gob.pe\/web\/wp-content\/uploads\/2019\/12\/DIRESA-Apurimac-fortalece-campa\u00f1a-contra-la-discriminaci\u00f3n-y-exclusi\u00f3n-por-discapacidad-2.jpg?w=2048&amp;ssl=1 2048w\" sizes=\"auto, (max-width: 1000px) 100vw, 1000px\" data-recalc-dims=\"1\" \/><\/figure><\/li><li class=\"blocks-gallery-item\"><figure><img loading=\"lazy\" decoding=\"async\" width=\"1024\" height=\"683\" src=\"https:\/\/i0.wp.com\/www.diresaapurimac.gob.pe\/web\/wp-content\/uploads\/2019\/12\/DIRESA-Apurimac-fortalece-campa\u00f1a-contra-la-discriminaci\u00f3n-y-exclusi\u00f3n-por-discapacidad-3-1024x683.jpg?resize=1024%2C683\" alt=\"\" data-id=\"2302\" data-full-url=\"http:\/\/www.diresaapurimac.gob.pe\/web\/wp-content\/uploads\/2019\/12\/DIRESA-Apurimac-fortalece-campa\u00f1a-contra-la-discriminaci\u00f3n-y-exclusi\u00f3n-por-discapacidad-3.jpg\" data-link=\"http:\/\/www.diresaapurimac.gob.pe\/web\/?attachment_id=2302\" class=\"wp-image-2302\" srcset=\"https:\/\/i2.wp.com\/www.diresaapurimac.gob.pe\/web\/wp-content\/uploads\/2019\/12\/DIRESA-Apurimac-fortalece-campa\u00f1a-contra-la-discriminaci\u00f3n-y-exclusi\u00f3n-por-discapacidad-3.jpg?resize=1024%2C683&amp;ssl=1 1024w, https:\/\/i2.wp.com\/www.diresaapurimac.gob.pe\/web\/wp-content\/uploads\/2019\/12\/DIRESA-Apurimac-fortalece-campa\u00f1a-contra-la-discriminaci\u00f3n-y-exclusi\u00f3n-por-discapacidad-3.jpg?resize=300%2C200&amp;ssl=1 300w, https:\/\/i2.wp.com\/www.diresaapurimac.gob.pe\/web\/wp-content\/uploads\/2019\/12\/DIRESA-Apurimac-fortalece-campa\u00f1a-contra-la-discriminaci\u00f3n-y-exclusi\u00f3n-por-discapacidad-3.jpg?resize=768%2C512&amp;ssl=1 768w, https:\/\/i2.wp.com\/www.diresaapurimac.gob.pe\/web\/wp-content\/uploads\/2019\/12\/DIRESA-Apurimac-fortalece-campa\u00f1a-contra-la-discriminaci\u00f3n-y-exclusi\u00f3n-por-discapacidad-3.jpg?resize=1536%2C1024&amp;ssl=1 1536w, https:\/\/i2.wp.com\/www.diresaapurimac.gob.pe\/web\/wp-content\/uploads\/2019\/12\/DIRESA-Apurimac-fortalece-campa\u00f1a-contra-la-discriminaci\u00f3n-y-exclusi\u00f3n-por-discapacidad-3.jpg?w=2048&amp;ssl=1 2048w\" sizes=\"auto, (max-width: 1000px) 100vw, 1000px\" data-recalc-dims=\"1\" \/><\/figure><\/li><li class=\"blocks-gallery-item\"><figure><img loading=\"lazy\" decoding=\"async\" width=\"1024\" height=\"683\" src=\"https:\/\/i2.wp.com\/www.diresaapurimac.gob.pe\/web\/wp-content\/uploads\/2019\/12\/DIRESA-Apurimac-fortalece-campa\u00f1a-contra-la-discriminaci\u00f3n-y-exclusi\u00f3n-por-discapacidad-4-1024x683.jpg?resize=1024%2C683\" alt=\"\" data-id=\"2303\" data-full-url=\"http:\/\/www.diresaapurimac.gob.pe\/web\/wp-content\/uploads\/2019\/12\/DIRESA-Apurimac-fortalece-campa\u00f1a-contra-la-discriminaci\u00f3n-y-exclusi\u00f3n-por-discapacidad-4.jpg\" data-link=\"http:\/\/www.diresaapurimac.gob.pe\/web\/?attachment_id=2303\" class=\"wp-image-2303\" srcset=\"https:\/\/i1.wp.com\/www.diresaapurimac.gob.pe\/web\/wp-content\/uploads\/2019\/12\/DIRESA-Apurimac-fortalece-campa\u00f1a-contra-la-discriminaci\u00f3n-y-exclusi\u00f3n-por-discapacidad-4.jpg?resize=1024%2C683&amp;ssl=1 1024w, https:\/\/i1.wp.com\/www.diresaapurimac.gob.pe\/web\/wp-content\/uploads\/2019\/12\/DIRESA-Apurimac-fortalece-campa\u00f1a-contra-la-discriminaci\u00f3n-y-exclusi\u00f3n-por-discapacidad-4.jpg?resize=300%2C200&amp;ssl=1 300w, https:\/\/i1.wp.com\/www.diresaapurimac.gob.pe\/web\/wp-content\/uploads\/2019\/12\/DIRESA-Apurimac-fortalece-campa\u00f1a-contra-la-discriminaci\u00f3n-y-exclusi\u00f3n-por-discapacidad-4.jpg?resize=768%2C512&amp;ssl=1 768w, https:\/\/i1.wp.com\/www.diresaapurimac.gob.pe\/web\/wp-content\/uploads\/2019\/12\/DIRESA-Apurimac-fortalece-campa\u00f1a-contra-la-discriminaci\u00f3n-y-exclusi\u00f3n-por-discapacidad-4.jpg?resize=1536%2C1024&amp;ssl=1 1536w, https:\/\/i1.wp.com\/www.diresaapurimac.gob.pe\/web\/wp-content\/uploads\/2019\/12\/DIRESA-Apurimac-fortalece-campa\u00f1a-contra-la-discriminaci\u00f3n-y-exclusi\u00f3n-por-discapacidad-4.jpg?w=2048&amp;ssl=1 2048w\" sizes=\"auto, (max-width: 1000px) 100vw, 1000px\" data-recalc-dims=\"1\" \/><\/figure><\/li><li class=\"blocks-gallery-item\"><figure><img loading=\"lazy\" decoding=\"async\" width=\"1024\" height=\"683\" src=\"https:\/\/i2.wp.com\/www.diresaapurimac.gob.pe\/web\/wp-content\/uploads\/2019\/12\/DIRESA-Apurimac-fortalece-campa\u00f1a-contra-la-discriminaci\u00f3n-y-exclusi\u00f3n-por-discapacidad-5-1024x683.jpg?resize=1024%2C683\" alt=\"\" data-id=\"2304\" data-full-url=\"http:\/\/www.diresaapurimac.gob.pe\/web\/wp-content\/uploads\/2019\/12\/DIRESA-Apurimac-fortalece-campa\u00f1a-contra-la-discriminaci\u00f3n-y-exclusi\u00f3n-por-discapacidad-5.jpg\" data-link=\"http:\/\/www.diresaapurimac.gob.pe\/web\/?attachment_id=2304\" class=\"wp-image-2304\" srcset=\"https:\/\/i2.wp.com\/www.diresaapurimac.gob.pe\/web\/wp-content\/uploads\/2019\/12\/DIRESA-Apurimac-fortalece-campa\u00f1a-contra-la-discriminaci\u00f3n-y-exclusi\u00f3n-por-discapacidad-5.jpg?resize=1024%2C683&amp;ssl=1 1024w, https:\/\/i2.wp.com\/www.diresaapurimac.gob.pe\/web\/wp-content\/uploads\/2019\/12\/DIRESA-Apurimac-fortalece-campa\u00f1a-contra-la-discriminaci\u00f3n-y-exclusi\u00f3n-por-discapacidad-5.jpg?resize=300%2C200&amp;ssl=1 300w, https:\/\/i2.wp.com\/www.diresaapurimac.gob.pe\/web\/wp-content\/uploads\/2019\/12\/DIRESA-Apurimac-fortalece-campa\u00f1a-contra-la-discriminaci\u00f3n-y-exclusi\u00f3n-por-discapacidad-5.jpg?resize=768%2C512&amp;ssl=1 768w, https:\/\/i2.wp.com\/www.diresaapurimac.gob.pe\/web\/wp-content\/uploads\/2019\/12\/DIRESA-Apurimac-fortalece-campa\u00f1a-contra-la-discriminaci\u00f3n-y-exclusi\u00f3n-por-discapacidad-5.jpg?resize=1536%2C1025&amp;ssl=1 1536w, https:\/\/i2.wp.com\/www.diresaapurimac.gob.pe\/web\/wp-content\/uploads\/2019\/12\/DIRESA-Apurimac-fortalece-campa\u00f1a-contra-la-discriminaci\u00f3n-y-exclusi\u00f3n-por-discapacidad-5.jpg?w=1856&amp;ssl=1 1856w\" sizes=\"auto, (max-width: 1000px) 100vw, 1000px\" data-recalc-dims=\"1\" \/><\/figure><\/li><li class=\"blocks-gallery-item\"><figure><img loading=\"lazy\" decoding=\"async\" width=\"1024\" height=\"683\" src=\"https:\/\/i1.wp.com\/www.diresaapurimac.gob.pe\/web\/wp-content\/uploads\/2019\/12\/DIRESA-Apurimac-fortalece-campa\u00f1a-contra-la-discriminaci\u00f3n-y-exclusi\u00f3n-por-discapacidad-6-1024x683.jpg?resize=1024%2C683\" alt=\"\" data-id=\"2305\" data-full-url=\"http:\/\/www.diresaapurimac.gob.pe\/web\/wp-content\/uploads\/2019\/12\/DIRESA-Apurimac-fortalece-campa\u00f1a-contra-la-discriminaci\u00f3n-y-exclusi\u00f3n-por-discapacidad-6.jpg\" data-link=\"http:\/\/www.diresaapurimac.gob.pe\/web\/?attachment_id=2305\" class=\"wp-image-2305\" srcset=\"https:\/\/i2.wp.com\/www.diresaapurimac.gob.pe\/web\/wp-content\/uploads\/2019\/12\/DIRESA-Apurimac-fortalece-campa\u00f1a-contra-la-discriminaci\u00f3n-y-exclusi\u00f3n-por-discapacidad-6.jpg?resize=1024%2C683&amp;ssl=1 1024w, https:\/\/i2.wp.com\/www.diresaapurimac.gob.pe\/web\/wp-content\/uploads\/2019\/12\/DIRESA-Apurimac-fortalece-campa\u00f1a-contra-la-discriminaci\u00f3n-y-exclusi\u00f3n-por-discapacidad-6.jpg?resize=300%2C200&amp;ssl=1 300w, https:\/\/i2.wp.com\/www.diresaapurimac.gob.pe\/web\/wp-content\/uploads\/2019\/12\/DIRESA-Apurimac-fortalece-campa\u00f1a-contra-la-discriminaci\u00f3n-y-exclusi\u00f3n-por-discapacidad-6.jpg?resize=768%2C512&amp;ssl=1 768w, https:\/\/i2.wp.com\/www.diresaapurimac.gob.pe\/web\/wp-content\/uploads\/2019\/12\/DIRESA-Apurimac-fortalece-campa\u00f1a-contra-la-discriminaci\u00f3n-y-exclusi\u00f3n-por-discapacidad-6.jpg?resize=1536%2C1024&amp;ssl=1 1536w, https:\/\/i2.wp.com\/www.diresaapurimac.gob.pe\/web\/wp-content\/uploads\/2019\/12\/DIRESA-Apurimac-fortalece-campa\u00f1a-contra-la-discriminaci\u00f3n-y-exclusi\u00f3n-por-discapacidad-6.jpg?w=2048&amp;ssl=1 2048w\" sizes=\"auto, (max-width: 1000px) 100vw, 1000px\" data-recalc-dims=\"1\" \/><\/figure><\/li><li class=\"blocks-gallery-item\"><figure><img loading=\"lazy\" decoding=\"async\" width=\"1024\" height=\"683\" src=\"https:\/\/i2.wp.com\/www.diresaapurimac.gob.pe\/web\/wp-content\/uploads\/2019\/12\/DIRESA-Apurimac-fortalece-campa\u00f1a-contra-la-discriminaci\u00f3n-y-exclusi\u00f3n-por-discapacidad-7-1024x683.jpg?resize=1024%2C683\" alt=\"\" data-id=\"2306\" data-full-url=\"http:\/\/www.diresaapurimac.gob.pe\/web\/wp-content\/uploads\/2019\/12\/DIRESA-Apurimac-fortalece-campa\u00f1a-contra-la-discriminaci\u00f3n-y-exclusi\u00f3n-por-discapacidad-7.jpg\" data-link=\"http:\/\/www.diresaapurimac.gob.pe\/web\/?attachment_id=2306\" class=\"wp-image-2306\" srcset=\"https:\/\/i0.wp.com\/www.diresaapurimac.gob.pe\/web\/wp-content\/uploads\/2019\/12\/DIRESA-Apurimac-fortalece-campa\u00f1a-contra-la-discriminaci\u00f3n-y-exclusi\u00f3n-por-discapacidad-7.jpg?resize=1024%2C683&amp;ssl=1 1024w, https:\/\/i0.wp.com\/www.diresaapurimac.gob.pe\/web\/wp-content\/uploads\/2019\/12\/DIRESA-Apurimac-fortalece-campa\u00f1a-contra-la-discriminaci\u00f3n-y-exclusi\u00f3n-por-discapacidad-7.jpg?resize=300%2C200&amp;ssl=1 300w, https:\/\/i0.wp.com\/www.diresaapurimac.gob.pe\/web\/wp-content\/uploads\/2019\/12\/DIRESA-Apurimac-fortalece-campa\u00f1a-contra-la-discriminaci\u00f3n-y-exclusi\u00f3n-por-discapacidad-7.jpg?resize=768%2C512&amp;ssl=1 768w, https:\/\/i0.wp.com\/www.diresaapurimac.gob.pe\/web\/wp-content\/uploads\/2019\/12\/DIRESA-Apurimac-fortalece-campa\u00f1a-contra-la-discriminaci\u00f3n-y-exclusi\u00f3n-por-discapacidad-7.jpg?resize=1536%2C1025&amp;ssl=1 1536w, https:\/\/i0.wp.com\/www.diresaapurimac.gob.pe\/web\/wp-content\/uploads\/2019\/12\/DIRESA-Apurimac-fortalece-campa\u00f1a-contra-la-discriminaci\u00f3n-y-exclusi\u00f3n-por-discapacidad-7.jpg?w=1932&amp;ssl=1 1932w\" sizes=\"auto, (max-width: 1000px) 100vw, 1000px\" data-recalc-dims=\"1\" \/><\/figure><\/li><\/ul><\/figure>\n\n\n\n<p>Direcci\u00f3n de Imagen Institucional<\/p>\n","protected":false},"excerpt":{"rendered":"<p>Al conmemorarse el d\u00eda de la persona con discapacidad, visitamos a los ni\u00f1os y j\u00f3venes del Centro de Educaci\u00f3n Especial de La Salle de Abancay, para reforzar el compromiso desplegado por la DIRESA a trav\u00e9s de la Coordinaci\u00f3n de Discapacidad, y el apoyo en pro de la salud f\u00edsica y mental de los estudiantes de [&hellip;]<\/p>\n","protected":false},"author":1,"featured_media":2305,"comment_status":"closed","ping_status":"closed","sticky":false,"template":"","format":"standard","meta":{"spay_email":"","footnotes":""},"categories":[1],"tags":[378,21,379,373],"class_list":["post-2299","post","type-post","status-publish","format-standard","has-post-thumbnail","hentry","category-noticias","tag-coordinacion-de-discapacidad","tag-diresa-apurimac","tag-discriminacion-y-exclusion-por-discapacidad","tag-salud-en-apurimac"],"jetpack_featured_media_url":"https:\/\/i2.wp.com\/www.diresaapurimac.gob.pe\/web\/wp-content\/uploads\/2019\/12\/DIRESA-Apurimac-fortalece-campa\u00f1a-contra-la-discriminaci\u00f3n-y-exclusi\u00f3n-por-discapacidad-6.jpg?fit=2048%2C1365&ssl=1","_links":{"self":[{"href":"https:\/\/www.diresaapurimac.gob.pe\/web\/wp-json\/wp\/v2\/posts\/2299","targetHints":{"allow":["GET"]}}],"collection":[{"href":"https:\/\/www.diresaapurimac.gob.pe\/web\/wp-json\/wp\/v2\/posts"}],"about":[{"href":"https:\/\/www.diresaapurimac.gob.pe\/web\/wp-json\/wp\/v2\/types\/post"}],"author":[{"embeddable":true,"href":"https:\/\/www.diresaapurimac.gob.pe\/web\/wp-json\/wp\/v2\/users\/1"}],"replies":[{"embeddable":true,"href":"https:\/\/www.diresaapurimac.gob.pe\/web\/wp-json\/wp\/v2\/comments?post=2299"}],"version-history":[{"count":1,"href":"https:\/\/www.diresaapurimac.gob.pe\/web\/wp-json\/wp\/v2\/posts\/2299\/revisions"}],"predecessor-version":[{"id":2315,"href":"https:\/\/www.diresaapurimac.gob.pe\/web\/wp-json\/wp\/v2\/posts\/2299\/revisions\/2315"}],"wp:featuredmedia":[{"embeddable":true,"href":"https:\/\/www.diresaapurimac.gob.pe\/web\/wp-json\/wp\/v2\/media\/2305"}],"wp:attachment":[{"href":"https:\/\/www.diresaapurimac.gob.pe\/web\/wp-json\/wp\/v2\/media?parent=2299"}],"wp:term":[{"taxonomy":"category","embeddable":true,"href":"https:\/\/www.diresaapurimac.gob.pe\/web\/wp-json\/wp\/v2\/categories?post=2299"},{"taxonomy":"post_tag","embeddable":true,"href":"https:\/\/www.diresaapurimac.gob.pe\/web\/wp-json\/wp\/v2\/tags?post=2299"}],"curies":[{"name":"wp","href":"https:\/\/api.w.org\/{rel}","templated":true}]}}