{"id":1863,"date":"2019-11-22T12:23:30","date_gmt":"2019-11-22T12:23:30","guid":{"rendered":"http:\/\/www.diresaapurimac.gob.pe\/web\/?p=1863"},"modified":"2019-11-22T12:23:38","modified_gmt":"2019-11-22T12:23:38","slug":"diresa-apurimac-intensifica-capacitacion-en-lucha-contra-la-anemia","status":"publish","type":"post","link":"https:\/\/www.diresaapurimac.gob.pe\/web\/noticias\/diresa-apurimac-intensifica-capacitacion-en-lucha-contra-la-anemia\/","title":{"rendered":"DIRESA Apur\u00edmac intensifica capacitaci\u00f3n en Lucha Contra La Anemia"},"content":{"rendered":"\n<p>Con la finalidad de disminuir la prevalencia e incidencia de anemia en la poblaci\u00f3n menor de 36 meses, mediante la promoci\u00f3n de pr\u00e1cticas saludables y consumo de alimentos de origen animal ricos en hierro, la DIRESA Apur\u00edmac desarroll\u00f3 el Taller Regional denominado \u201cSESIONES DEMOSTRATIVAS COCINANDO COMO EN CASA Y CONSEJER\u00cdA NUTRICIONAL MATERNO INFANTIL\u201d.<\/p>\n\n\n\n<p>Esta actividad contribuir\u00e1 en la mejoria de la alimentaci\u00f3n y nutrici\u00f3n de las familias con ni\u00f1os menores de 36 meses y gestantes a trav\u00e9s de la educaci\u00f3n para el uso adecuado y consumo de alimentos nutritivos con alto contenido de hierro, y estuvo dirigida a profesionales de la salud en nutrici\u00f3n que laboran en las Redes y Microrredes de Salud de Apur\u00edmac.<\/p>\n\n\n\n<p>Cabe indicar que en la Regi\u00f3n Apur\u00edmac la anemia afecta al 53.2% de ni\u00f1os menores de 36 meses seg\u00fan ENDES \u2013 2018, constituy\u00e9ndose en un problema de salud p\u00fablica severo.<\/p>\n\n\n\n<p>La anemia por deficiencia de hierro o ferrop\u00e9nica, es la m\u00e1s com\u00fan de las anemias, tienen consecuencias adversas en el desarrollo cognitivo, motor, emocional y social, principalmente si se presenta en un periodo cr\u00edtico como el crecimiento y diferenciaci\u00f3n cerebral, cuyo pico m\u00e1ximo se observa en los ni\u00f1os menores de dos a\u00f1os, periodo en el que el da\u00f1o puede ser irreversible, constituy\u00e9ndose en los principales problemas de la salud p\u00fablica que afectan el desarrollo infantil temprano.<\/p>\n\n\n\n<figure class=\"wp-block-gallery columns-3 is-cropped wp-block-gallery-1 is-layout-flex wp-block-gallery-is-layout-flex\"><ul class=\"blocks-gallery-grid\"><li class=\"blocks-gallery-item\"><figure><img loading=\"lazy\" decoding=\"async\" width=\"960\" height=\"640\" src=\"https:\/\/i0.wp.com\/www.diresaapurimac.gob.pe\/web\/wp-content\/uploads\/2019\/11\/DIRESA-Apur\u00edmac-intensifica-capacitaci\u00f3n-en-Lucha-Contra-La-Anemia-10.jpg?resize=960%2C640\" alt=\"\" data-id=\"1873\" data-full-url=\"https:\/\/i0.wp.com\/www.diresaapurimac.gob.pe\/web\/wp-content\/uploads\/2019\/11\/DIRESA-Apur\u00edmac-intensifica-capacitaci\u00f3n-en-Lucha-Contra-La-Anemia-10.jpg?resize=960%2C640\" data-link=\"http:\/\/www.diresaapurimac.gob.pe\/web\/?attachment_id=1873\" class=\"wp-image-1873\" srcset=\"https:\/\/i0.wp.com\/www.diresaapurimac.gob.pe\/web\/wp-content\/uploads\/2019\/11\/DIRESA-Apur\u00edmac-intensifica-capacitaci\u00f3n-en-Lucha-Contra-La-Anemia-10.jpg?w=960&amp;ssl=1 960w, https:\/\/i0.wp.com\/www.diresaapurimac.gob.pe\/web\/wp-content\/uploads\/2019\/11\/DIRESA-Apur\u00edmac-intensifica-capacitaci\u00f3n-en-Lucha-Contra-La-Anemia-10.jpg?resize=300%2C200&amp;ssl=1 300w, https:\/\/i0.wp.com\/www.diresaapurimac.gob.pe\/web\/wp-content\/uploads\/2019\/11\/DIRESA-Apur\u00edmac-intensifica-capacitaci\u00f3n-en-Lucha-Contra-La-Anemia-10.jpg?resize=768%2C512&amp;ssl=1 768w\" sizes=\"auto, (max-width: 960px) 100vw, 960px\" data-recalc-dims=\"1\" \/><\/figure><\/li><li class=\"blocks-gallery-item\"><figure><img loading=\"lazy\" decoding=\"async\" width=\"960\" height=\"640\" src=\"https:\/\/i1.wp.com\/www.diresaapurimac.gob.pe\/web\/wp-content\/uploads\/2019\/11\/DIRESA-Apur\u00edmac-intensifica-capacitaci\u00f3n-en-Lucha-Contra-La-Anemia-9.jpg?resize=960%2C640\" alt=\"\" data-id=\"1872\" data-full-url=\"https:\/\/i1.wp.com\/www.diresaapurimac.gob.pe\/web\/wp-content\/uploads\/2019\/11\/DIRESA-Apur\u00edmac-intensifica-capacitaci\u00f3n-en-Lucha-Contra-La-Anemia-9.jpg?resize=960%2C640\" data-link=\"http:\/\/www.diresaapurimac.gob.pe\/web\/?attachment_id=1872\" class=\"wp-image-1872\" srcset=\"https:\/\/i1.wp.com\/www.diresaapurimac.gob.pe\/web\/wp-content\/uploads\/2019\/11\/DIRESA-Apur\u00edmac-intensifica-capacitaci\u00f3n-en-Lucha-Contra-La-Anemia-9.jpg?w=960&amp;ssl=1 960w, https:\/\/i1.wp.com\/www.diresaapurimac.gob.pe\/web\/wp-content\/uploads\/2019\/11\/DIRESA-Apur\u00edmac-intensifica-capacitaci\u00f3n-en-Lucha-Contra-La-Anemia-9.jpg?resize=300%2C200&amp;ssl=1 300w, https:\/\/i1.wp.com\/www.diresaapurimac.gob.pe\/web\/wp-content\/uploads\/2019\/11\/DIRESA-Apur\u00edmac-intensifica-capacitaci\u00f3n-en-Lucha-Contra-La-Anemia-9.jpg?resize=768%2C512&amp;ssl=1 768w\" sizes=\"auto, (max-width: 960px) 100vw, 960px\" data-recalc-dims=\"1\" \/><\/figure><\/li><li class=\"blocks-gallery-item\"><figure><img loading=\"lazy\" decoding=\"async\" width=\"960\" height=\"640\" src=\"https:\/\/i1.wp.com\/www.diresaapurimac.gob.pe\/web\/wp-content\/uploads\/2019\/11\/DIRESA-Apur\u00edmac-intensifica-capacitaci\u00f3n-en-Lucha-Contra-La-Anemia-8.jpg?resize=960%2C640\" alt=\"\" data-id=\"1871\" data-full-url=\"https:\/\/i1.wp.com\/www.diresaapurimac.gob.pe\/web\/wp-content\/uploads\/2019\/11\/DIRESA-Apur\u00edmac-intensifica-capacitaci\u00f3n-en-Lucha-Contra-La-Anemia-8.jpg?resize=960%2C640\" data-link=\"http:\/\/www.diresaapurimac.gob.pe\/web\/?attachment_id=1871\" class=\"wp-image-1871\" srcset=\"https:\/\/i1.wp.com\/www.diresaapurimac.gob.pe\/web\/wp-content\/uploads\/2019\/11\/DIRESA-Apur\u00edmac-intensifica-capacitaci\u00f3n-en-Lucha-Contra-La-Anemia-8.jpg?w=960&amp;ssl=1 960w, https:\/\/i1.wp.com\/www.diresaapurimac.gob.pe\/web\/wp-content\/uploads\/2019\/11\/DIRESA-Apur\u00edmac-intensifica-capacitaci\u00f3n-en-Lucha-Contra-La-Anemia-8.jpg?resize=300%2C200&amp;ssl=1 300w, https:\/\/i1.wp.com\/www.diresaapurimac.gob.pe\/web\/wp-content\/uploads\/2019\/11\/DIRESA-Apur\u00edmac-intensifica-capacitaci\u00f3n-en-Lucha-Contra-La-Anemia-8.jpg?resize=768%2C512&amp;ssl=1 768w\" sizes=\"auto, (max-width: 960px) 100vw, 960px\" data-recalc-dims=\"1\" \/><\/figure><\/li><li class=\"blocks-gallery-item\"><figure><img loading=\"lazy\" decoding=\"async\" width=\"960\" height=\"640\" src=\"https:\/\/i0.wp.com\/www.diresaapurimac.gob.pe\/web\/wp-content\/uploads\/2019\/11\/DIRESA-Apur\u00edmac-intensifica-capacitaci\u00f3n-en-Lucha-Contra-La-Anemia-7.jpg?resize=960%2C640\" alt=\"\" data-id=\"1870\" data-full-url=\"https:\/\/i0.wp.com\/www.diresaapurimac.gob.pe\/web\/wp-content\/uploads\/2019\/11\/DIRESA-Apur\u00edmac-intensifica-capacitaci\u00f3n-en-Lucha-Contra-La-Anemia-7.jpg?resize=960%2C640\" data-link=\"http:\/\/www.diresaapurimac.gob.pe\/web\/?attachment_id=1870\" class=\"wp-image-1870\" srcset=\"https:\/\/i0.wp.com\/www.diresaapurimac.gob.pe\/web\/wp-content\/uploads\/2019\/11\/DIRESA-Apur\u00edmac-intensifica-capacitaci\u00f3n-en-Lucha-Contra-La-Anemia-7.jpg?w=960&amp;ssl=1 960w, https:\/\/i0.wp.com\/www.diresaapurimac.gob.pe\/web\/wp-content\/uploads\/2019\/11\/DIRESA-Apur\u00edmac-intensifica-capacitaci\u00f3n-en-Lucha-Contra-La-Anemia-7.jpg?resize=300%2C200&amp;ssl=1 300w, https:\/\/i0.wp.com\/www.diresaapurimac.gob.pe\/web\/wp-content\/uploads\/2019\/11\/DIRESA-Apur\u00edmac-intensifica-capacitaci\u00f3n-en-Lucha-Contra-La-Anemia-7.jpg?resize=768%2C512&amp;ssl=1 768w\" sizes=\"auto, (max-width: 960px) 100vw, 960px\" data-recalc-dims=\"1\" \/><\/figure><\/li><li class=\"blocks-gallery-item\"><figure><img loading=\"lazy\" decoding=\"async\" width=\"960\" height=\"640\" src=\"https:\/\/i0.wp.com\/www.diresaapurimac.gob.pe\/web\/wp-content\/uploads\/2019\/11\/DIRESA-Apur\u00edmac-intensifica-capacitaci\u00f3n-en-Lucha-Contra-La-Anemia-6.jpg?resize=960%2C640\" alt=\"\" data-id=\"1869\" data-full-url=\"https:\/\/i0.wp.com\/www.diresaapurimac.gob.pe\/web\/wp-content\/uploads\/2019\/11\/DIRESA-Apur\u00edmac-intensifica-capacitaci\u00f3n-en-Lucha-Contra-La-Anemia-6.jpg?resize=960%2C640\" data-link=\"http:\/\/www.diresaapurimac.gob.pe\/web\/?attachment_id=1869\" class=\"wp-image-1869\" srcset=\"https:\/\/i0.wp.com\/www.diresaapurimac.gob.pe\/web\/wp-content\/uploads\/2019\/11\/DIRESA-Apur\u00edmac-intensifica-capacitaci\u00f3n-en-Lucha-Contra-La-Anemia-6.jpg?w=960&amp;ssl=1 960w, https:\/\/i0.wp.com\/www.diresaapurimac.gob.pe\/web\/wp-content\/uploads\/2019\/11\/DIRESA-Apur\u00edmac-intensifica-capacitaci\u00f3n-en-Lucha-Contra-La-Anemia-6.jpg?resize=300%2C200&amp;ssl=1 300w, https:\/\/i0.wp.com\/www.diresaapurimac.gob.pe\/web\/wp-content\/uploads\/2019\/11\/DIRESA-Apur\u00edmac-intensifica-capacitaci\u00f3n-en-Lucha-Contra-La-Anemia-6.jpg?resize=768%2C512&amp;ssl=1 768w\" sizes=\"auto, (max-width: 960px) 100vw, 960px\" data-recalc-dims=\"1\" \/><\/figure><\/li><li class=\"blocks-gallery-item\"><figure><img loading=\"lazy\" decoding=\"async\" width=\"960\" height=\"640\" src=\"https:\/\/i0.wp.com\/www.diresaapurimac.gob.pe\/web\/wp-content\/uploads\/2019\/11\/DIRESA-Apur\u00edmac-intensifica-capacitaci\u00f3n-en-Lucha-Contra-La-Anemia-5.jpg?resize=960%2C640\" alt=\"\" data-id=\"1868\" data-full-url=\"https:\/\/i0.wp.com\/www.diresaapurimac.gob.pe\/web\/wp-content\/uploads\/2019\/11\/DIRESA-Apur\u00edmac-intensifica-capacitaci\u00f3n-en-Lucha-Contra-La-Anemia-5.jpg?resize=960%2C640\" data-link=\"http:\/\/www.diresaapurimac.gob.pe\/web\/?attachment_id=1868\" class=\"wp-image-1868\" srcset=\"https:\/\/i0.wp.com\/www.diresaapurimac.gob.pe\/web\/wp-content\/uploads\/2019\/11\/DIRESA-Apur\u00edmac-intensifica-capacitaci\u00f3n-en-Lucha-Contra-La-Anemia-5.jpg?w=960&amp;ssl=1 960w, https:\/\/i0.wp.com\/www.diresaapurimac.gob.pe\/web\/wp-content\/uploads\/2019\/11\/DIRESA-Apur\u00edmac-intensifica-capacitaci\u00f3n-en-Lucha-Contra-La-Anemia-5.jpg?resize=300%2C200&amp;ssl=1 300w, https:\/\/i0.wp.com\/www.diresaapurimac.gob.pe\/web\/wp-content\/uploads\/2019\/11\/DIRESA-Apur\u00edmac-intensifica-capacitaci\u00f3n-en-Lucha-Contra-La-Anemia-5.jpg?resize=768%2C512&amp;ssl=1 768w\" sizes=\"auto, (max-width: 960px) 100vw, 960px\" data-recalc-dims=\"1\" \/><\/figure><\/li><li class=\"blocks-gallery-item\"><figure><img loading=\"lazy\" decoding=\"async\" width=\"960\" height=\"640\" src=\"https:\/\/i0.wp.com\/www.diresaapurimac.gob.pe\/web\/wp-content\/uploads\/2019\/11\/DIRESA-Apur\u00edmac-intensifica-capacitaci\u00f3n-en-Lucha-Contra-La-Anemia-4.jpg?resize=960%2C640\" alt=\"\" data-id=\"1867\" data-full-url=\"https:\/\/i0.wp.com\/www.diresaapurimac.gob.pe\/web\/wp-content\/uploads\/2019\/11\/DIRESA-Apur\u00edmac-intensifica-capacitaci\u00f3n-en-Lucha-Contra-La-Anemia-4.jpg?resize=960%2C640\" data-link=\"http:\/\/www.diresaapurimac.gob.pe\/web\/?attachment_id=1867\" class=\"wp-image-1867\" srcset=\"https:\/\/i0.wp.com\/www.diresaapurimac.gob.pe\/web\/wp-content\/uploads\/2019\/11\/DIRESA-Apur\u00edmac-intensifica-capacitaci\u00f3n-en-Lucha-Contra-La-Anemia-4.jpg?w=960&amp;ssl=1 960w, https:\/\/i0.wp.com\/www.diresaapurimac.gob.pe\/web\/wp-content\/uploads\/2019\/11\/DIRESA-Apur\u00edmac-intensifica-capacitaci\u00f3n-en-Lucha-Contra-La-Anemia-4.jpg?resize=300%2C200&amp;ssl=1 300w, https:\/\/i0.wp.com\/www.diresaapurimac.gob.pe\/web\/wp-content\/uploads\/2019\/11\/DIRESA-Apur\u00edmac-intensifica-capacitaci\u00f3n-en-Lucha-Contra-La-Anemia-4.jpg?resize=768%2C512&amp;ssl=1 768w\" sizes=\"auto, (max-width: 960px) 100vw, 960px\" data-recalc-dims=\"1\" \/><\/figure><\/li><li class=\"blocks-gallery-item\"><figure><img loading=\"lazy\" decoding=\"async\" width=\"960\" height=\"639\" src=\"https:\/\/i0.wp.com\/www.diresaapurimac.gob.pe\/web\/wp-content\/uploads\/2019\/11\/DIRESA-Apur\u00edmac-intensifica-capacitaci\u00f3n-en-Lucha-Contra-La-Anemia-3.jpg?resize=960%2C639\" alt=\"\" data-id=\"1866\" data-full-url=\"https:\/\/i0.wp.com\/www.diresaapurimac.gob.pe\/web\/wp-content\/uploads\/2019\/11\/DIRESA-Apur\u00edmac-intensifica-capacitaci\u00f3n-en-Lucha-Contra-La-Anemia-3.jpg?resize=960%2C639\" data-link=\"http:\/\/www.diresaapurimac.gob.pe\/web\/?attachment_id=1866\" class=\"wp-image-1866\" srcset=\"https:\/\/i0.wp.com\/www.diresaapurimac.gob.pe\/web\/wp-content\/uploads\/2019\/11\/DIRESA-Apur\u00edmac-intensifica-capacitaci\u00f3n-en-Lucha-Contra-La-Anemia-3.jpg?w=960&amp;ssl=1 960w, https:\/\/i0.wp.com\/www.diresaapurimac.gob.pe\/web\/wp-content\/uploads\/2019\/11\/DIRESA-Apur\u00edmac-intensifica-capacitaci\u00f3n-en-Lucha-Contra-La-Anemia-3.jpg?resize=300%2C200&amp;ssl=1 300w, https:\/\/i0.wp.com\/www.diresaapurimac.gob.pe\/web\/wp-content\/uploads\/2019\/11\/DIRESA-Apur\u00edmac-intensifica-capacitaci\u00f3n-en-Lucha-Contra-La-Anemia-3.jpg?resize=768%2C511&amp;ssl=1 768w\" sizes=\"auto, (max-width: 960px) 100vw, 960px\" data-recalc-dims=\"1\" \/><\/figure><\/li><li class=\"blocks-gallery-item\"><figure><img loading=\"lazy\" decoding=\"async\" width=\"960\" height=\"639\" src=\"https:\/\/i2.wp.com\/www.diresaapurimac.gob.pe\/web\/wp-content\/uploads\/2019\/11\/DIRESA-Apur\u00edmac-intensifica-capacitaci\u00f3n-en-Lucha-Contra-La-Anemia-2.jpg?resize=960%2C639\" alt=\"\" data-id=\"1865\" data-full-url=\"https:\/\/i2.wp.com\/www.diresaapurimac.gob.pe\/web\/wp-content\/uploads\/2019\/11\/DIRESA-Apur\u00edmac-intensifica-capacitaci\u00f3n-en-Lucha-Contra-La-Anemia-2.jpg?resize=960%2C639\" data-link=\"http:\/\/www.diresaapurimac.gob.pe\/web\/?attachment_id=1865\" class=\"wp-image-1865\" srcset=\"https:\/\/i2.wp.com\/www.diresaapurimac.gob.pe\/web\/wp-content\/uploads\/2019\/11\/DIRESA-Apur\u00edmac-intensifica-capacitaci\u00f3n-en-Lucha-Contra-La-Anemia-2.jpg?w=960&amp;ssl=1 960w, https:\/\/i2.wp.com\/www.diresaapurimac.gob.pe\/web\/wp-content\/uploads\/2019\/11\/DIRESA-Apur\u00edmac-intensifica-capacitaci\u00f3n-en-Lucha-Contra-La-Anemia-2.jpg?resize=300%2C200&amp;ssl=1 300w, https:\/\/i2.wp.com\/www.diresaapurimac.gob.pe\/web\/wp-content\/uploads\/2019\/11\/DIRESA-Apur\u00edmac-intensifica-capacitaci\u00f3n-en-Lucha-Contra-La-Anemia-2.jpg?resize=768%2C511&amp;ssl=1 768w\" sizes=\"auto, (max-width: 960px) 100vw, 960px\" data-recalc-dims=\"1\" \/><\/figure><\/li><li class=\"blocks-gallery-item\"><figure><img loading=\"lazy\" decoding=\"async\" width=\"960\" height=\"639\" src=\"https:\/\/i2.wp.com\/www.diresaapurimac.gob.pe\/web\/wp-content\/uploads\/2019\/11\/DIRESA-Apur\u00edmac-intensifica-capacitaci\u00f3n-en-Lucha-Contra-La-Anemia-1.jpg?resize=960%2C639\" alt=\"\" data-id=\"1864\" data-full-url=\"https:\/\/i2.wp.com\/www.diresaapurimac.gob.pe\/web\/wp-content\/uploads\/2019\/11\/DIRESA-Apur\u00edmac-intensifica-capacitaci\u00f3n-en-Lucha-Contra-La-Anemia-1.jpg?resize=960%2C639\" data-link=\"http:\/\/www.diresaapurimac.gob.pe\/web\/?attachment_id=1864\" class=\"wp-image-1864\" srcset=\"https:\/\/i2.wp.com\/www.diresaapurimac.gob.pe\/web\/wp-content\/uploads\/2019\/11\/DIRESA-Apur\u00edmac-intensifica-capacitaci\u00f3n-en-Lucha-Contra-La-Anemia-1.jpg?w=960&amp;ssl=1 960w, https:\/\/i2.wp.com\/www.diresaapurimac.gob.pe\/web\/wp-content\/uploads\/2019\/11\/DIRESA-Apur\u00edmac-intensifica-capacitaci\u00f3n-en-Lucha-Contra-La-Anemia-1.jpg?resize=300%2C200&amp;ssl=1 300w, https:\/\/i2.wp.com\/www.diresaapurimac.gob.pe\/web\/wp-content\/uploads\/2019\/11\/DIRESA-Apur\u00edmac-intensifica-capacitaci\u00f3n-en-Lucha-Contra-La-Anemia-1.jpg?resize=768%2C511&amp;ssl=1 768w\" sizes=\"auto, (max-width: 960px) 100vw, 960px\" data-recalc-dims=\"1\" \/><\/figure><\/li><\/ul><\/figure>\n\n\n\n<p>Este taller regional fortalecer\u00e1 las habilidades y destrezas del personal de salud en la adecuaci\u00f3n y aplicaci\u00f3n de la metodolog\u00eda aprender haciendo \u201ccocinando como en casa\u201d que consiste en educar a las madres de ni\u00f1os menores de 3 a\u00f1os y gestantes; asimismo con esta metodolog\u00eda se busca incrementar conocimientos actitudes y pr\u00e1cticas respecto a una alimentaci\u00f3n rica en hierro, la cual ser\u00e1 una herramienta valiosa para prevenir la Anemia Materno Infantil.<\/p>\n\n\n\n<p>Direcci\u00f3n de Imagen Institucional<\/p>\n","protected":false},"excerpt":{"rendered":"<p>Con la finalidad de disminuir la prevalencia e incidencia de anemia en la poblaci\u00f3n menor de 36 meses, mediante la promoci\u00f3n de pr\u00e1cticas saludables y consumo de alimentos de origen animal ricos en hierro, la DIRESA Apur\u00edmac desarroll\u00f3 el Taller Regional denominado \u201cSESIONES DEMOSTRATIVAS COCINANDO COMO EN CASA Y CONSEJER\u00cdA NUTRICIONAL MATERNO INFANTIL\u201d. Esta actividad [&hellip;]<\/p>\n","protected":false},"author":1,"featured_media":1864,"comment_status":"closed","ping_status":"closed","sticky":false,"template":"","format":"standard","meta":{"spay_email":"","footnotes":""},"categories":[1],"tags":[286,198,21,24,330,98],"class_list":["post-1863","post","type-post","status-publish","format-standard","has-post-thumbnail","hentry","category-noticias","tag-claudio-quintana-espinoza","tag-control-y-reduccion-de-la-anemia-materno-infantil","tag-diresa-apurimac","tag-lucha-contra-la-anemia-en-apurimac","tag-redes-y-microrredes-de-salud-de-apurimac","tag-region-apurimac"],"jetpack_featured_media_url":"https:\/\/i2.wp.com\/www.diresaapurimac.gob.pe\/web\/wp-content\/uploads\/2019\/11\/DIRESA-Apur\u00edmac-intensifica-capacitaci\u00f3n-en-Lucha-Contra-La-Anemia-1.jpg?fit=960%2C639&ssl=1","_links":{"self":[{"href":"https:\/\/www.diresaapurimac.gob.pe\/web\/wp-json\/wp\/v2\/posts\/1863","targetHints":{"allow":["GET"]}}],"collection":[{"href":"https:\/\/www.diresaapurimac.gob.pe\/web\/wp-json\/wp\/v2\/posts"}],"about":[{"href":"https:\/\/www.diresaapurimac.gob.pe\/web\/wp-json\/wp\/v2\/types\/post"}],"author":[{"embeddable":true,"href":"https:\/\/www.diresaapurimac.gob.pe\/web\/wp-json\/wp\/v2\/users\/1"}],"replies":[{"embeddable":true,"href":"https:\/\/www.diresaapurimac.gob.pe\/web\/wp-json\/wp\/v2\/comments?post=1863"}],"version-history":[{"count":1,"href":"https:\/\/www.diresaapurimac.gob.pe\/web\/wp-json\/wp\/v2\/posts\/1863\/revisions"}],"predecessor-version":[{"id":1874,"href":"https:\/\/www.diresaapurimac.gob.pe\/web\/wp-json\/wp\/v2\/posts\/1863\/revisions\/1874"}],"wp:featuredmedia":[{"embeddable":true,"href":"https:\/\/www.diresaapurimac.gob.pe\/web\/wp-json\/wp\/v2\/media\/1864"}],"wp:attachment":[{"href":"https:\/\/www.diresaapurimac.gob.pe\/web\/wp-json\/wp\/v2\/media?parent=1863"}],"wp:term":[{"taxonomy":"category","embeddable":true,"href":"https:\/\/www.diresaapurimac.gob.pe\/web\/wp-json\/wp\/v2\/categories?post=1863"},{"taxonomy":"post_tag","embeddable":true,"href":"https:\/\/www.diresaapurimac.gob.pe\/web\/wp-json\/wp\/v2\/tags?post=1863"}],"curies":[{"name":"wp","href":"https:\/\/api.w.org\/{rel}","templated":true}]}}