{"id":1762,"date":"2019-11-22T05:12:02","date_gmt":"2019-11-22T05:12:02","guid":{"rendered":"http:\/\/www.diresaapurimac.gob.pe\/web\/?p=1762"},"modified":"2019-11-22T05:12:09","modified_gmt":"2019-11-22T05:12:09","slug":"participacion-activa-de-diresa-apurimac-en-la-reunion-de-la-mancomunidad-regional-de-los-andes","status":"publish","type":"post","link":"https:\/\/www.diresaapurimac.gob.pe\/web\/noticias\/participacion-activa-de-diresa-apurimac-en-la-reunion-de-la-mancomunidad-regional-de-los-andes\/","title":{"rendered":"Participaci\u00f3n activa de DIRESA Apur\u00edmac en la reuni\u00f3n de la Mancomunidad Regional de Los Andes"},"content":{"rendered":"\n<p> En el marco de la reuni\u00f3n de la Comisi\u00f3n de Salud de La Mancomunidad Regional de los Andes, llevada a cabo en la ciudad de Ica, se concretaron importantes acuerdos a favor de la Salud P\u00fablica Regional de la Mancomunidad de los Andes.<\/p>\n\n\n\n<p>La DIRESA Apur\u00edmac propuso el abordaje de la brecha de recursos humanos en salud con \u00e9nfasis en la necesidad de cobertura y garant\u00eda de la oferta\u00a0m\u00e9dica especializada en el \u00e1mbito de las regiones que integran la mancomunidad; y como segunda propuesta se deliber\u00f3 la situaci\u00f3n actual del incentivo de la meta 04: ACCIONES DE MUNICIPIOS PARA PROMOVER LA ADECUADA ALIMENTACI\u00d3N Y LA PREVENCI\u00d3N Y REDUCCI\u00d3N DE ANEMIA.<\/p>\n\n\n\n<p>Cabe recordar que el financiamiento de la meta 004 fue aprobado con Decreto Supremo N\u00ba 026-2019-a favor de los Gobiernos Locales para el financiamiento de la organizaci\u00f3n y desarrollo de visitas domiciliarias por el actor social (promotores de salud) en 36 municipalidades de la regi\u00f3n Apur\u00edmac.<\/p>\n\n\n\n<figure class=\"wp-block-gallery columns-3 is-cropped wp-block-gallery-1 is-layout-flex wp-block-gallery-is-layout-flex\"><ul class=\"blocks-gallery-grid\"><li class=\"blocks-gallery-item\"><figure><img loading=\"lazy\" decoding=\"async\" width=\"960\" height=\"601\" src=\"https:\/\/i2.wp.com\/www.diresaapurimac.gob.pe\/web\/wp-content\/uploads\/2019\/11\/Participaci\u00f3n-activa-de-DIRESA-Apur\u00edmac-en-la-reuni\u00f3n-de-la-Mancomunidad-Regional-de-Los-Andes-5.jpg?resize=960%2C601\" alt=\"\" data-id=\"1767\" data-full-url=\"https:\/\/i2.wp.com\/www.diresaapurimac.gob.pe\/web\/wp-content\/uploads\/2019\/11\/Participaci\u00f3n-activa-de-DIRESA-Apur\u00edmac-en-la-reuni\u00f3n-de-la-Mancomunidad-Regional-de-Los-Andes-5.jpg?resize=960%2C601\" data-link=\"http:\/\/www.diresaapurimac.gob.pe\/web\/?attachment_id=1767\" class=\"wp-image-1767\" srcset=\"https:\/\/i2.wp.com\/www.diresaapurimac.gob.pe\/web\/wp-content\/uploads\/2019\/11\/Participaci\u00f3n-activa-de-DIRESA-Apur\u00edmac-en-la-reuni\u00f3n-de-la-Mancomunidad-Regional-de-Los-Andes-5.jpg?w=960&amp;ssl=1 960w, https:\/\/i2.wp.com\/www.diresaapurimac.gob.pe\/web\/wp-content\/uploads\/2019\/11\/Participaci\u00f3n-activa-de-DIRESA-Apur\u00edmac-en-la-reuni\u00f3n-de-la-Mancomunidad-Regional-de-Los-Andes-5.jpg?resize=300%2C188&amp;ssl=1 300w, https:\/\/i2.wp.com\/www.diresaapurimac.gob.pe\/web\/wp-content\/uploads\/2019\/11\/Participaci\u00f3n-activa-de-DIRESA-Apur\u00edmac-en-la-reuni\u00f3n-de-la-Mancomunidad-Regional-de-Los-Andes-5.jpg?resize=768%2C481&amp;ssl=1 768w\" sizes=\"auto, (max-width: 960px) 100vw, 960px\" data-recalc-dims=\"1\" \/><\/figure><\/li><li class=\"blocks-gallery-item\"><figure><img loading=\"lazy\" decoding=\"async\" width=\"960\" height=\"601\" src=\"https:\/\/i0.wp.com\/www.diresaapurimac.gob.pe\/web\/wp-content\/uploads\/2019\/11\/Participaci\u00f3n-activa-de-DIRESA-Apur\u00edmac-en-la-reuni\u00f3n-de-la-Mancomunidad-Regional-de-Los-Andes-4.jpg?resize=960%2C601\" alt=\"\" data-id=\"1766\" data-full-url=\"https:\/\/i0.wp.com\/www.diresaapurimac.gob.pe\/web\/wp-content\/uploads\/2019\/11\/Participaci\u00f3n-activa-de-DIRESA-Apur\u00edmac-en-la-reuni\u00f3n-de-la-Mancomunidad-Regional-de-Los-Andes-4.jpg?resize=960%2C601\" data-link=\"http:\/\/www.diresaapurimac.gob.pe\/web\/?attachment_id=1766\" class=\"wp-image-1766\" srcset=\"https:\/\/i0.wp.com\/www.diresaapurimac.gob.pe\/web\/wp-content\/uploads\/2019\/11\/Participaci\u00f3n-activa-de-DIRESA-Apur\u00edmac-en-la-reuni\u00f3n-de-la-Mancomunidad-Regional-de-Los-Andes-4.jpg?w=960&amp;ssl=1 960w, https:\/\/i0.wp.com\/www.diresaapurimac.gob.pe\/web\/wp-content\/uploads\/2019\/11\/Participaci\u00f3n-activa-de-DIRESA-Apur\u00edmac-en-la-reuni\u00f3n-de-la-Mancomunidad-Regional-de-Los-Andes-4.jpg?resize=300%2C188&amp;ssl=1 300w, https:\/\/i0.wp.com\/www.diresaapurimac.gob.pe\/web\/wp-content\/uploads\/2019\/11\/Participaci\u00f3n-activa-de-DIRESA-Apur\u00edmac-en-la-reuni\u00f3n-de-la-Mancomunidad-Regional-de-Los-Andes-4.jpg?resize=768%2C481&amp;ssl=1 768w\" sizes=\"auto, (max-width: 960px) 100vw, 960px\" data-recalc-dims=\"1\" \/><\/figure><\/li><li class=\"blocks-gallery-item\"><figure><img loading=\"lazy\" decoding=\"async\" width=\"717\" height=\"496\" src=\"https:\/\/i1.wp.com\/www.diresaapurimac.gob.pe\/web\/wp-content\/uploads\/2019\/11\/Participaci\u00f3n-activa-de-DIRESA-Apur\u00edmac-en-la-reuni\u00f3n-de-la-Mancomunidad-Regional-de-Los-Andes-3.jpg?resize=717%2C496\" alt=\"\" data-id=\"1765\" data-full-url=\"https:\/\/i1.wp.com\/www.diresaapurimac.gob.pe\/web\/wp-content\/uploads\/2019\/11\/Participaci\u00f3n-activa-de-DIRESA-Apur\u00edmac-en-la-reuni\u00f3n-de-la-Mancomunidad-Regional-de-Los-Andes-3.jpg?resize=717%2C496\" data-link=\"http:\/\/www.diresaapurimac.gob.pe\/web\/?attachment_id=1765\" class=\"wp-image-1765\" srcset=\"https:\/\/i1.wp.com\/www.diresaapurimac.gob.pe\/web\/wp-content\/uploads\/2019\/11\/Participaci\u00f3n-activa-de-DIRESA-Apur\u00edmac-en-la-reuni\u00f3n-de-la-Mancomunidad-Regional-de-Los-Andes-3.jpg?w=717&amp;ssl=1 717w, https:\/\/i1.wp.com\/www.diresaapurimac.gob.pe\/web\/wp-content\/uploads\/2019\/11\/Participaci\u00f3n-activa-de-DIRESA-Apur\u00edmac-en-la-reuni\u00f3n-de-la-Mancomunidad-Regional-de-Los-Andes-3.jpg?resize=300%2C208&amp;ssl=1 300w\" sizes=\"auto, (max-width: 717px) 100vw, 717px\" data-recalc-dims=\"1\" \/><\/figure><\/li><li class=\"blocks-gallery-item\"><figure><img loading=\"lazy\" decoding=\"async\" width=\"960\" height=\"601\" src=\"https:\/\/i0.wp.com\/www.diresaapurimac.gob.pe\/web\/wp-content\/uploads\/2019\/11\/Participaci\u00f3n-activa-de-DIRESA-Apur\u00edmac-en-la-reuni\u00f3n-de-la-Mancomunidad-Regional-de-Los-Andes-2.jpg?resize=960%2C601\" alt=\"\" data-id=\"1764\" data-full-url=\"https:\/\/i0.wp.com\/www.diresaapurimac.gob.pe\/web\/wp-content\/uploads\/2019\/11\/Participaci\u00f3n-activa-de-DIRESA-Apur\u00edmac-en-la-reuni\u00f3n-de-la-Mancomunidad-Regional-de-Los-Andes-2.jpg?resize=960%2C601\" data-link=\"http:\/\/www.diresaapurimac.gob.pe\/web\/?attachment_id=1764\" class=\"wp-image-1764\" srcset=\"https:\/\/i0.wp.com\/www.diresaapurimac.gob.pe\/web\/wp-content\/uploads\/2019\/11\/Participaci\u00f3n-activa-de-DIRESA-Apur\u00edmac-en-la-reuni\u00f3n-de-la-Mancomunidad-Regional-de-Los-Andes-2.jpg?w=960&amp;ssl=1 960w, https:\/\/i0.wp.com\/www.diresaapurimac.gob.pe\/web\/wp-content\/uploads\/2019\/11\/Participaci\u00f3n-activa-de-DIRESA-Apur\u00edmac-en-la-reuni\u00f3n-de-la-Mancomunidad-Regional-de-Los-Andes-2.jpg?resize=300%2C188&amp;ssl=1 300w, https:\/\/i0.wp.com\/www.diresaapurimac.gob.pe\/web\/wp-content\/uploads\/2019\/11\/Participaci\u00f3n-activa-de-DIRESA-Apur\u00edmac-en-la-reuni\u00f3n-de-la-Mancomunidad-Regional-de-Los-Andes-2.jpg?resize=768%2C481&amp;ssl=1 768w\" sizes=\"auto, (max-width: 960px) 100vw, 960px\" data-recalc-dims=\"1\" \/><\/figure><\/li><li class=\"blocks-gallery-item\"><figure><img loading=\"lazy\" decoding=\"async\" width=\"717\" height=\"539\" src=\"https:\/\/i1.wp.com\/www.diresaapurimac.gob.pe\/web\/wp-content\/uploads\/2019\/11\/Participaci\u00f3n-activa-de-DIRESA-Apur\u00edmac-en-la-reuni\u00f3n-de-la-Mancomunidad-Regional-de-Los-Andes-1.jpg?resize=717%2C539\" alt=\"\" data-id=\"1763\" data-full-url=\"https:\/\/i1.wp.com\/www.diresaapurimac.gob.pe\/web\/wp-content\/uploads\/2019\/11\/Participaci\u00f3n-activa-de-DIRESA-Apur\u00edmac-en-la-reuni\u00f3n-de-la-Mancomunidad-Regional-de-Los-Andes-1.jpg?resize=717%2C539\" data-link=\"http:\/\/www.diresaapurimac.gob.pe\/web\/?attachment_id=1763\" class=\"wp-image-1763\" srcset=\"https:\/\/i1.wp.com\/www.diresaapurimac.gob.pe\/web\/wp-content\/uploads\/2019\/11\/Participaci\u00f3n-activa-de-DIRESA-Apur\u00edmac-en-la-reuni\u00f3n-de-la-Mancomunidad-Regional-de-Los-Andes-1.jpg?w=717&amp;ssl=1 717w, https:\/\/i1.wp.com\/www.diresaapurimac.gob.pe\/web\/wp-content\/uploads\/2019\/11\/Participaci\u00f3n-activa-de-DIRESA-Apur\u00edmac-en-la-reuni\u00f3n-de-la-Mancomunidad-Regional-de-Los-Andes-1.jpg?resize=300%2C226&amp;ssl=1 300w\" sizes=\"auto, (max-width: 717px) 100vw, 717px\" data-recalc-dims=\"1\" \/><\/figure><\/li><\/ul><\/figure>\n\n\n\n<p>A la fecha, el presupuesto asignado tiene restricciones para su ejecuci\u00f3n y en la llegada al p\u00fablico objetivo, motivo por el cual la DIRESA Apur\u00edmac propuso elaborar la iniciativa ante el MINSA para su reestructuraci\u00f3n.<\/p>\n\n\n\n<p>Estos dos aspectos de vital trascendencia fueron priorizados por unanimidad y refrendados en acta.<br>Finalmente se concluy\u00f3 que la pr\u00f3xima reuni\u00f3n se llevar\u00e1 a cabo en la ciudad de Abancay, sede de la Regi\u00f3n Apur\u00edmac.<\/p>\n\n\n\n<p>Direcci\u00f3n de Imagen Institucional<\/p>\n\n\n\n<p> <\/p>\n","protected":false},"excerpt":{"rendered":"<p>En el marco de la reuni\u00f3n de la Comisi\u00f3n de Salud de La Mancomunidad Regional de los Andes, llevada a cabo en la ciudad de Ica, se concretaron importantes acuerdos a favor de la Salud P\u00fablica Regional de la Mancomunidad de los Andes. La DIRESA Apur\u00edmac propuso el abordaje de la brecha de recursos humanos [&hellip;]<\/p>\n","protected":false},"author":1,"featured_media":1767,"comment_status":"closed","ping_status":"closed","sticky":false,"template":"","format":"standard","meta":{"spay_email":"","footnotes":""},"categories":[1],"tags":[21,24,307],"class_list":["post-1762","post","type-post","status-publish","format-standard","has-post-thumbnail","hentry","category-noticias","tag-diresa-apurimac","tag-lucha-contra-la-anemia-en-apurimac","tag-mancomunidad-regional-de-los-andes"],"jetpack_featured_media_url":"https:\/\/i2.wp.com\/www.diresaapurimac.gob.pe\/web\/wp-content\/uploads\/2019\/11\/Participaci\u00f3n-activa-de-DIRESA-Apur\u00edmac-en-la-reuni\u00f3n-de-la-Mancomunidad-Regional-de-Los-Andes-5.jpg?fit=960%2C601&ssl=1","_links":{"self":[{"href":"https:\/\/www.diresaapurimac.gob.pe\/web\/wp-json\/wp\/v2\/posts\/1762","targetHints":{"allow":["GET"]}}],"collection":[{"href":"https:\/\/www.diresaapurimac.gob.pe\/web\/wp-json\/wp\/v2\/posts"}],"about":[{"href":"https:\/\/www.diresaapurimac.gob.pe\/web\/wp-json\/wp\/v2\/types\/post"}],"author":[{"embeddable":true,"href":"https:\/\/www.diresaapurimac.gob.pe\/web\/wp-json\/wp\/v2\/users\/1"}],"replies":[{"embeddable":true,"href":"https:\/\/www.diresaapurimac.gob.pe\/web\/wp-json\/wp\/v2\/comments?post=1762"}],"version-history":[{"count":1,"href":"https:\/\/www.diresaapurimac.gob.pe\/web\/wp-json\/wp\/v2\/posts\/1762\/revisions"}],"predecessor-version":[{"id":1768,"href":"https:\/\/www.diresaapurimac.gob.pe\/web\/wp-json\/wp\/v2\/posts\/1762\/revisions\/1768"}],"wp:featuredmedia":[{"embeddable":true,"href":"https:\/\/www.diresaapurimac.gob.pe\/web\/wp-json\/wp\/v2\/media\/1767"}],"wp:attachment":[{"href":"https:\/\/www.diresaapurimac.gob.pe\/web\/wp-json\/wp\/v2\/media?parent=1762"}],"wp:term":[{"taxonomy":"category","embeddable":true,"href":"https:\/\/www.diresaapurimac.gob.pe\/web\/wp-json\/wp\/v2\/categories?post=1762"},{"taxonomy":"post_tag","embeddable":true,"href":"https:\/\/www.diresaapurimac.gob.pe\/web\/wp-json\/wp\/v2\/tags?post=1762"}],"curies":[{"name":"wp","href":"https:\/\/api.w.org\/{rel}","templated":true}]}}