{"id":12785,"date":"2026-04-06T15:56:20","date_gmt":"2026-04-06T20:56:20","guid":{"rendered":"https:\/\/www.diresaapurimac.gob.pe\/web\/?p=12785"},"modified":"2026-04-06T15:56:22","modified_gmt":"2026-04-06T20:56:22","slug":"gobernador-regional-impulsa-gestiones-para-realizar-campanas-integrales-de-salud-en-todas-las-provincias-por-el-153-aniversario-de-apurimac-%f0%9f%a5%b3%f0%9f%93%a3%f0%9f%8f%a5","status":"publish","type":"post","link":"https:\/\/www.diresaapurimac.gob.pe\/web\/noticias\/gobernador-regional-impulsa-gestiones-para-realizar-campanas-integrales-de-salud-en-todas-las-provincias-por-el-153-aniversario-de-apurimac-%f0%9f%a5%b3%f0%9f%93%a3%f0%9f%8f%a5\/","title":{"rendered":"GOBERNADOR REGIONAL IMPULSA GESTIONES PARA REALIZAR CAMPA\u00d1AS INTEGRALES DE SALUD EN TODAS LAS PROVINCIAS POR EL 153\u00b0 ANIVERSARIO DE APUR\u00cdMAC \ud83e\udd73\ud83d\udce3\ud83c\udfe5"},"content":{"rendered":"\n<p>Gracias al avance de las gestiones impulsadas por el Gobernador Regional ante el Ministerio de Salud &#8211; MINSA , la DIRESA lider\u00f3 una reuni\u00f3n de trabajo para coordinar acciones conjuntas orientadas a desarrollar campa\u00f1as m\u00e9dicas en las siete provincias apurime\u00f1as con ocasi\u00f3n del 153\u00b0 aniversario de creaci\u00f3n pol\u00edtica de Apur\u00edmac.<\/p>\n\n\n\n<p>El encuentro de trabajo fue liderado por el director de la DIRESA Apur\u00edmac, Luis Enrique Carri\u00f3n Herrera, y en el que participaron los equipos t\u00e9cnicos de las redes de salud de la regi\u00f3n. En la reuni\u00f3n se definieron las acciones y el cronograma de actividades previstas para abril pr\u00f3ximo, en el marco del 153\u00b0 aniversario de Apur\u00edmac.<\/p>\n\n\n\n<p>La principal medida acordada es el despliegue descentralizado de campa\u00f1as integrales de salud en cada una de las provincias apurime\u00f1as. Esta estrategia busca dar una respuesta efectiva a la demanda de atenci\u00f3n m\u00e9dica especializada, acercando los servicios directamente a la poblaci\u00f3n que m\u00e1s lo necesita.<\/p>\n\n\n\n<p>Para garantizar el \u00e9xito y alcance de estas intervenciones, se contar\u00e1 con el importante despliegue del &#8220;MINSA M\u00f3vil&#8221;, que proveer\u00e1 consultorios itinerantes, equipamiento y diversas especialidades m\u00e9dicas. A este gran esfuerzo log\u00edstico y operativo se sumar\u00e1 el aporte clave de los m\u00e9dicos especialistas que vendr\u00e1n de Lima y de nuestra regi\u00f3n, asegurando as\u00ed una atenci\u00f3n integral y de calidad en favor de las familias apurime\u00f1as m\u00e1s vulnerables.<\/p>\n\n\n\n<p>Con la programaci\u00f3n de estas jornadas integrales m\u00e9dicas, el Gobierno Regional de Apur\u00edmac y la DIRESA reafirman su compromiso inquebrantable de priorizar la salud de calidad, implementando acciones concretas en el cuidado y el bienestar de las familias apurime\u00f1as, siendo el mejor homenaje en el mes jubilar de la regi\u00f3n, cuyo d\u00eda central es el 28 de abril.<\/p>\n\n\n\n<figure class=\"wp-block-image\"><img decoding=\"async\" src=\"https:\/\/i0.wp.com\/www.diresaapurimac.gob.pe\/web\/wp-content\/uploads\/2026\/04\/973e2edc-a4b5-4df6-bab6-c0059c534c92.jpg?fit=1024%2C589&amp;ssl=1\" alt=\"La imagen actual no tiene texto alternativo. El nombre del archivo es: 973e2edc-a4b5-4df6-bab6-c0059c534c92.jpg?fit=1600%2C920&amp;ssl=1\"\/><\/figure>\n","protected":false},"excerpt":{"rendered":"<p>Gracias al avance de las gestiones impulsadas por el Gobernador Regional ante el Ministerio de Salud &#8211; MINSA , la DIRESA lider\u00f3 una reuni\u00f3n de trabajo para coordinar acciones conjuntas orientadas a desarrollar campa\u00f1as m\u00e9dicas en las siete provincias apurime\u00f1as con ocasi\u00f3n del 153\u00b0 aniversario de creaci\u00f3n pol\u00edtica de Apur\u00edmac. El encuentro de trabajo fue [&hellip;]<\/p>\n","protected":false},"author":1,"featured_media":12789,"comment_status":"closed","ping_status":"closed","sticky":false,"template":"","format":"standard","meta":{"spay_email":"","footnotes":""},"categories":[1],"tags":[],"class_list":["post-12785","post","type-post","status-publish","format-standard","has-post-thumbnail","hentry","category-noticias"],"jetpack_featured_media_url":"https:\/\/i2.wp.com\/www.diresaapurimac.gob.pe\/web\/wp-content\/uploads\/2026\/04\/59a03df3-982f-4a7c-926b-6fc8028b0abc-1.jpg?fit=1600%2C943&ssl=1","_links":{"self":[{"href":"https:\/\/www.diresaapurimac.gob.pe\/web\/wp-json\/wp\/v2\/posts\/12785","targetHints":{"allow":["GET"]}}],"collection":[{"href":"https:\/\/www.diresaapurimac.gob.pe\/web\/wp-json\/wp\/v2\/posts"}],"about":[{"href":"https:\/\/www.diresaapurimac.gob.pe\/web\/wp-json\/wp\/v2\/types\/post"}],"author":[{"embeddable":true,"href":"https:\/\/www.diresaapurimac.gob.pe\/web\/wp-json\/wp\/v2\/users\/1"}],"replies":[{"embeddable":true,"href":"https:\/\/www.diresaapurimac.gob.pe\/web\/wp-json\/wp\/v2\/comments?post=12785"}],"version-history":[{"count":1,"href":"https:\/\/www.diresaapurimac.gob.pe\/web\/wp-json\/wp\/v2\/posts\/12785\/revisions"}],"predecessor-version":[{"id":12790,"href":"https:\/\/www.diresaapurimac.gob.pe\/web\/wp-json\/wp\/v2\/posts\/12785\/revisions\/12790"}],"wp:featuredmedia":[{"embeddable":true,"href":"https:\/\/www.diresaapurimac.gob.pe\/web\/wp-json\/wp\/v2\/media\/12789"}],"wp:attachment":[{"href":"https:\/\/www.diresaapurimac.gob.pe\/web\/wp-json\/wp\/v2\/media?parent=12785"}],"wp:term":[{"taxonomy":"category","embeddable":true,"href":"https:\/\/www.diresaapurimac.gob.pe\/web\/wp-json\/wp\/v2\/categories?post=12785"},{"taxonomy":"post_tag","embeddable":true,"href":"https:\/\/www.diresaapurimac.gob.pe\/web\/wp-json\/wp\/v2\/tags?post=12785"}],"curies":[{"name":"wp","href":"https:\/\/api.w.org\/{rel}","templated":true}]}}