{"id":11405,"date":"2025-12-04T08:41:12","date_gmt":"2025-12-04T13:41:12","guid":{"rendered":"https:\/\/www.diresaapurimac.gob.pe\/web\/?p=11405"},"modified":"2025-12-04T08:41:14","modified_gmt":"2025-12-04T13:41:14","slug":"diresa-apurimac-consolida-acciones-de-articulacion-para-optimizar-lucha-contra-el-dengue","status":"publish","type":"post","link":"https:\/\/www.diresaapurimac.gob.pe\/web\/noticias\/diresa-apurimac-consolida-acciones-de-articulacion-para-optimizar-lucha-contra-el-dengue\/","title":{"rendered":"DIRESA APUR\u00cdMAC CONSOLIDA ACCIONES DE ARTICULACI\u00d3N PARA OPTIMIZAR LUCHA CONTRA EL DENGUE"},"content":{"rendered":"\n<p>Con el prop\u00f3sito de consolidar el trabajo articulado para prevenir y mantener bajo control el dengue, el director de la DIRESA Apur\u00edmac, Luis Enrique Carri\u00f3n Herrera, sostuvo una reuni\u00f3n de coordinaci\u00f3n con el equipo t\u00e9cnico de la Estrategia Sanitaria de Metax\u00e9nicas &#8211; Dengue a fin de evaluar el avance de acciones estrat\u00e9gicas desplegadas durante el presente a\u00f1o.<\/p>\n\n\n\n<p>En una labor articulada con el GORE Apur\u00edmac, liderado por el gobernador Percy Godoy Medina, en el encuentro tambi\u00e9n se expusieron las acciones que se vienen implementando a la fecha con el objetivo de prevenir y contrarrestar el avance del Aedes aegypti, vector de la enfermedad, como la vigilancia y control vectorial, seguimiento cl\u00ednico de posibles pacientes con sintomatolog\u00eda, capacitaciones, jornadas de destrucci\u00f3n de criaderos, entre otras actividades complementarias que cuentan con la participaci\u00f3n de la poblaci\u00f3n y gobiernos locales para un trabajo m\u00e1s duradero y sostenido evitando el incremento de casos aut\u00f3ctonos de dengue a nivel regional.<\/p>\n\n\n\n<p>Asimismo, en la jornada se reafirm\u00f3 el compromiso del personal de salud orientado a continuar redoblando esfuerzos en la lucha frontal contra el dengue y aplicar nuevas estrategias que buscan seguir sensibilizando a todos los sectores de la comunidad apurime\u00f1a para que adopten pr\u00e1cticas saludables con miras a evitar brotes de la enfermedad.<\/p>\n\n\n\n<p>De igual modo, se present\u00f3 un an\u00e1lisis detallado del estado situacional del vector en la regi\u00f3n, as\u00ed como del nivel de incidencia en Apur\u00edmac y en sus provincias, donde se han reportado la presencia del zancudo. Adicionalmente, se evaluaron los riesgos asociados y se acordaron implementar acciones concretas con las redes y establecimientos de salud para intervenir de manera efectiva y as\u00ed evitar la proliferaci\u00f3n del zancudo que transmite el dengue.<\/p>\n\n\n\n<p>DATO<br>Durante el 2025, se han registrado 6 casos aut\u00f3ctonos de dengue en Apur\u00edmac: 3 en Abancay, 2 en Andahuaylas y 1 en la provincia de Chincheros, seg\u00fan el \u00faltimo reporte epidemiol\u00f3gico de la Direcci\u00f3n Regional de Salud.<\/p>\n\n\n\n<figure class=\"wp-block-image size-full\"><img loading=\"lazy\" decoding=\"async\" width=\"968\" height=\"587\" src=\"https:\/\/i1.wp.com\/www.diresaapurimac.gob.pe\/web\/wp-content\/uploads\/2025\/12\/51516ded-585d-4b4b-90da-09c4faf07570.jpeg?resize=968%2C587&#038;ssl=1\" alt=\"\" class=\"wp-image-11406\" srcset=\"https:\/\/i1.wp.com\/www.diresaapurimac.gob.pe\/web\/wp-content\/uploads\/2025\/12\/51516ded-585d-4b4b-90da-09c4faf07570.jpeg?w=968&amp;ssl=1 968w, https:\/\/i1.wp.com\/www.diresaapurimac.gob.pe\/web\/wp-content\/uploads\/2025\/12\/51516ded-585d-4b4b-90da-09c4faf07570.jpeg?resize=300%2C182&amp;ssl=1 300w, https:\/\/i1.wp.com\/www.diresaapurimac.gob.pe\/web\/wp-content\/uploads\/2025\/12\/51516ded-585d-4b4b-90da-09c4faf07570.jpeg?resize=768%2C466&amp;ssl=1 768w\" sizes=\"auto, (max-width: 968px) 100vw, 968px\" data-recalc-dims=\"1\" \/><\/figure>\n","protected":false},"excerpt":{"rendered":"<p>Con el prop\u00f3sito de consolidar el trabajo articulado para prevenir y mantener bajo control el dengue, el director de la DIRESA Apur\u00edmac, Luis Enrique Carri\u00f3n Herrera, sostuvo una reuni\u00f3n de coordinaci\u00f3n con el equipo t\u00e9cnico de la Estrategia Sanitaria de Metax\u00e9nicas &#8211; Dengue a fin de evaluar el avance de acciones estrat\u00e9gicas desplegadas durante el [&hellip;]<\/p>\n","protected":false},"author":1,"featured_media":11407,"comment_status":"closed","ping_status":"closed","sticky":false,"template":"","format":"standard","meta":{"spay_email":"","footnotes":""},"categories":[1],"tags":[],"class_list":["post-11405","post","type-post","status-publish","format-standard","has-post-thumbnail","hentry","category-noticias"],"jetpack_featured_media_url":"https:\/\/i1.wp.com\/www.diresaapurimac.gob.pe\/web\/wp-content\/uploads\/2025\/12\/519e8b93-8e0e-4168-bb83-3a01c16bf3ff.jpeg?fit=956%2C555&ssl=1","_links":{"self":[{"href":"https:\/\/www.diresaapurimac.gob.pe\/web\/wp-json\/wp\/v2\/posts\/11405","targetHints":{"allow":["GET"]}}],"collection":[{"href":"https:\/\/www.diresaapurimac.gob.pe\/web\/wp-json\/wp\/v2\/posts"}],"about":[{"href":"https:\/\/www.diresaapurimac.gob.pe\/web\/wp-json\/wp\/v2\/types\/post"}],"author":[{"embeddable":true,"href":"https:\/\/www.diresaapurimac.gob.pe\/web\/wp-json\/wp\/v2\/users\/1"}],"replies":[{"embeddable":true,"href":"https:\/\/www.diresaapurimac.gob.pe\/web\/wp-json\/wp\/v2\/comments?post=11405"}],"version-history":[{"count":1,"href":"https:\/\/www.diresaapurimac.gob.pe\/web\/wp-json\/wp\/v2\/posts\/11405\/revisions"}],"predecessor-version":[{"id":11408,"href":"https:\/\/www.diresaapurimac.gob.pe\/web\/wp-json\/wp\/v2\/posts\/11405\/revisions\/11408"}],"wp:featuredmedia":[{"embeddable":true,"href":"https:\/\/www.diresaapurimac.gob.pe\/web\/wp-json\/wp\/v2\/media\/11407"}],"wp:attachment":[{"href":"https:\/\/www.diresaapurimac.gob.pe\/web\/wp-json\/wp\/v2\/media?parent=11405"}],"wp:term":[{"taxonomy":"category","embeddable":true,"href":"https:\/\/www.diresaapurimac.gob.pe\/web\/wp-json\/wp\/v2\/categories?post=11405"},{"taxonomy":"post_tag","embeddable":true,"href":"https:\/\/www.diresaapurimac.gob.pe\/web\/wp-json\/wp\/v2\/tags?post=11405"}],"curies":[{"name":"wp","href":"https:\/\/api.w.org\/{rel}","templated":true}]}}