{"id":11128,"date":"2025-10-21T08:52:46","date_gmt":"2025-10-21T13:52:46","guid":{"rendered":"https:\/\/www.diresaapurimac.gob.pe\/web\/?p=11128"},"modified":"2025-10-21T08:52:47","modified_gmt":"2025-10-21T13:52:47","slug":"diresa-apurimac-inicia-taller-para-fortalecer-capacidades-en-manejo-y-rehabilitacion-de-pacientes-con-psicosis-y-adicciones","status":"publish","type":"post","link":"https:\/\/www.diresaapurimac.gob.pe\/web\/noticias\/diresa-apurimac-inicia-taller-para-fortalecer-capacidades-en-manejo-y-rehabilitacion-de-pacientes-con-psicosis-y-adicciones\/","title":{"rendered":"DIRESA APUR\u00cdMAC INICIA TALLER PARA FORTALECER CAPACIDADES EN MANEJO Y REHABILITACI\u00d3N DE PACIENTES CON PSICOSIS Y ADICCIONES"},"content":{"rendered":"\n<p>Con el objetivo de fortalecer las competencias t\u00e9cnicas del personal de salud mental en el cuidado integral de las personas, la DIRESA Apur\u00edmac inici\u00f3 al curso taller de \u201cFortalecimiento de capacidades en el manejo y rehabilitaci\u00f3n de pacientes con psicosis y adicciones para profesionales de atenci\u00f3n especializada y no especializada\u201d.<\/p>\n\n\n\n<p>El evento de fortalecimiento de capacidades cuenta con la destacada participaci\u00f3n del Dr. Rub\u00e9n Arce Loayza, jefe de Rehabilitaci\u00f3n del Instituto Nacional de Salud Mental Honorio Delgado &#8211; Hideyo Noguchi, quien en su condici\u00f3n de profesional psiquiatra es el encargado de conducir las ponencias te\u00f3rico-pr\u00e1cticas dirigidas al personal que brinda atenci\u00f3n en los establecimientos del primer y segundo nivel, quienes cumplen un rol clave en la detecci\u00f3n, intervenci\u00f3n y tratamiento de personas con problemas de adicci\u00f3n.<\/p>\n\n\n\n<p>La actividad presencial re\u00fane a profesionales de salud de las provincias apurime\u00f1as de Abancay, Andahuaylas, Aymaraes, Antabamba, Chincheros, Cotabambas y Grau. Asimismo, participan representantes de los ocho centros de salud mental comunitarios de la regi\u00f3n como es el caso de Allin Kawsay de Curahuasi, Qhaly Kay de Abancay, Sumaq Kawsay de Chincheros, Musuk Illari de Challhuahuacho y Se\u00f1or de \u00c1nimas de Chalhuanca. Asimismo, los centros de salud mental universitarios Pradera de los Celajes y de San Jer\u00f3nimo, en Andahuaylas.<br>De igual forma, se cuenta con la presencia de personal del hospital de Tambobamba, del centro de salud de Antabamba, as\u00ed como de los hogares protegidos de Calicanto y de Amancaes en Abancay, y de Aymaraes. Tambi\u00e9n participan de forma activa profesionales de la Unidad de Hospitalizaci\u00f3n de Salud Mental y Adicciones (UHSMA) del Hospital Regional Guillermo D\u00edaz de la Vega.<\/p>\n\n\n\n<p>De esta manera, el equipo multidisciplinario de la Direcci\u00f3n de Salud Mental busca fortalecer las capacidades del recurso humano, promoviendo un enfoque integral, comunitario y humanizado en el tratamiento y rehabilitaci\u00f3n de personas que enfrentan trastornos psic\u00f3ticos y adicciones, en concordancia con las pol\u00edticas nacionales impulsadas por el MINSA, en coordinaci\u00f3n con la DIRESA Apur\u00edmac, bajo el liderazgo del director Luis Enrique Carri\u00f3n Herrera.<\/p>\n\n\n\n<p>DATO<br>El curso taller se realizar\u00e1 hasta el mi\u00e9rcoles 22 de octubre en la ciudad de Abancay. Hoy se realiz\u00f3 en las instalaciones de la DIRESA Apur\u00edmac y en horas de la tarde en el auditorio de la Direcci\u00f3n Regional de Trabajo y Promoci\u00f3n del Empleo.<\/p>\n\n\n","protected":false},"excerpt":{"rendered":"<p>Con el objetivo de fortalecer las competencias t\u00e9cnicas del personal de salud mental en el cuidado integral de las personas, la DIRESA Apur\u00edmac inici\u00f3 al curso taller de \u201cFortalecimiento de capacidades en el manejo y rehabilitaci\u00f3n de pacientes con psicosis y adicciones para profesionales de atenci\u00f3n especializada y no especializada\u201d. El evento de fortalecimiento de [&hellip;]<\/p>\n","protected":false},"author":1,"featured_media":11130,"comment_status":"closed","ping_status":"closed","sticky":false,"template":"","format":"standard","meta":{"spay_email":"","footnotes":""},"categories":[1],"tags":[],"class_list":["post-11128","post","type-post","status-publish","format-standard","has-post-thumbnail","hentry","category-noticias"],"jetpack_featured_media_url":"https:\/\/i0.wp.com\/www.diresaapurimac.gob.pe\/web\/wp-content\/uploads\/2025\/10\/ae47ee41-c16a-4dae-9c01-98206de25cee.jpeg?fit=1600%2C1073&ssl=1","_links":{"self":[{"href":"https:\/\/www.diresaapurimac.gob.pe\/web\/wp-json\/wp\/v2\/posts\/11128","targetHints":{"allow":["GET"]}}],"collection":[{"href":"https:\/\/www.diresaapurimac.gob.pe\/web\/wp-json\/wp\/v2\/posts"}],"about":[{"href":"https:\/\/www.diresaapurimac.gob.pe\/web\/wp-json\/wp\/v2\/types\/post"}],"author":[{"embeddable":true,"href":"https:\/\/www.diresaapurimac.gob.pe\/web\/wp-json\/wp\/v2\/users\/1"}],"replies":[{"embeddable":true,"href":"https:\/\/www.diresaapurimac.gob.pe\/web\/wp-json\/wp\/v2\/comments?post=11128"}],"version-history":[{"count":1,"href":"https:\/\/www.diresaapurimac.gob.pe\/web\/wp-json\/wp\/v2\/posts\/11128\/revisions"}],"predecessor-version":[{"id":11131,"href":"https:\/\/www.diresaapurimac.gob.pe\/web\/wp-json\/wp\/v2\/posts\/11128\/revisions\/11131"}],"wp:featuredmedia":[{"embeddable":true,"href":"https:\/\/www.diresaapurimac.gob.pe\/web\/wp-json\/wp\/v2\/media\/11130"}],"wp:attachment":[{"href":"https:\/\/www.diresaapurimac.gob.pe\/web\/wp-json\/wp\/v2\/media?parent=11128"}],"wp:term":[{"taxonomy":"category","embeddable":true,"href":"https:\/\/www.diresaapurimac.gob.pe\/web\/wp-json\/wp\/v2\/categories?post=11128"},{"taxonomy":"post_tag","embeddable":true,"href":"https:\/\/www.diresaapurimac.gob.pe\/web\/wp-json\/wp\/v2\/tags?post=11128"}],"curies":[{"name":"wp","href":"https:\/\/api.w.org\/{rel}","templated":true}]}}