{"id":11118,"date":"2025-10-20T09:52:06","date_gmt":"2025-10-20T14:52:06","guid":{"rendered":"https:\/\/www.diresaapurimac.gob.pe\/web\/?p=11118"},"modified":"2025-10-20T09:52:07","modified_gmt":"2025-10-20T14:52:07","slug":"abancay-vibro-con-emocionante-maraton-en-conmemoracion-al-dia-mundial-de-lucha-contra-el-cancer-de-mama","status":"publish","type":"post","link":"https:\/\/www.diresaapurimac.gob.pe\/web\/noticias\/abancay-vibro-con-emocionante-maraton-en-conmemoracion-al-dia-mundial-de-lucha-contra-el-cancer-de-mama\/","title":{"rendered":"ABANCAY VIBR\u00d3 CON EMOCIONANTE MARAT\u00d3N EN CONMEMORACI\u00d3N AL D\u00cdA MUNDIAL DE LUCHA CONTRA EL C\u00c1NCER DE MAMA"},"content":{"rendered":"\n<p>En una vibrante y emocionante competencia, m\u00e1s de 100 personas de diferentes edades participaron en la II Marat\u00f3n \u201cCorre por la vida 2025&#8243; que se desarroll\u00f3 en la ciudad de Abancay, organizada con \u00e9xito por el GORE Apur\u00edmac, a trav\u00e9s de la Direcci\u00f3n Regional de Salud &#8211; DIRESA, en coordinaci\u00f3n con diferentes instituciones p\u00fablicas y privadas.<\/p>\n\n\n\n<p>La carrera se realiz\u00f3 en el marco del D\u00eda Mundial de Lucha contra el C\u00e1ncer de Mama que se conmemora cada 19 de octubre, y cuyo objetivo es aumentar la sensibilizaci\u00f3n y la movilizaci\u00f3n social para avanzar en la prevenci\u00f3n y control de dicha enfermedad a nivel regional y nacional.<\/p>\n\n\n\n<p>Por disposici\u00f3n del director regional de Salud, Luis Enrique Carri\u00f3n Herrera, el Programa Presupuestal de Prevenci\u00f3n y Control de C\u00e1ncer de la DIRESA Apur\u00edmac realiz\u00f3 en los \u00faltimos d\u00edas diferentes actividades gracias al trabajo articulado con el Hospital Guillermo D\u00edaz de la Vega, las redes y establecimientos sanitarios en beneficio de la poblaci\u00f3n.<\/p>\n\n\n\n<p>Bajo el lema \u201cEl c\u00e1ncer no avisa, chequ\u00e9ate a tiempo\u201d, la marat\u00f3n contribuy\u00f3 a enviar un poderoso mensaje de reflexi\u00f3n a la poblaci\u00f3n sobre la importancia de prevenir la enfermedad a trav\u00e9s del chequeo preventivo, de realizarse mamograf\u00edas regulares y el fortalecimiento de las pr\u00e1cticas y conductas saludables.<\/p>\n\n\n\n<p>En el marco de tan significativa fecha, los establecimientos de salud a nivel regional vienen brindando informaci\u00f3n como consejer\u00eda sobre factores de riesgo para la prevenci\u00f3n de c\u00e1ncer de mama, despistaje, estilos de vida saludable, entre otros. Durante la jornada deportiva tambi\u00e9n se enfatiz\u00f3 que el c\u00e1ncer cuando se detecta a tiempo se puede curar.<\/p>\n\n\n\n<p>GANADORES<br>La marat\u00f3n se inici\u00f3 en el frontis de la iglesia Guadalupe en Las Am\u00e9ricas y culmin\u00f3 en la plaza de armas de Abancay. En un ambiente de sana competencia, los m\u00e1s de 100 maratonistas sudaron la gota gorda y realizaron un gran esfuerzo para ubicarse en el podio de honor, concitando el inter\u00e9s de la poblaci\u00f3n abanquina que se apost\u00f3 en diferentes sectores a fin de apreciar la re\u00f1ida competencia.<\/p>\n\n\n\n<p>Es as\u00ed que en la \u201cCategor\u00eda A\u201d (Varones mayores de 18 a\u00f1os) qued\u00f3 en el primer lugar Eloy Lezquez Tikia, la segunda casilla fue para Joel Pumcayo Montoya y en el tercer puesto se ubic\u00f3 Guillermo \u00d1ahuinlla Mena.<\/p>\n\n\n\n<p>En la \u201cCategor\u00eda B\u201d (Varones mayores de 18 a\u00f1os) logr\u00f3 el primer lugar Urbano Ccaipane Huaraca, mientras que la segunda posici\u00f3n fue para Miguel Rodr\u00edguez Espinoza y Antonio Riveros Urpi alcanz\u00f3 la tercera posici\u00f3n.<\/p>\n\n\n\n<p>En la \u201cCategor\u00eda C\u201d (Damas mayores de 18 a\u00f1os) logr\u00f3 el primer lugar Zenaida Huamani Fuentes, la segunda posici\u00f3n fue para Diana Rodr\u00edguez Monz\u00f3n y Elida Aymara Alaya se ubic\u00f3 en la tercera ubicaci\u00f3n.<\/p>\n\n\n\n<p>Finalmente, en la &#8220;Categor\u00eda D&#8221; (Damas mayores de 40 a\u00f1os) se consagr\u00f3 como campeona Victoria Flores Flores, mientras el segundo lugar fue para Paulina Paniura Mayhuire y en el tercer puesto qued\u00f3 Mar\u00eda Miranda Peralta. Todos ellos fueron merecedores de premios y distinciones por su sobresaliente participaci\u00f3n en la competencia sabatina.<\/p>\n\n\n\n<figure class=\"wp-block-image size-large\"><img loading=\"lazy\" decoding=\"async\" width=\"1024\" height=\"575\" src=\"https:\/\/i2.wp.com\/www.diresaapurimac.gob.pe\/web\/wp-content\/uploads\/2025\/10\/009c7a6b-5566-4c6a-b5f7-0dedf06c4841.jpeg?resize=1024%2C575&#038;ssl=1\" alt=\"\" class=\"wp-image-11119\" srcset=\"https:\/\/i2.wp.com\/www.diresaapurimac.gob.pe\/web\/wp-content\/uploads\/2025\/10\/009c7a6b-5566-4c6a-b5f7-0dedf06c4841.jpeg?resize=1024%2C575&amp;ssl=1 1024w, https:\/\/i2.wp.com\/www.diresaapurimac.gob.pe\/web\/wp-content\/uploads\/2025\/10\/009c7a6b-5566-4c6a-b5f7-0dedf06c4841.jpeg?resize=300%2C168&amp;ssl=1 300w, https:\/\/i2.wp.com\/www.diresaapurimac.gob.pe\/web\/wp-content\/uploads\/2025\/10\/009c7a6b-5566-4c6a-b5f7-0dedf06c4841.jpeg?resize=768%2C431&amp;ssl=1 768w, https:\/\/i2.wp.com\/www.diresaapurimac.gob.pe\/web\/wp-content\/uploads\/2025\/10\/009c7a6b-5566-4c6a-b5f7-0dedf06c4841.jpeg?w=1633&amp;ssl=1 1633w\" sizes=\"auto, (max-width: 1000px) 100vw, 1000px\" data-recalc-dims=\"1\" \/><\/figure>\n","protected":false},"excerpt":{"rendered":"<p>En una vibrante y emocionante competencia, m\u00e1s de 100 personas de diferentes edades participaron en la II Marat\u00f3n \u201cCorre por la vida 2025&#8243; que se desarroll\u00f3 en la ciudad de Abancay, organizada con \u00e9xito por el GORE Apur\u00edmac, a trav\u00e9s de la Direcci\u00f3n Regional de Salud &#8211; DIRESA, en coordinaci\u00f3n con diferentes instituciones p\u00fablicas y [&hellip;]<\/p>\n","protected":false},"author":1,"featured_media":11121,"comment_status":"closed","ping_status":"closed","sticky":false,"template":"","format":"standard","meta":{"spay_email":"","footnotes":""},"categories":[1],"tags":[],"class_list":["post-11118","post","type-post","status-publish","format-standard","has-post-thumbnail","hentry","category-noticias"],"jetpack_featured_media_url":"https:\/\/i0.wp.com\/www.diresaapurimac.gob.pe\/web\/wp-content\/uploads\/2025\/10\/453ca486-ec46-4471-96c7-a1bce30d738b.jpeg?fit=1541%2C917&ssl=1","_links":{"self":[{"href":"https:\/\/www.diresaapurimac.gob.pe\/web\/wp-json\/wp\/v2\/posts\/11118","targetHints":{"allow":["GET"]}}],"collection":[{"href":"https:\/\/www.diresaapurimac.gob.pe\/web\/wp-json\/wp\/v2\/posts"}],"about":[{"href":"https:\/\/www.diresaapurimac.gob.pe\/web\/wp-json\/wp\/v2\/types\/post"}],"author":[{"embeddable":true,"href":"https:\/\/www.diresaapurimac.gob.pe\/web\/wp-json\/wp\/v2\/users\/1"}],"replies":[{"embeddable":true,"href":"https:\/\/www.diresaapurimac.gob.pe\/web\/wp-json\/wp\/v2\/comments?post=11118"}],"version-history":[{"count":1,"href":"https:\/\/www.diresaapurimac.gob.pe\/web\/wp-json\/wp\/v2\/posts\/11118\/revisions"}],"predecessor-version":[{"id":11120,"href":"https:\/\/www.diresaapurimac.gob.pe\/web\/wp-json\/wp\/v2\/posts\/11118\/revisions\/11120"}],"wp:featuredmedia":[{"embeddable":true,"href":"https:\/\/www.diresaapurimac.gob.pe\/web\/wp-json\/wp\/v2\/media\/11121"}],"wp:attachment":[{"href":"https:\/\/www.diresaapurimac.gob.pe\/web\/wp-json\/wp\/v2\/media?parent=11118"}],"wp:term":[{"taxonomy":"category","embeddable":true,"href":"https:\/\/www.diresaapurimac.gob.pe\/web\/wp-json\/wp\/v2\/categories?post=11118"},{"taxonomy":"post_tag","embeddable":true,"href":"https:\/\/www.diresaapurimac.gob.pe\/web\/wp-json\/wp\/v2\/tags?post=11118"}],"curies":[{"name":"wp","href":"https:\/\/api.w.org\/{rel}","templated":true}]}}