{"id":11095,"date":"2025-10-17T08:51:45","date_gmt":"2025-10-17T13:51:45","guid":{"rendered":"https:\/\/www.diresaapurimac.gob.pe\/web\/?p=11095"},"modified":"2025-10-17T08:51:47","modified_gmt":"2025-10-17T13:51:47","slug":"con-el-compromiso-de-promover-estilos-de-vida-saludables-culmino-con-exito-foro-por-el-dia-mundial-de-la-alimentacion","status":"publish","type":"post","link":"https:\/\/www.diresaapurimac.gob.pe\/web\/noticias\/con-el-compromiso-de-promover-estilos-de-vida-saludables-culmino-con-exito-foro-por-el-dia-mundial-de-la-alimentacion\/","title":{"rendered":"CON EL COMPROMISO DE PROMOVER ESTILOS DE VIDA SALUDABLES, CULMIN\u00d3 CON \u00c9XITO FORO POR EL D\u00cdA MUNDIAL DE LA ALIMENTACI\u00d3N"},"content":{"rendered":"\n<p>Instituciones que conforman el Comit\u00e9 Multisectorial Permanente de Inocuidad Alimentaria -COMPIAL Apur\u00edmac, que preside la Direcci\u00f3n Regional de Salud, desarrollaron con \u00e9xito un foro sobre alimentaci\u00f3n saludable para promover sanos estilos de vida y fomentar una educaci\u00f3n nutricional adecuada con miras a prevenir enfermedades.<\/p>\n\n\n\n<p>El acto inaugural del evento estuvo a cargo del director regional de Salud, Luis Enrique Carri\u00f3n Herrera, quien remarc\u00f3 que su sector est\u00e1 comprometido en garantizar el derecho de la poblaci\u00f3n, especialmente de ni\u00f1as, ni\u00f1os y adolescentes, a una alimentaci\u00f3n saludable y libre de excesos da\u00f1inos.<\/p>\n\n\n\n<p>\u201cUna alimentaci\u00f3n saludable es importante para el buen funcionamiento de nuestro sistema inmunol\u00f3gico. La nutrici\u00f3n adecuada tambi\u00e9n puede reducir la probabilidad de aparici\u00f3n de otros problemas de salud como la obesidad, las enfermedades del coraz\u00f3n, la diabetes y algunos tipos de c\u00e1ncer\u201d, indic\u00f3 el titular de la DIRESA Apur\u00edmac.<\/p>\n\n\n\n<p>Durante la jornada se abordaron temas referentes a las autorizaciones sanitarias en el procesamiento de alimentos agropecuarios primarios, lavado de manos, gesti\u00f3n de la calidad y seguridad alimentaria, certificaci\u00f3n de principios generales de higiene, entre otros.<\/p>\n\n\n\n<p>Asimismo, se recomend\u00f3 a la poblaci\u00f3n apurime\u00f1a a no consumir alimentos procesados, alto en az\u00facar y grasa saturada, pese a que en los oct\u00f3gonos en los productos los usuarios contin\u00faan comprando, en vez de preferir las verduras, frutas y ensaladas.<\/p>\n\n\n\n<p>Gracias al esfuerzo conjunto entre el Comit\u00e9 de Prevenci\u00f3n y Reducci\u00f3n de Anemia Materno Infantil Apur\u00edmac &#8211; COPRAM\u00cdA y el COMPIAL se concret\u00f3 dicho foro en el marco del D\u00eda Mundial de la Alimentaci\u00f3n que se conmemora este jueves 16 de octubre. El objetivo fue promover la alimentaci\u00f3n saludable que permitan el bienestar de la poblaci\u00f3n y la prevenci\u00f3n de las enfermedades asociadas al sobrepeso y obesidad, adem\u00e1s de impulsar alianzas estrat\u00e9gicas para redoblar labores en la lucha frontal contra la anemia materno infantil.<\/p>\n\n\n\n<p>El foro concluy\u00f3 con una ronda de preguntas y reflexiones de los asistentes, consolid\u00e1ndose como un espacio de di\u00e1logo t\u00e9cnico y multisectorial que reafirma el compromiso de la DIRESA y de las entidades comprometidas con el cuidado de la salud para impulsar una alimentaci\u00f3n saludable, sostenible y accesible para todas las familias apurime\u00f1as.<\/p>\n\n\n\n<p>Es necesario subrayar que en pleno D\u00eda Mundial de la Alimentaci\u00f3n se realizar\u00e1 una caminata que se iniciar\u00e1 en la iglesia Guadalupe y culminar\u00e1 en el parque Micaela Bastidas de la ciudad de Abancay. Adem\u00e1s, se desarrollar\u00e1 una feria multisectorial en dicho parque abanquino para brindar atenci\u00f3n gratuita integral en salud y ofrecer informaci\u00f3n y charlas informativas a la poblaci\u00f3n.<\/p>\n\n\n\n<p>DATO<br>\nEl foro se realiz\u00f3 en el auditorio del Colegio de Ingenieros del Per\u00fa &#8211; Consejo Departamental Apur\u00edmac, en Abancay.<\/p>\n\n\n\n<figure class=\"wp-block-image size-large\"><img loading=\"lazy\" decoding=\"async\" width=\"1244\" height=\"629\" src=\"https:\/\/i0.wp.com\/www.diresaapurimac.gob.pe\/web\/wp-content\/uploads\/2025\/10\/de9ccb68-499d-4dd5-bd66-c6b62cfd68b1.jpeg?fit=1024%2C518&amp;ssl=1\" alt=\"\" class=\"wp-image-11097\" srcset=\"https:\/\/i0.wp.com\/www.diresaapurimac.gob.pe\/web\/wp-content\/uploads\/2025\/10\/de9ccb68-499d-4dd5-bd66-c6b62cfd68b1.jpeg?w=1244&amp;ssl=1 1244w, https:\/\/i0.wp.com\/www.diresaapurimac.gob.pe\/web\/wp-content\/uploads\/2025\/10\/de9ccb68-499d-4dd5-bd66-c6b62cfd68b1.jpeg?resize=300%2C152&amp;ssl=1 300w, https:\/\/i0.wp.com\/www.diresaapurimac.gob.pe\/web\/wp-content\/uploads\/2025\/10\/de9ccb68-499d-4dd5-bd66-c6b62cfd68b1.jpeg?resize=1024%2C518&amp;ssl=1 1024w, https:\/\/i0.wp.com\/www.diresaapurimac.gob.pe\/web\/wp-content\/uploads\/2025\/10\/de9ccb68-499d-4dd5-bd66-c6b62cfd68b1.jpeg?resize=768%2C388&amp;ssl=1 768w\" sizes=\"auto, (max-width: 1000px) 100vw, 1000px\" \/><\/figure>\n","protected":false},"excerpt":{"rendered":"<p>Instituciones que conforman el Comit\u00e9 Multisectorial Permanente de Inocuidad Alimentaria -COMPIAL Apur\u00edmac, que preside la Direcci\u00f3n Regional de Salud, desarrollaron con \u00e9xito un foro sobre alimentaci\u00f3n saludable para promover sanos estilos de vida y fomentar una educaci\u00f3n nutricional adecuada con miras a prevenir enfermedades. El acto inaugural del evento estuvo a cargo del director regional [&hellip;]<\/p>\n","protected":false},"author":1,"featured_media":11096,"comment_status":"closed","ping_status":"closed","sticky":false,"template":"","format":"standard","meta":{"spay_email":"","footnotes":""},"categories":[1],"tags":[],"class_list":["post-11095","post","type-post","status-publish","format-standard","has-post-thumbnail","hentry","category-noticias"],"jetpack_featured_media_url":"https:\/\/i2.wp.com\/www.diresaapurimac.gob.pe\/web\/wp-content\/uploads\/2025\/10\/6c59eaea-e62b-4360-9e0a-d0d2b6b6cab3.jpeg?fit=1600%2C1020&ssl=1","_links":{"self":[{"href":"https:\/\/www.diresaapurimac.gob.pe\/web\/wp-json\/wp\/v2\/posts\/11095","targetHints":{"allow":["GET"]}}],"collection":[{"href":"https:\/\/www.diresaapurimac.gob.pe\/web\/wp-json\/wp\/v2\/posts"}],"about":[{"href":"https:\/\/www.diresaapurimac.gob.pe\/web\/wp-json\/wp\/v2\/types\/post"}],"author":[{"embeddable":true,"href":"https:\/\/www.diresaapurimac.gob.pe\/web\/wp-json\/wp\/v2\/users\/1"}],"replies":[{"embeddable":true,"href":"https:\/\/www.diresaapurimac.gob.pe\/web\/wp-json\/wp\/v2\/comments?post=11095"}],"version-history":[{"count":1,"href":"https:\/\/www.diresaapurimac.gob.pe\/web\/wp-json\/wp\/v2\/posts\/11095\/revisions"}],"predecessor-version":[{"id":11098,"href":"https:\/\/www.diresaapurimac.gob.pe\/web\/wp-json\/wp\/v2\/posts\/11095\/revisions\/11098"}],"wp:featuredmedia":[{"embeddable":true,"href":"https:\/\/www.diresaapurimac.gob.pe\/web\/wp-json\/wp\/v2\/media\/11096"}],"wp:attachment":[{"href":"https:\/\/www.diresaapurimac.gob.pe\/web\/wp-json\/wp\/v2\/media?parent=11095"}],"wp:term":[{"taxonomy":"category","embeddable":true,"href":"https:\/\/www.diresaapurimac.gob.pe\/web\/wp-json\/wp\/v2\/categories?post=11095"},{"taxonomy":"post_tag","embeddable":true,"href":"https:\/\/www.diresaapurimac.gob.pe\/web\/wp-json\/wp\/v2\/tags?post=11095"}],"curies":[{"name":"wp","href":"https:\/\/api.w.org\/{rel}","templated":true}]}}