{"id":11056,"date":"2025-10-13T08:44:06","date_gmt":"2025-10-13T13:44:06","guid":{"rendered":"https:\/\/www.diresaapurimac.gob.pe\/web\/?p=11056"},"modified":"2025-10-13T08:44:08","modified_gmt":"2025-10-13T13:44:08","slug":"gobierno-regional-de-apurimac-y-diresa-coordinan-acciones-para-realizar-actividades-por-el-dia-mundial-de-la-alimentacion-y-del-lavado-de-manos","status":"publish","type":"post","link":"https:\/\/www.diresaapurimac.gob.pe\/web\/noticias\/gobierno-regional-de-apurimac-y-diresa-coordinan-acciones-para-realizar-actividades-por-el-dia-mundial-de-la-alimentacion-y-del-lavado-de-manos\/","title":{"rendered":"GOBIERNO REGIONAL DE APUR\u00cdMAC Y DIRESA COORDINAN ACCIONES PARA REALIZAR ACTIVIDADES POR EL D\u00cdA MUNDIAL DE LA ALIMENTACI\u00d3N Y DEL LAVADO DE MANOS"},"content":{"rendered":"\n<p>El Gobierno Regional de Apur\u00edmac y la DIRESA coordinaron acciones con diferentes instituciones comprometidas en el cuidado de la salud de las personas a fin de realizar actividades conjuntas para promover la conmemoraci\u00f3n del D\u00eda Mundial de la Alimentaci\u00f3n y del Lavado de Manos con miras a sensibilizar y crear conciencia en la poblaci\u00f3n sobre su importancia.<\/p>\n\n\n\n<p>En atenci\u00f3n a lo dispuesto por el gobernador regional Percy Godoy Medina, en coordinaci\u00f3n con el titular de la DIRESA Apur\u00edmac, Luis Enrique Carri\u00f3n Herrera, la reuni\u00f3n multisectorial fue aperturada por la directora adjunta Silvia Palomino Aguilar, quien destac\u00f3 la presencia de los representantes de las entidades y funcionarios para garantizar el \u00e9xito de las actividades que se desarrollar\u00e1n en el marco de tan importantes celebraciones internacionales en la regi\u00f3n. <\/p>\n\n\n\n<p>Es as\u00ed que en el encuentro de trabajo, convocado por la Direcci\u00f3n Ejecutiva de Promoci\u00f3n de la Salud &#8211; PROMSA, se acord\u00f3 que el mi\u00e9rcoles 15 de octubre, a partir de las 8 y 30 de la ma\u00f1ana, se realizar\u00e1 el foro \u2018Alimentaci\u00f3n Saludable\u2019 en el auditorio del Colegio de Ingenieros del Per\u00fa &#8211; Consejo Departamental Apur\u00edmac, en Abancay. <\/p>\n\n\n\n<p>Asimismo, se ha programado para el jueves 16 de octubre la \u2018Caminata por el D\u00eda Mundial de la Alimentaci\u00f3n\u2019 que se iniciar\u00e1 en la iglesia Guadalupe y culminar\u00e1 en el parque Micaela Bastidas de la ciudad de Abancay. Ese mismo d\u00eda, a las 10 de la ma\u00f1ana, se desarrollar\u00e1 una feria multisectorial en dicho parque abanquino para brindar atenci\u00f3n gratuita integral en salud y ofrecer informaci\u00f3n y charlas informativas durante la jornada.<\/p>\n\n\n\n<p>Cabe remarcar que D\u00eda Mundial del Lavado de Manos se conmemora el 15 de octubre de todos los a\u00f1os. En tanto, el 16 de octubre se celebra el D\u00eda Mundial de la Alimentaci\u00f3n. De esta manera, el GORE Apur\u00edmac y la Direcci\u00f3n Regional de Salud reafirman su compromiso en impulsar labores articuladas para acercar los servicios m\u00e9dicos a todos los sectores y sensibilizar en temas claves para elevar la calidad de vida de la poblaci\u00f3n apurime\u00f1a.<\/p>\n\n\n\n<p>DATO<br>\nEn la reuni\u00f3n tambi\u00e9n participaron integrantes de la Comisi\u00f3n Multisectorial Permanente de Inocuidad Alimentaria \u2013 COMPIAL Apur\u00edmac, que preside la DIRESA.<\/p>\n\n\n\n<figure class=\"wp-block-image size-large\"><img loading=\"lazy\" decoding=\"async\" width=\"1024\" height=\"567\" src=\"https:\/\/i0.wp.com\/www.diresaapurimac.gob.pe\/web\/wp-content\/uploads\/2025\/10\/2cce8bd5-5df4-4262-8226-90ac7b7e8cc9.jpeg?resize=1024%2C567&#038;ssl=1\" alt=\"\" class=\"wp-image-11057\" srcset=\"https:\/\/i0.wp.com\/www.diresaapurimac.gob.pe\/web\/wp-content\/uploads\/2025\/10\/2cce8bd5-5df4-4262-8226-90ac7b7e8cc9.jpeg?resize=1024%2C567&amp;ssl=1 1024w, https:\/\/i0.wp.com\/www.diresaapurimac.gob.pe\/web\/wp-content\/uploads\/2025\/10\/2cce8bd5-5df4-4262-8226-90ac7b7e8cc9.jpeg?resize=300%2C166&amp;ssl=1 300w, https:\/\/i0.wp.com\/www.diresaapurimac.gob.pe\/web\/wp-content\/uploads\/2025\/10\/2cce8bd5-5df4-4262-8226-90ac7b7e8cc9.jpeg?resize=768%2C425&amp;ssl=1 768w, https:\/\/i0.wp.com\/www.diresaapurimac.gob.pe\/web\/wp-content\/uploads\/2025\/10\/2cce8bd5-5df4-4262-8226-90ac7b7e8cc9.jpeg?w=1600&amp;ssl=1 1600w\" sizes=\"auto, (max-width: 1000px) 100vw, 1000px\" data-recalc-dims=\"1\" \/><\/figure>\n","protected":false},"excerpt":{"rendered":"<p>El Gobierno Regional de Apur\u00edmac y la DIRESA coordinaron acciones con diferentes instituciones comprometidas en el cuidado de la salud de las personas a fin de realizar actividades conjuntas para promover la conmemoraci\u00f3n del D\u00eda Mundial de la Alimentaci\u00f3n y del Lavado de Manos con miras a sensibilizar y crear conciencia en la poblaci\u00f3n sobre [&hellip;]<\/p>\n","protected":false},"author":1,"featured_media":11058,"comment_status":"closed","ping_status":"closed","sticky":false,"template":"","format":"standard","meta":{"spay_email":"","footnotes":""},"categories":[1],"tags":[],"class_list":["post-11056","post","type-post","status-publish","format-standard","has-post-thumbnail","hentry","category-noticias"],"jetpack_featured_media_url":"https:\/\/i0.wp.com\/www.diresaapurimac.gob.pe\/web\/wp-content\/uploads\/2025\/10\/4564d692-5766-4a16-96ee-69caa9026c7f.jpeg?fit=1510%2C871&ssl=1","_links":{"self":[{"href":"https:\/\/www.diresaapurimac.gob.pe\/web\/wp-json\/wp\/v2\/posts\/11056","targetHints":{"allow":["GET"]}}],"collection":[{"href":"https:\/\/www.diresaapurimac.gob.pe\/web\/wp-json\/wp\/v2\/posts"}],"about":[{"href":"https:\/\/www.diresaapurimac.gob.pe\/web\/wp-json\/wp\/v2\/types\/post"}],"author":[{"embeddable":true,"href":"https:\/\/www.diresaapurimac.gob.pe\/web\/wp-json\/wp\/v2\/users\/1"}],"replies":[{"embeddable":true,"href":"https:\/\/www.diresaapurimac.gob.pe\/web\/wp-json\/wp\/v2\/comments?post=11056"}],"version-history":[{"count":1,"href":"https:\/\/www.diresaapurimac.gob.pe\/web\/wp-json\/wp\/v2\/posts\/11056\/revisions"}],"predecessor-version":[{"id":11059,"href":"https:\/\/www.diresaapurimac.gob.pe\/web\/wp-json\/wp\/v2\/posts\/11056\/revisions\/11059"}],"wp:featuredmedia":[{"embeddable":true,"href":"https:\/\/www.diresaapurimac.gob.pe\/web\/wp-json\/wp\/v2\/media\/11058"}],"wp:attachment":[{"href":"https:\/\/www.diresaapurimac.gob.pe\/web\/wp-json\/wp\/v2\/media?parent=11056"}],"wp:term":[{"taxonomy":"category","embeddable":true,"href":"https:\/\/www.diresaapurimac.gob.pe\/web\/wp-json\/wp\/v2\/categories?post=11056"},{"taxonomy":"post_tag","embeddable":true,"href":"https:\/\/www.diresaapurimac.gob.pe\/web\/wp-json\/wp\/v2\/tags?post=11056"}],"curies":[{"name":"wp","href":"https:\/\/api.w.org\/{rel}","templated":true}]}}