{"id":11050,"date":"2025-10-10T20:28:12","date_gmt":"2025-10-11T01:28:12","guid":{"rendered":"https:\/\/www.diresaapurimac.gob.pe\/web\/?p=11050"},"modified":"2025-10-10T20:28:14","modified_gmt":"2025-10-11T01:28:14","slug":"personal-del-samu-abancay-fortalece-capacidades-en-atencion-a-paciente-politraumatizado-critico-y-manejo-de-estres-en-situaciones-de-emergencia","status":"publish","type":"post","link":"https:\/\/www.diresaapurimac.gob.pe\/web\/noticias\/personal-del-samu-abancay-fortalece-capacidades-en-atencion-a-paciente-politraumatizado-critico-y-manejo-de-estres-en-situaciones-de-emergencia\/","title":{"rendered":"PERSONAL DEL SAMU ABANCAY FORTALECE CAPACIDADES EN ATENCI\u00d3N A PACIENTE POLITRAUMATIZADO CR\u00cdTICO Y MANEJO DE ESTR\u00c9S EN SITUACIONES DE EMERGENCIA"},"content":{"rendered":"\n<p>En cumplimiento al plan de fortalecimiento de competencias del personal del SAMU Abancay de la Direcci\u00f3n Regional de Salud &#8211; DIRESA Apur\u00edmac, se desarroll\u00f3 con \u00e9xito un taller de capacitaci\u00f3n y estandarizaci\u00f3n en el manejo de pacientes en condici\u00f3n de politraumatizado cr\u00edtico frente a situaciones de emergencia y urgencia m\u00e9dica, as\u00ed como el manejo de estr\u00e9s del equipo de trabajo ante eventos adversos.<\/p>\n\n\n\n<p>En coordinaci\u00f3n con el Mg. Luis Enrique Carri\u00f3n Herrera, director regional de Salud de Apur\u00edmac, se realiz\u00f3 esta capacitaci\u00f3n que permiti\u00f3 fortalecer los conocimientos y habilidades de los profesionales del SAMU, quienes ahora cuentan con mayores herramientas para continuar mejorando la calidad y oportunidad de atenci\u00f3n prehospitalaria y la central de regulaci\u00f3n de emergencias, trat\u00e1ndose m\u00e1s a\u00fan de pacientes vulnerables que requieren de cuidados inmediatos.<\/p>\n\n\n\n<p>Es necesario se\u00f1alar que la actividad presencial se concret\u00f3 gracias al trabajo articulado de las direcciones de Salud de las Personas, de Salud Mental, de Servicios de Salud, de Calidad y el SAMU Abancay, contando adem\u00e1s con la participaci\u00f3n especial de la psic\u00f3loga Rosaby S\u00e1nchez F\u00e9lix, de la Red Asistencial Apur\u00edmac de EsSalud.<\/p>\n\n\n\n<p>Los profesionales del SAMU Abancay contin\u00faan desplegando acciones en favor de la poblaci\u00f3n, toda vez que de enero a setiembre de este a\u00f1o se ha logrado alcanzar la importante cifra de 3104 llamadas de emergencias, de las cuales 1343 recibieron atenci\u00f3n prehospitalaria y soluci\u00f3n en foco o se realiz\u00f3 el traslado a los centros de salud y hospitales de la zona para dar continuidad al cuidado de los pacientes.<\/p>\n\n\n\n<figure class=\"wp-block-image size-large\"><img loading=\"lazy\" decoding=\"async\" width=\"1201\" height=\"619\" src=\"https:\/\/i1.wp.com\/www.diresaapurimac.gob.pe\/web\/wp-content\/uploads\/2025\/10\/WhatsApp-Image-2025-10-10-at-7.50.40-AM.jpeg?fit=1024%2C528&amp;ssl=1\" alt=\"\" class=\"wp-image-11052\" srcset=\"https:\/\/i1.wp.com\/www.diresaapurimac.gob.pe\/web\/wp-content\/uploads\/2025\/10\/WhatsApp-Image-2025-10-10-at-7.50.40-AM.jpeg?w=1201&amp;ssl=1 1201w, https:\/\/i1.wp.com\/www.diresaapurimac.gob.pe\/web\/wp-content\/uploads\/2025\/10\/WhatsApp-Image-2025-10-10-at-7.50.40-AM.jpeg?resize=300%2C155&amp;ssl=1 300w, https:\/\/i1.wp.com\/www.diresaapurimac.gob.pe\/web\/wp-content\/uploads\/2025\/10\/WhatsApp-Image-2025-10-10-at-7.50.40-AM.jpeg?resize=1024%2C528&amp;ssl=1 1024w, https:\/\/i1.wp.com\/www.diresaapurimac.gob.pe\/web\/wp-content\/uploads\/2025\/10\/WhatsApp-Image-2025-10-10-at-7.50.40-AM.jpeg?resize=768%2C396&amp;ssl=1 768w\" sizes=\"auto, (max-width: 1000px) 100vw, 1000px\" \/><\/figure>\n","protected":false},"excerpt":{"rendered":"<p>En cumplimiento al plan de fortalecimiento de competencias del personal del SAMU Abancay de la Direcci\u00f3n Regional de Salud &#8211; DIRESA Apur\u00edmac, se desarroll\u00f3 con \u00e9xito un taller de capacitaci\u00f3n y estandarizaci\u00f3n en el manejo de pacientes en condici\u00f3n de politraumatizado cr\u00edtico frente a situaciones de emergencia y urgencia m\u00e9dica, as\u00ed como el manejo de [&hellip;]<\/p>\n","protected":false},"author":1,"featured_media":11051,"comment_status":"closed","ping_status":"closed","sticky":false,"template":"","format":"standard","meta":{"spay_email":"","footnotes":""},"categories":[1],"tags":[],"class_list":["post-11050","post","type-post","status-publish","format-standard","has-post-thumbnail","hentry","category-noticias"],"jetpack_featured_media_url":"https:\/\/i2.wp.com\/www.diresaapurimac.gob.pe\/web\/wp-content\/uploads\/2025\/10\/WhatsApp-Image-2025-10-10-at-7.50.39-AM.jpeg?fit=1600%2C1015&ssl=1","_links":{"self":[{"href":"https:\/\/www.diresaapurimac.gob.pe\/web\/wp-json\/wp\/v2\/posts\/11050","targetHints":{"allow":["GET"]}}],"collection":[{"href":"https:\/\/www.diresaapurimac.gob.pe\/web\/wp-json\/wp\/v2\/posts"}],"about":[{"href":"https:\/\/www.diresaapurimac.gob.pe\/web\/wp-json\/wp\/v2\/types\/post"}],"author":[{"embeddable":true,"href":"https:\/\/www.diresaapurimac.gob.pe\/web\/wp-json\/wp\/v2\/users\/1"}],"replies":[{"embeddable":true,"href":"https:\/\/www.diresaapurimac.gob.pe\/web\/wp-json\/wp\/v2\/comments?post=11050"}],"version-history":[{"count":1,"href":"https:\/\/www.diresaapurimac.gob.pe\/web\/wp-json\/wp\/v2\/posts\/11050\/revisions"}],"predecessor-version":[{"id":11053,"href":"https:\/\/www.diresaapurimac.gob.pe\/web\/wp-json\/wp\/v2\/posts\/11050\/revisions\/11053"}],"wp:featuredmedia":[{"embeddable":true,"href":"https:\/\/www.diresaapurimac.gob.pe\/web\/wp-json\/wp\/v2\/media\/11051"}],"wp:attachment":[{"href":"https:\/\/www.diresaapurimac.gob.pe\/web\/wp-json\/wp\/v2\/media?parent=11050"}],"wp:term":[{"taxonomy":"category","embeddable":true,"href":"https:\/\/www.diresaapurimac.gob.pe\/web\/wp-json\/wp\/v2\/categories?post=11050"},{"taxonomy":"post_tag","embeddable":true,"href":"https:\/\/www.diresaapurimac.gob.pe\/web\/wp-json\/wp\/v2\/tags?post=11050"}],"curies":[{"name":"wp","href":"https:\/\/api.w.org\/{rel}","templated":true}]}}