{"id":11046,"date":"2025-10-10T20:26:42","date_gmt":"2025-10-11T01:26:42","guid":{"rendered":"https:\/\/www.diresaapurimac.gob.pe\/web\/?p=11046"},"modified":"2025-10-10T20:26:43","modified_gmt":"2025-10-11T01:26:43","slug":"final-feliz-diresa-apurimac-logra-concretar-reinsercion-social-y-familiar-de-usuaria-del-hogar-protegido-amancaes-de-abancay","status":"publish","type":"post","link":"https:\/\/www.diresaapurimac.gob.pe\/web\/noticias\/final-feliz-diresa-apurimac-logra-concretar-reinsercion-social-y-familiar-de-usuaria-del-hogar-protegido-amancaes-de-abancay\/","title":{"rendered":"\u00a1FINAL FELIZ! DIRESA APUR\u00cdMAC LOGRA CONCRETAR REINSERCI\u00d3N SOCIAL Y FAMILIAR DE USUARIA DEL HOGAR PROTEGIDO AMANCAES DE ABANCAY"},"content":{"rendered":"\n<p>Con un profundo compromiso por la recuperaci\u00f3n y la dignidad de las personas m\u00e1s vulnerables, el Gobierno Regional de Apur\u00edmac, a trav\u00e9s de la DIRESA, logr\u00f3 concretar la reinserci\u00f3n familiar y social de la se\u00f1ora de iniciales SMRH, de 42 a\u00f1os, quien tras cuatro a\u00f1os de tratamiento integral en el Hogar Protegido Amancaes de Abancay pudo retornar al calor familiar en su hogar.<\/p>\n\n\n\n<p>La se\u00f1ora, natural de Chalhuanca, en la provincia de Aymaraes, fue diagnosticada con esquizofrenia paranoide (F20.0) y desde el 8 de enero del 2021 permaneci\u00f3 bajo atenci\u00f3n especializada en el Hogar Protegido Amancaes, donde recibi\u00f3 cuidados m\u00e9dicos, apoyo psicol\u00f3gico y acompa\u00f1amiento sanitario permanente. <\/p>\n\n\n\n<p>Como parte de su proceso, desde marzo de este a\u00f1o se inici\u00f3 su pre reinserci\u00f3n, que le permiti\u00f3 fortalecer sus v\u00ednculos familiares y prepararse para esta nueva etapa gracias al trabajo sostenido de la Direcci\u00f3n de Salud Mental de la Direcci\u00f3n Regional de Salud, en coordinaci\u00f3n con el Consejo Nacional para la Integraci\u00f3n de la Persona con Discapacidad &#8211; CONADIS Apur\u00edmac.<\/p>\n\n\n\n<p>Durante su permanencia en el Hogar Amancaes, adem\u00e1s de fortalecer su recuperaci\u00f3n, desarroll\u00f3 un emprendimiento de venta de golosinas y gelatinas, cuyos ingresos fueron entregados a su familia, demostrando su capacidad de autonom\u00eda y responsabilidad.<\/p>\n\n\n\n<p>El acto de reinserci\u00f3n fue especialmente emotivo ya que participaron su madre, su hija acompa\u00f1ada de su pareja y sus dos nietas, quienes con alegr\u00eda y esperanza la recibieron nuevamente, como si fuera un nuevo comienzo en su vida, pero esta vez recuperada para afrontar nuevos retos. En sus palabras, la madre de SMRH expres\u00f3 su profunda gratitud por la recuperaci\u00f3n de su hija y por el esfuerzo del equipo multidisciplinario de salud mental de la DIRESA Apur\u00edmac que la acompa\u00f1\u00f3 durante este duro camino que termin\u00f3 con un final feliz.<\/p>\n\n\n\n<p>Cabe destacar que la se\u00f1ora tiene dos hijos, una mujer y un var\u00f3n; este \u00faltimo tambi\u00e9n diagnosticado con esquizofrenia y actualmente atendido en el Hogar Protegido de Chalhuanca (Aymaraes), reflejando as\u00ed el trabajo constante de la DIRESA Apur\u00edmac en brindar atenci\u00f3n integral con resultados \u00f3ptimos a familias enteras afectadas por problemas de salud mental.<\/p>\n\n\n\n<p>La reinserci\u00f3n de la se\u00f1ora SMRH constituye un claro ejemplo de que, con tratamiento adecuado, acompa\u00f1amiento profesional y el apoyo de la familia, es posible recuperar a nuestros seres queridos, fortaleciendo los lazos afectivos, y con esta exitosa experiencia de la DIRESA Apur\u00edmac, bajo el liderazgo del director Luis Enrique Carri\u00f3n Herrera, se reafirma que una buena salud mental depende de todos.<\/p>\n\n\n\n<figure class=\"wp-block-image size-large\"><img loading=\"lazy\" decoding=\"async\" width=\"1024\" height=\"573\" src=\"https:\/\/i1.wp.com\/www.diresaapurimac.gob.pe\/web\/wp-content\/uploads\/2025\/10\/WhatsApp-Image-2025-10-07-at-7.48.24-AM.jpeg?resize=1024%2C573&#038;ssl=1\" alt=\"\" class=\"wp-image-11047\" srcset=\"https:\/\/i1.wp.com\/www.diresaapurimac.gob.pe\/web\/wp-content\/uploads\/2025\/10\/WhatsApp-Image-2025-10-07-at-7.48.24-AM.jpeg?resize=1024%2C573&amp;ssl=1 1024w, https:\/\/i1.wp.com\/www.diresaapurimac.gob.pe\/web\/wp-content\/uploads\/2025\/10\/WhatsApp-Image-2025-10-07-at-7.48.24-AM.jpeg?resize=300%2C168&amp;ssl=1 300w, https:\/\/i1.wp.com\/www.diresaapurimac.gob.pe\/web\/wp-content\/uploads\/2025\/10\/WhatsApp-Image-2025-10-07-at-7.48.24-AM.jpeg?resize=768%2C430&amp;ssl=1 768w, https:\/\/i1.wp.com\/www.diresaapurimac.gob.pe\/web\/wp-content\/uploads\/2025\/10\/WhatsApp-Image-2025-10-07-at-7.48.24-AM.jpeg?w=1600&amp;ssl=1 1600w\" sizes=\"auto, (max-width: 1000px) 100vw, 1000px\" data-recalc-dims=\"1\" \/><\/figure>\n","protected":false},"excerpt":{"rendered":"<p>Con un profundo compromiso por la recuperaci\u00f3n y la dignidad de las personas m\u00e1s vulnerables, el Gobierno Regional de Apur\u00edmac, a trav\u00e9s de la DIRESA, logr\u00f3 concretar la reinserci\u00f3n familiar y social de la se\u00f1ora de iniciales SMRH, de 42 a\u00f1os, quien tras cuatro a\u00f1os de tratamiento integral en el Hogar Protegido Amancaes de Abancay [&hellip;]<\/p>\n","protected":false},"author":1,"featured_media":11048,"comment_status":"closed","ping_status":"closed","sticky":false,"template":"","format":"standard","meta":{"spay_email":"","footnotes":""},"categories":[1],"tags":[],"class_list":["post-11046","post","type-post","status-publish","format-standard","has-post-thumbnail","hentry","category-noticias"],"jetpack_featured_media_url":"https:\/\/i1.wp.com\/www.diresaapurimac.gob.pe\/web\/wp-content\/uploads\/2025\/10\/WhatsApp-Image-2025-10-07-at-7.48.23-AM.jpeg?fit=1600%2C1061&ssl=1","_links":{"self":[{"href":"https:\/\/www.diresaapurimac.gob.pe\/web\/wp-json\/wp\/v2\/posts\/11046","targetHints":{"allow":["GET"]}}],"collection":[{"href":"https:\/\/www.diresaapurimac.gob.pe\/web\/wp-json\/wp\/v2\/posts"}],"about":[{"href":"https:\/\/www.diresaapurimac.gob.pe\/web\/wp-json\/wp\/v2\/types\/post"}],"author":[{"embeddable":true,"href":"https:\/\/www.diresaapurimac.gob.pe\/web\/wp-json\/wp\/v2\/users\/1"}],"replies":[{"embeddable":true,"href":"https:\/\/www.diresaapurimac.gob.pe\/web\/wp-json\/wp\/v2\/comments?post=11046"}],"version-history":[{"count":1,"href":"https:\/\/www.diresaapurimac.gob.pe\/web\/wp-json\/wp\/v2\/posts\/11046\/revisions"}],"predecessor-version":[{"id":11049,"href":"https:\/\/www.diresaapurimac.gob.pe\/web\/wp-json\/wp\/v2\/posts\/11046\/revisions\/11049"}],"wp:featuredmedia":[{"embeddable":true,"href":"https:\/\/www.diresaapurimac.gob.pe\/web\/wp-json\/wp\/v2\/media\/11048"}],"wp:attachment":[{"href":"https:\/\/www.diresaapurimac.gob.pe\/web\/wp-json\/wp\/v2\/media?parent=11046"}],"wp:term":[{"taxonomy":"category","embeddable":true,"href":"https:\/\/www.diresaapurimac.gob.pe\/web\/wp-json\/wp\/v2\/categories?post=11046"},{"taxonomy":"post_tag","embeddable":true,"href":"https:\/\/www.diresaapurimac.gob.pe\/web\/wp-json\/wp\/v2\/tags?post=11046"}],"curies":[{"name":"wp","href":"https:\/\/api.w.org\/{rel}","templated":true}]}}