{"id":10655,"date":"2025-08-20T08:21:22","date_gmt":"2025-08-20T13:21:22","guid":{"rendered":"https:\/\/www.diresaapurimac.gob.pe\/web\/?p=10655"},"modified":"2025-08-20T08:21:24","modified_gmt":"2025-08-20T13:21:24","slug":"gobierno-regional-de-apurimac-y-diresa-refuerzan-compromiso-en-lucha-contra-la-trata-de-personas-trafico-ilicito-de-migrantes-y-personas-desaparecidas","status":"publish","type":"post","link":"https:\/\/www.diresaapurimac.gob.pe\/web\/noticias\/gobierno-regional-de-apurimac-y-diresa-refuerzan-compromiso-en-lucha-contra-la-trata-de-personas-trafico-ilicito-de-migrantes-y-personas-desaparecidas\/","title":{"rendered":"GOBIERNO REGIONAL DE APUR\u00cdMAC Y DIRESA REFUERZAN COMPROMISO EN LUCHA CONTRA LA TRATA DE PERSONAS, TR\u00c1FICO IL\u00cdCITO DE MIGRANTES Y PERSONAS DESAPARECIDAS"},"content":{"rendered":"\n<p>Conforme a lo dispuesto por el gobernador Percy Godoy Medina, se desarroll\u00f3 con \u00e9xito la tercera sesi\u00f3n del Consejo Regional de Lucha contra la Trata de Personas, Tr\u00e1fico Il\u00edcito de Migrantes y Personas Desaparecidas de Apur\u00edmac que cont\u00f3 con el qu\u00f3rum requerido.<\/p>\n\n\n\n<p>En representaci\u00f3n de la primera autoridad apurime\u00f1a, el gerente regional de Desarrollo Social encargado, Luis Enrique Carri\u00f3n Herrera, apertur\u00f3 la jornada de trabajo al tiempo de remarcar que la participaci\u00f3n multisectorial refuerza el compromiso en defensa de los derechos humanos con miras a llegar a acuerdos que contribuyan a encaminar acciones coordinadas para prevenir, sancionar y erradicar la trata de personas de la regi\u00f3n.<\/p>\n\n\n\n<p>Acto seguido, se socializ\u00f3 el informe de actividades realizadas durante el presente a\u00f1o en el marco de la campa\u00f1a \u201cCoraz\u00f3n Azul: J\u00f3venes informados, j\u00f3venes protegidos\u201d. Posteriormente, se fortalecieron las capacidades de los miembros de la Red Regional de Lucha contra la Trata de Personas sobre el protocolo intersectorial para la prevenci\u00f3n, atenci\u00f3n y reintegraci\u00f3n de v\u00edctimas de este flagelo. Tambi\u00e9n se capacit\u00f3 en pol\u00edtica nacional frente a la trata de personas y sus diferentes formas de explotaci\u00f3n con miras al 2030.<\/p>\n\n\n\n<p>Asimismo, se dio a conocer el informe de actividades sobre la trata de personas a cargo de la Direcci\u00f3n Regional de Trabajo y Promoci\u00f3n del Empleo. Durante el encuentro se resalt\u00f3 la importancia de adoptar medidas preventivas en zonas donde la poblaci\u00f3n se encuentra en situaci\u00f3n de vulnerabilidad, abordando de manera oportuna y con eficiencia temas referentes en la protecci\u00f3n de las v\u00edctimas y su entorno familiar.<\/p>\n\n\n\n<p>La actividad presencial cont\u00f3 con la valiosa participaci\u00f3n de entidades p\u00fablicas, privadas y de la sociedad civil como las direcciones regionales de Salud, Educaci\u00f3n, de Transportes y Comunicaciones, de Comercio Exterior y Turismo; as\u00ed como representantes de la Defensor\u00eda del Pueblo, del Ministerio P\u00fablico, de la Polic\u00eda Nacional, de la municipalidad provincial de Abancay, de la Mesa de Concertaci\u00f3n para la Lucha contra la Pobreza, del programa Cuna M\u00e1s, SUNAFIL, INABIF, entre otras.<\/p>\n\n\n\n<p>Cabe se\u00f1alar que la tercera sesi\u00f3n se realiz\u00f3 en cumplimiento a la Ordenanza Regional N\u00b0 011-2016-GR-Apur\u00edmac\/CR que reconoce a la Trata de Personas, Tr\u00e1fico Il\u00edcito de Migrantes y Personas Desaparecidas como un problema social que merece atenci\u00f3n prioritaria en la regi\u00f3n apurime\u00f1a, por ser una forma de violaci\u00f3n a los derechos humanos como a la libertad, la dignidad personal, igualdad, integridad f\u00edsica, ps\u00edquica y psicol\u00f3gica.<\/p>\n\n\n\n<figure class=\"wp-block-image size-large\"><img loading=\"lazy\" decoding=\"async\" width=\"1600\" height=\"991\" src=\"https:\/\/i2.wp.com\/www.diresaapurimac.gob.pe\/web\/wp-content\/uploads\/2025\/08\/12cdaf00-7a60-45c1-b799-5023424a5d9c.jpeg?fit=1024%2C634&amp;ssl=1\" alt=\"\" class=\"wp-image-10656\" srcset=\"https:\/\/i2.wp.com\/www.diresaapurimac.gob.pe\/web\/wp-content\/uploads\/2025\/08\/12cdaf00-7a60-45c1-b799-5023424a5d9c.jpeg?w=1600&amp;ssl=1 1600w, https:\/\/i2.wp.com\/www.diresaapurimac.gob.pe\/web\/wp-content\/uploads\/2025\/08\/12cdaf00-7a60-45c1-b799-5023424a5d9c.jpeg?resize=300%2C186&amp;ssl=1 300w, https:\/\/i2.wp.com\/www.diresaapurimac.gob.pe\/web\/wp-content\/uploads\/2025\/08\/12cdaf00-7a60-45c1-b799-5023424a5d9c.jpeg?resize=1024%2C634&amp;ssl=1 1024w, https:\/\/i2.wp.com\/www.diresaapurimac.gob.pe\/web\/wp-content\/uploads\/2025\/08\/12cdaf00-7a60-45c1-b799-5023424a5d9c.jpeg?resize=768%2C476&amp;ssl=1 768w, https:\/\/i2.wp.com\/www.diresaapurimac.gob.pe\/web\/wp-content\/uploads\/2025\/08\/12cdaf00-7a60-45c1-b799-5023424a5d9c.jpeg?resize=1536%2C951&amp;ssl=1 1536w\" sizes=\"auto, (max-width: 1000px) 100vw, 1000px\" \/><\/figure>\n","protected":false},"excerpt":{"rendered":"<p>Conforme a lo dispuesto por el gobernador Percy Godoy Medina, se desarroll\u00f3 con \u00e9xito la tercera sesi\u00f3n del Consejo Regional de Lucha contra la Trata de Personas, Tr\u00e1fico Il\u00edcito de Migrantes y Personas Desaparecidas de Apur\u00edmac que cont\u00f3 con el qu\u00f3rum requerido. En representaci\u00f3n de la primera autoridad apurime\u00f1a, el gerente regional de Desarrollo Social [&hellip;]<\/p>\n","protected":false},"author":1,"featured_media":10657,"comment_status":"closed","ping_status":"closed","sticky":false,"template":"","format":"standard","meta":{"spay_email":"","footnotes":""},"categories":[1],"tags":[],"class_list":["post-10655","post","type-post","status-publish","format-standard","has-post-thumbnail","hentry","category-noticias"],"jetpack_featured_media_url":"https:\/\/i2.wp.com\/www.diresaapurimac.gob.pe\/web\/wp-content\/uploads\/2025\/08\/51355215-abe0-461c-8edc-99b75b8a58fc.jpeg?fit=1600%2C864&ssl=1","_links":{"self":[{"href":"https:\/\/www.diresaapurimac.gob.pe\/web\/wp-json\/wp\/v2\/posts\/10655","targetHints":{"allow":["GET"]}}],"collection":[{"href":"https:\/\/www.diresaapurimac.gob.pe\/web\/wp-json\/wp\/v2\/posts"}],"about":[{"href":"https:\/\/www.diresaapurimac.gob.pe\/web\/wp-json\/wp\/v2\/types\/post"}],"author":[{"embeddable":true,"href":"https:\/\/www.diresaapurimac.gob.pe\/web\/wp-json\/wp\/v2\/users\/1"}],"replies":[{"embeddable":true,"href":"https:\/\/www.diresaapurimac.gob.pe\/web\/wp-json\/wp\/v2\/comments?post=10655"}],"version-history":[{"count":1,"href":"https:\/\/www.diresaapurimac.gob.pe\/web\/wp-json\/wp\/v2\/posts\/10655\/revisions"}],"predecessor-version":[{"id":10658,"href":"https:\/\/www.diresaapurimac.gob.pe\/web\/wp-json\/wp\/v2\/posts\/10655\/revisions\/10658"}],"wp:featuredmedia":[{"embeddable":true,"href":"https:\/\/www.diresaapurimac.gob.pe\/web\/wp-json\/wp\/v2\/media\/10657"}],"wp:attachment":[{"href":"https:\/\/www.diresaapurimac.gob.pe\/web\/wp-json\/wp\/v2\/media?parent=10655"}],"wp:term":[{"taxonomy":"category","embeddable":true,"href":"https:\/\/www.diresaapurimac.gob.pe\/web\/wp-json\/wp\/v2\/categories?post=10655"},{"taxonomy":"post_tag","embeddable":true,"href":"https:\/\/www.diresaapurimac.gob.pe\/web\/wp-json\/wp\/v2\/tags?post=10655"}],"curies":[{"name":"wp","href":"https:\/\/api.w.org\/{rel}","templated":true}]}}