{"id":10633,"date":"2025-08-19T08:45:10","date_gmt":"2025-08-19T13:45:10","guid":{"rendered":"https:\/\/www.diresaapurimac.gob.pe\/web\/?p=10633"},"modified":"2025-08-19T08:45:14","modified_gmt":"2025-08-19T13:45:14","slug":"con-el-lema-amor-que-nutre-y-protege-gobierno-regional-de-apurimac-y-diresa-realizan-gran-lanzamiento-de-la-semana-de-la-lactancia-materna","status":"publish","type":"post","link":"https:\/\/www.diresaapurimac.gob.pe\/web\/noticias\/con-el-lema-amor-que-nutre-y-protege-gobierno-regional-de-apurimac-y-diresa-realizan-gran-lanzamiento-de-la-semana-de-la-lactancia-materna\/","title":{"rendered":"CON EL LEMA &#8220;AMOR QUE NUTRE Y PROTEGE\u201d, GOBIERNO REGIONAL DE APUR\u00cdMAC Y DIRESA REALIZAN GRAN LANZAMIENTO DE LA SEMANA DE LA LACTANCIA MATERNA"},"content":{"rendered":"\n<p>Con la presencia estelar de gestantes y madres de familia, el GORE Apur\u00edmac, a trav\u00e9s de la Direcci\u00f3n Regional de Salud &#8211; DIRESA, realiz\u00f3 el gran lanzamiento de la Semana de la Lactancia Materna que se desarrollar\u00e1 hasta el 30 de agosto pr\u00f3ximo en el \u00e1mbito de la regi\u00f3n.<\/p>\n\n\n\n<p>Con el lema &#8220;Amor que nutre y protege\u201d se dio inicio a la ceremonia de lanzamiento, cuyas palabras centrales estuvieron a cargo del gerente regional de Desarrollo Social, Ren\u00e1n R\u00edos Villag\u00f3mez, en representaci\u00f3n del gobernador Percy Godoy Medina. En su alocuci\u00f3n, destac\u00f3 la importancia de la lactancia materna como alimento ideal para el beb\u00e9, pues contiene todos los elementos nutritivos que contribuyen a su desarrollo y crecimiento, as\u00ed como las sustancias que los protege contra infecciones, alergias y enfermedades.<\/p>\n\n\n\n<p>En su intervenci\u00f3n, el director regional de Salud de Apur\u00edmac, Luis Enrique Carri\u00f3n Herrera, indic\u00f3 que a partir de la fecha se promover\u00e1n actividades en todos los establecimientos para sensibilizar a la poblaci\u00f3n sobre los beneficios e importancia de esta pr\u00e1ctica exclusiva hasta los seis meses de edad y recomend\u00f3 la lactancia materna en reci\u00e9n nacidos como la \u00fanica y la m\u00e1s valiosa fuente de alimentaci\u00f3n.<\/p>\n\n\n\n<p>En el evento las gestantes y madres de familia recibieron presentes y participaron en charlas de orientaci\u00f3n sobre la lactancia materna exitosa. Estas charlas abordaron temas clave como la importancia de la lactancia exclusiva durante los primeros seis meses de vida y los beneficios tanto para el beb\u00e9 y la madre. La actividad tambi\u00e9n cont\u00f3 con la participaci\u00f3n de enfermeras, obstetras y m\u00e9dicos, quienes brindaron asistencia y atenci\u00f3n gratuita.<\/p>\n\n\n\n<p>Durante la ceremonia se dio a conocer que la leche materna es un aut\u00e9ntico &#8220;amor l\u00edquido&#8221; que nutre y protege, dotando al beb\u00e9 de los nutrientes necesarios para un crecimiento saludable y fortaleciendo su sistema inmunol\u00f3gico. La lactancia materna es una fuente natural de nutrientes esenciales que el beb\u00e9 necesita para un desarrollo \u00f3ptimo. Adem\u00e1s, fortalece el lazo entre madre e hijo, creando un amor que perdura toda la vida. <\/p>\n\n\n\n<p>Asimismo, protege al beb\u00e9 contra la anemia, neumon\u00eda, diarrea, otitis, meningitis, s\u00edndrome de muerte s\u00fabita, asma, alergias, desnutrici\u00f3n, obesidad y diabetes, entre otras enfermedades que se pueden presentar en la edad adulta. En tanto, las madres que amamantan pierden el peso ganado durante la gestaci\u00f3n y es menos probable que padezcan anemia despu\u00e9s del parto. Igualmente, los nutrientes espec\u00edficos de la leche materna favorecen el desarrollo cognitivo del beb\u00e9.<\/p>\n\n\n\n<p>Es necesario remarcar que en el acto de lanzamiento estuvieron presentes tambi\u00e9n el equipo de gesti\u00f3n de la DIRESA, as\u00ed como los directores de la Red de Salud Abancay, del Hospital Regional Guillermo D\u00edaz de la Vega y personal de la Red Asistencial Apur\u00edmac de EsSalud. Tambi\u00e9n participaron los decanos del Colegio de Obstetras y del Colegio de Enfermeros de Apur\u00edmac, as\u00ed como representantes de la Direcci\u00f3n Regional de Educaci\u00f3n, de la Mesa de Concertaci\u00f3n de Lucha contra la Pobreza, del programa Cuna M\u00e1s, entre otros.<\/p>\n\n\n\n<p>DATO<br>\nEl acto protocolar se desarroll\u00f3 en el auditorio Micaela Bastidas del Gobierno Regional de Apur\u00edmac.<\/p>\n\n\n\n<figure class=\"wp-block-image size-large\"><img loading=\"lazy\" decoding=\"async\" width=\"1280\" height=\"797\" src=\"https:\/\/i0.wp.com\/www.diresaapurimac.gob.pe\/web\/wp-content\/uploads\/2025\/08\/dd73666c-be0c-4ced-8709-c98b854071ef.jpeg?fit=1024%2C638&amp;ssl=1\" alt=\"\" class=\"wp-image-10634\" srcset=\"https:\/\/i0.wp.com\/www.diresaapurimac.gob.pe\/web\/wp-content\/uploads\/2025\/08\/dd73666c-be0c-4ced-8709-c98b854071ef.jpeg?w=1280&amp;ssl=1 1280w, https:\/\/i0.wp.com\/www.diresaapurimac.gob.pe\/web\/wp-content\/uploads\/2025\/08\/dd73666c-be0c-4ced-8709-c98b854071ef.jpeg?resize=300%2C187&amp;ssl=1 300w, https:\/\/i0.wp.com\/www.diresaapurimac.gob.pe\/web\/wp-content\/uploads\/2025\/08\/dd73666c-be0c-4ced-8709-c98b854071ef.jpeg?resize=1024%2C638&amp;ssl=1 1024w, https:\/\/i0.wp.com\/www.diresaapurimac.gob.pe\/web\/wp-content\/uploads\/2025\/08\/dd73666c-be0c-4ced-8709-c98b854071ef.jpeg?resize=768%2C478&amp;ssl=1 768w\" sizes=\"auto, (max-width: 1000px) 100vw, 1000px\" \/><\/figure>\n","protected":false},"excerpt":{"rendered":"<p>Con la presencia estelar de gestantes y madres de familia, el GORE Apur\u00edmac, a trav\u00e9s de la Direcci\u00f3n Regional de Salud &#8211; DIRESA, realiz\u00f3 el gran lanzamiento de la Semana de la Lactancia Materna que se desarrollar\u00e1 hasta el 30 de agosto pr\u00f3ximo en el \u00e1mbito de la regi\u00f3n. Con el lema &#8220;Amor que nutre [&hellip;]<\/p>\n","protected":false},"author":1,"featured_media":10635,"comment_status":"closed","ping_status":"closed","sticky":false,"template":"","format":"standard","meta":{"spay_email":"","footnotes":""},"categories":[1],"tags":[],"class_list":["post-10633","post","type-post","status-publish","format-standard","has-post-thumbnail","hentry","category-noticias"],"jetpack_featured_media_url":"https:\/\/i0.wp.com\/www.diresaapurimac.gob.pe\/web\/wp-content\/uploads\/2025\/08\/6c48d5bf-82a9-4e2e-8bc8-257f7fc84460.jpeg?fit=1280%2C670&ssl=1","_links":{"self":[{"href":"https:\/\/www.diresaapurimac.gob.pe\/web\/wp-json\/wp\/v2\/posts\/10633","targetHints":{"allow":["GET"]}}],"collection":[{"href":"https:\/\/www.diresaapurimac.gob.pe\/web\/wp-json\/wp\/v2\/posts"}],"about":[{"href":"https:\/\/www.diresaapurimac.gob.pe\/web\/wp-json\/wp\/v2\/types\/post"}],"author":[{"embeddable":true,"href":"https:\/\/www.diresaapurimac.gob.pe\/web\/wp-json\/wp\/v2\/users\/1"}],"replies":[{"embeddable":true,"href":"https:\/\/www.diresaapurimac.gob.pe\/web\/wp-json\/wp\/v2\/comments?post=10633"}],"version-history":[{"count":1,"href":"https:\/\/www.diresaapurimac.gob.pe\/web\/wp-json\/wp\/v2\/posts\/10633\/revisions"}],"predecessor-version":[{"id":10636,"href":"https:\/\/www.diresaapurimac.gob.pe\/web\/wp-json\/wp\/v2\/posts\/10633\/revisions\/10636"}],"wp:featuredmedia":[{"embeddable":true,"href":"https:\/\/www.diresaapurimac.gob.pe\/web\/wp-json\/wp\/v2\/media\/10635"}],"wp:attachment":[{"href":"https:\/\/www.diresaapurimac.gob.pe\/web\/wp-json\/wp\/v2\/media?parent=10633"}],"wp:term":[{"taxonomy":"category","embeddable":true,"href":"https:\/\/www.diresaapurimac.gob.pe\/web\/wp-json\/wp\/v2\/categories?post=10633"},{"taxonomy":"post_tag","embeddable":true,"href":"https:\/\/www.diresaapurimac.gob.pe\/web\/wp-json\/wp\/v2\/tags?post=10633"}],"curies":[{"name":"wp","href":"https:\/\/api.w.org\/{rel}","templated":true}]}}