{"id":10606,"date":"2025-08-15T09:05:33","date_gmt":"2025-08-15T14:05:33","guid":{"rendered":"https:\/\/www.diresaapurimac.gob.pe\/web\/?p=10606"},"modified":"2025-08-15T09:05:35","modified_gmt":"2025-08-15T14:05:35","slug":"dengue-diresa-apurimac-fortalece-acciones-para-implementacion-de-unidades-febriles-en-el-ambito-de-la-red-de-salud-abancay","status":"publish","type":"post","link":"https:\/\/www.diresaapurimac.gob.pe\/web\/noticias\/dengue-diresa-apurimac-fortalece-acciones-para-implementacion-de-unidades-febriles-en-el-ambito-de-la-red-de-salud-abancay\/","title":{"rendered":"DENGUE: DIRESA APUR\u00cdMAC FORTALECE ACCIONES PARA IMPLEMENTACI\u00d3N DE UNIDADES FEBRILES EN EL \u00c1MBITO DE LA RED DE SALUD ABANCAY"},"content":{"rendered":"\n<p>La DIRESA Apur\u00edmac, a trav\u00e9s de la Estrategia Sanitaria de Prevenci\u00f3n y Control de Enfermedades Metax\u00e9nicas y Zoonosis, contin\u00faa avanzando con las actividades estrat\u00e9gicas para salvaguardar el bienestar de la poblaci\u00f3n y realiz\u00f3 una visita t\u00e9cnica de monitoreo a fin de verificar los avances y el cumplimiento del Plan Regional de Dengue en el \u00e1mbito de la Red de Salud Abancay. <\/p>\n\n\n\n<p>Por encargo del director de la DIRESA Apur\u00edmac, Luis Enrique Carri\u00f3n Herrera, todos los componentes t\u00e9cnicos de la estrategia regional participaron en la jornada de trabajo. Dicho equipo t\u00e9cnico inspeccion\u00f3 los establecimientos de salud y supervisaron la ejecuci\u00f3n de acciones preventivas, as\u00ed como la respuesta ante casos febriles y el cumplimiento de las disposiciones establecidas en el plan. <\/p>\n\n\n\n<p>Durante la visita t\u00e9cnica, se fortalecieron las labores para la implementaci\u00f3n de Unidades Febriles en diversos establecimientos que se encuentran bajo la administraci\u00f3n de la Red de Salud Abancay, liderada por la Mg. Yaneth Indira Pichihua Bernales, con el objetivo de optimizar la detecci\u00f3n temprana, el manejo oportuno y la referencia de casos sospechosos de dengue. <\/p>\n\n\n\n<p>Asimismo, se destac\u00f3 que el fortalecimiento de capacidades del personal de salud es un componente fundamental para garantizar una respuesta eficiente y oportuna frente a la enfermedad. En esa l\u00ednea, la DIRESA Apur\u00edmac reafirma su compromiso de continuar trabajando de forma articulada con el personal de las redes, micro redes y autoridades locales para proteger la salud de la poblaci\u00f3n y reducir el riesgo de propagaci\u00f3n del dengue. <\/p>\n\n\n\n<p>\u201cLa prevenci\u00f3n y el control del dengue es tarea de todos. Invitamos a la comunidad a eliminar criaderos del zancudo transmisor y acudir de inmediato al establecimiento de salud ante la presencia de fiebre\u201d, remarcaron integrantes del equipo t\u00e9cnico de Metax\u00e9nicas y Zoonosis de la Direcci\u00f3n Regional de Salud.<\/p>\n\n\n\n<figure class=\"wp-block-image size-large\"><img loading=\"lazy\" decoding=\"async\" width=\"1342\" height=\"815\" src=\"https:\/\/i0.wp.com\/www.diresaapurimac.gob.pe\/web\/wp-content\/uploads\/2025\/08\/6937b95f-e667-4001-83bc-2d81396310b4.jpeg?fit=1024%2C622&amp;ssl=1\" alt=\"\" class=\"wp-image-10607\" srcset=\"https:\/\/i0.wp.com\/www.diresaapurimac.gob.pe\/web\/wp-content\/uploads\/2025\/08\/6937b95f-e667-4001-83bc-2d81396310b4.jpeg?w=1342&amp;ssl=1 1342w, https:\/\/i0.wp.com\/www.diresaapurimac.gob.pe\/web\/wp-content\/uploads\/2025\/08\/6937b95f-e667-4001-83bc-2d81396310b4.jpeg?resize=300%2C182&amp;ssl=1 300w, https:\/\/i0.wp.com\/www.diresaapurimac.gob.pe\/web\/wp-content\/uploads\/2025\/08\/6937b95f-e667-4001-83bc-2d81396310b4.jpeg?resize=1024%2C622&amp;ssl=1 1024w, https:\/\/i0.wp.com\/www.diresaapurimac.gob.pe\/web\/wp-content\/uploads\/2025\/08\/6937b95f-e667-4001-83bc-2d81396310b4.jpeg?resize=768%2C466&amp;ssl=1 768w\" sizes=\"auto, (max-width: 1000px) 100vw, 1000px\" \/><\/figure>\n","protected":false},"excerpt":{"rendered":"<p>La DIRESA Apur\u00edmac, a trav\u00e9s de la Estrategia Sanitaria de Prevenci\u00f3n y Control de Enfermedades Metax\u00e9nicas y Zoonosis, contin\u00faa avanzando con las actividades estrat\u00e9gicas para salvaguardar el bienestar de la poblaci\u00f3n y realiz\u00f3 una visita t\u00e9cnica de monitoreo a fin de verificar los avances y el cumplimiento del Plan Regional de Dengue en el \u00e1mbito [&hellip;]<\/p>\n","protected":false},"author":1,"featured_media":10608,"comment_status":"closed","ping_status":"closed","sticky":false,"template":"","format":"standard","meta":{"spay_email":"","footnotes":""},"categories":[1],"tags":[],"class_list":["post-10606","post","type-post","status-publish","format-standard","has-post-thumbnail","hentry","category-noticias"],"jetpack_featured_media_url":"https:\/\/i2.wp.com\/www.diresaapurimac.gob.pe\/web\/wp-content\/uploads\/2025\/08\/a4d1a7d0-5bca-4a2b-8d13-f48b99f40dff.jpeg?fit=1436%2C700&ssl=1","_links":{"self":[{"href":"https:\/\/www.diresaapurimac.gob.pe\/web\/wp-json\/wp\/v2\/posts\/10606","targetHints":{"allow":["GET"]}}],"collection":[{"href":"https:\/\/www.diresaapurimac.gob.pe\/web\/wp-json\/wp\/v2\/posts"}],"about":[{"href":"https:\/\/www.diresaapurimac.gob.pe\/web\/wp-json\/wp\/v2\/types\/post"}],"author":[{"embeddable":true,"href":"https:\/\/www.diresaapurimac.gob.pe\/web\/wp-json\/wp\/v2\/users\/1"}],"replies":[{"embeddable":true,"href":"https:\/\/www.diresaapurimac.gob.pe\/web\/wp-json\/wp\/v2\/comments?post=10606"}],"version-history":[{"count":1,"href":"https:\/\/www.diresaapurimac.gob.pe\/web\/wp-json\/wp\/v2\/posts\/10606\/revisions"}],"predecessor-version":[{"id":10609,"href":"https:\/\/www.diresaapurimac.gob.pe\/web\/wp-json\/wp\/v2\/posts\/10606\/revisions\/10609"}],"wp:featuredmedia":[{"embeddable":true,"href":"https:\/\/www.diresaapurimac.gob.pe\/web\/wp-json\/wp\/v2\/media\/10608"}],"wp:attachment":[{"href":"https:\/\/www.diresaapurimac.gob.pe\/web\/wp-json\/wp\/v2\/media?parent=10606"}],"wp:term":[{"taxonomy":"category","embeddable":true,"href":"https:\/\/www.diresaapurimac.gob.pe\/web\/wp-json\/wp\/v2\/categories?post=10606"},{"taxonomy":"post_tag","embeddable":true,"href":"https:\/\/www.diresaapurimac.gob.pe\/web\/wp-json\/wp\/v2\/tags?post=10606"}],"curies":[{"name":"wp","href":"https:\/\/api.w.org\/{rel}","templated":true}]}}