{"id":10297,"date":"2025-06-27T12:34:09","date_gmt":"2025-06-27T17:34:09","guid":{"rendered":"https:\/\/www.diresaapurimac.gob.pe\/web\/?p=10297"},"modified":"2025-06-27T12:34:11","modified_gmt":"2025-06-27T17:34:11","slug":"mg-luis-enrique-carrion-asume-funciones-como-nuevo-director-de-la-diresa-apurimac-al-ser-designado-por-el-gobernador-regional-percy-godoy","status":"publish","type":"post","link":"https:\/\/www.diresaapurimac.gob.pe\/web\/noticias\/mg-luis-enrique-carrion-asume-funciones-como-nuevo-director-de-la-diresa-apurimac-al-ser-designado-por-el-gobernador-regional-percy-godoy\/","title":{"rendered":"MG. LUIS ENRIQUE CARRI\u00d3N ASUME FUNCIONES COMO NUEVO DIRECTOR DE LA DIRESA APUR\u00cdMAC AL SER DESIGNADO POR EL GOBERNADOR REGIONAL PERCY GODOY"},"content":{"rendered":"\n<p>En el marco de sus funciones y atribuciones de acuerdo a ley, el gobernador Percy Godoy Medina design\u00f3 al Mg. Luis Enrique Carri\u00f3n Herrera como nuevo director regional de Salud de Apur\u00edmac, quien asume funciones a partir de la fecha en este cargo clave con el prop\u00f3sito de fortalecer las acciones de articulaci\u00f3n y consolidar el trabajo en equipo para mejorar el nivel de la atenci\u00f3n sanitaria en beneficio de la poblaci\u00f3n.<\/p>\n\n\n\n<p>En representaci\u00f3n del gobernador Percy Godoy, el gerente general del GORE Apur\u00edmac, C\u00e9sar Abarca Vera, se encarg\u00f3 de entregar la resoluci\u00f3n que dispone la designaci\u00f3n del Mg. Luis Enrique Carri\u00f3n al frente de la DIRESA, invocando a trabajar de manera coordinada a fin de mejorar los servicios sanitarios y augur\u00f3 \u00e9xitos a la gesti\u00f3n del flamante director regional de Salud para continuar avanzando en las labores estrat\u00e9gicas orientadas a hacer realidad la construcci\u00f3n de modernas infraestructuras hospitalarias en el \u00e1mbito de la regi\u00f3n.<\/p>\n\n\n\n<p>La Resoluci\u00f3n Ejecutiva Regional N\u00b0 158-2025-GORE-APUR\u00cdMAC\/GR oficializa la designaci\u00f3n del nuevo titular de la DIRESA, quien cuenta con amplia experiencia en el campo de la salud apurime\u00f1a y es un gran conocedor del sector y su realidad con miras a impulsar el cierre de brechas sanitarias y dar sostenibilidad a la calidad de los servicios m\u00e9dicos, en coordinaci\u00f3n con todos los niveles de gobierno. <\/p>\n\n\n\n<p>El nuevo director de la DIRESA Apur\u00edmac es de profesi\u00f3n cirujano dentista y hasta hace muy poco se desempe\u00f1\u00f3 como director de la Red de Salud Abancay. En su primer discurso como flamante director regional de Salud, el Mg. Luis Enrique Carri\u00f3n agradeci\u00f3 al gobernador de Apur\u00edmac por haber depositado su confianza en \u00e9l para asumir este importante cargo. Tambi\u00e9n reafirm\u00f3 su compromiso y responsabilidad al frente del reto de trabajar incansablemente por mejorar la atenci\u00f3n en salud, promoviendo una atenci\u00f3n oportuna y de calidad para todas las familias apurime\u00f1as.<\/p>\n\n\n\n<p>\u201cConozco el camino para lograr los objetivos y es trabajando en uni\u00f3n, de la mano, de forma concertada, y teniendo lealtad saldremos adelante. Vamos a trabajar unidos porque estamos llevando los destinos de la salud en Apur\u00edmac en favor de nuestros hermanos m\u00e1s necesitados\u201d, remarc\u00f3 Carri\u00f3n Herrera durante la ceremonia de presentaci\u00f3n y asunci\u00f3n al cargo que cont\u00f3 con la participaci\u00f3n de trabajadores, servidores y funcionarios de la DIRESA.<\/p>\n\n\n\n<p>Vale resaltar que la Resoluci\u00f3n Ejecutiva N\u00b0 158-2025 tambi\u00e9n expresa el agradecimiento institucional por la labor realizada al saliente director regional de Salud, Ren\u00e1n R\u00edos Villag\u00f3mez, quien estuvo al frente de la DIRESA Apur\u00edmac desde febrero del 2025 y ahora asume un nuevo desaf\u00edo profesional como gerente regional de Desarrollo Social a partir de la fecha.<\/p>\n\n\n\n<figure class=\"wp-block-image size-large\"><img loading=\"lazy\" decoding=\"async\" width=\"1024\" height=\"607\" src=\"https:\/\/i2.wp.com\/www.diresaapurimac.gob.pe\/web\/wp-content\/uploads\/2025\/06\/D2.jpg?resize=1024%2C607&#038;ssl=1\" alt=\"\" class=\"wp-image-10298\" srcset=\"https:\/\/i2.wp.com\/www.diresaapurimac.gob.pe\/web\/wp-content\/uploads\/2025\/06\/D2.jpg?resize=1024%2C607&amp;ssl=1 1024w, https:\/\/i2.wp.com\/www.diresaapurimac.gob.pe\/web\/wp-content\/uploads\/2025\/06\/D2.jpg?resize=300%2C178&amp;ssl=1 300w, https:\/\/i2.wp.com\/www.diresaapurimac.gob.pe\/web\/wp-content\/uploads\/2025\/06\/D2.jpg?resize=768%2C455&amp;ssl=1 768w, https:\/\/i2.wp.com\/www.diresaapurimac.gob.pe\/web\/wp-content\/uploads\/2025\/06\/D2.jpg?w=1600&amp;ssl=1 1600w\" sizes=\"auto, (max-width: 1000px) 100vw, 1000px\" data-recalc-dims=\"1\" \/><\/figure>\n","protected":false},"excerpt":{"rendered":"<p>En el marco de sus funciones y atribuciones de acuerdo a ley, el gobernador Percy Godoy Medina design\u00f3 al Mg. Luis Enrique Carri\u00f3n Herrera como nuevo director regional de Salud de Apur\u00edmac, quien asume funciones a partir de la fecha en este cargo clave con el prop\u00f3sito de fortalecer las acciones de articulaci\u00f3n y consolidar [&hellip;]<\/p>\n","protected":false},"author":1,"featured_media":10299,"comment_status":"closed","ping_status":"closed","sticky":false,"template":"","format":"standard","meta":{"spay_email":"","footnotes":""},"categories":[1],"tags":[],"class_list":["post-10297","post","type-post","status-publish","format-standard","has-post-thumbnail","hentry","category-noticias"],"jetpack_featured_media_url":"https:\/\/i0.wp.com\/www.diresaapurimac.gob.pe\/web\/wp-content\/uploads\/2025\/06\/D1.jpg?fit=1600%2C976&ssl=1","_links":{"self":[{"href":"https:\/\/www.diresaapurimac.gob.pe\/web\/wp-json\/wp\/v2\/posts\/10297","targetHints":{"allow":["GET"]}}],"collection":[{"href":"https:\/\/www.diresaapurimac.gob.pe\/web\/wp-json\/wp\/v2\/posts"}],"about":[{"href":"https:\/\/www.diresaapurimac.gob.pe\/web\/wp-json\/wp\/v2\/types\/post"}],"author":[{"embeddable":true,"href":"https:\/\/www.diresaapurimac.gob.pe\/web\/wp-json\/wp\/v2\/users\/1"}],"replies":[{"embeddable":true,"href":"https:\/\/www.diresaapurimac.gob.pe\/web\/wp-json\/wp\/v2\/comments?post=10297"}],"version-history":[{"count":1,"href":"https:\/\/www.diresaapurimac.gob.pe\/web\/wp-json\/wp\/v2\/posts\/10297\/revisions"}],"predecessor-version":[{"id":10300,"href":"https:\/\/www.diresaapurimac.gob.pe\/web\/wp-json\/wp\/v2\/posts\/10297\/revisions\/10300"}],"wp:featuredmedia":[{"embeddable":true,"href":"https:\/\/www.diresaapurimac.gob.pe\/web\/wp-json\/wp\/v2\/media\/10299"}],"wp:attachment":[{"href":"https:\/\/www.diresaapurimac.gob.pe\/web\/wp-json\/wp\/v2\/media?parent=10297"}],"wp:term":[{"taxonomy":"category","embeddable":true,"href":"https:\/\/www.diresaapurimac.gob.pe\/web\/wp-json\/wp\/v2\/categories?post=10297"},{"taxonomy":"post_tag","embeddable":true,"href":"https:\/\/www.diresaapurimac.gob.pe\/web\/wp-json\/wp\/v2\/tags?post=10297"}],"curies":[{"name":"wp","href":"https:\/\/api.w.org\/{rel}","templated":true}]}}