{"id":10074,"date":"2025-06-04T08:08:47","date_gmt":"2025-06-04T13:08:47","guid":{"rendered":"https:\/\/www.diresaapurimac.gob.pe\/web\/?p=10074"},"modified":"2025-06-04T08:08:49","modified_gmt":"2025-06-04T13:08:49","slug":"diresa-apurimac-brinda-aportes-para-fortalecer-acciones-de-prevencion-y-garantizar-proteccion-integral-de-trabajadores-en-el-marco-del-corssat","status":"publish","type":"post","link":"https:\/\/www.diresaapurimac.gob.pe\/web\/noticias\/diresa-apurimac-brinda-aportes-para-fortalecer-acciones-de-prevencion-y-garantizar-proteccion-integral-de-trabajadores-en-el-marco-del-corssat\/","title":{"rendered":"DIRESA APUR\u00cdMAC BRINDA APORTES PARA FORTALECER ACCIONES DE PREVENCI\u00d3N Y GARANTIZAR PROTECCI\u00d3N INTEGRAL DE TRABAJADORES EN EL MARCO DEL CORSSAT"},"content":{"rendered":"\n<p>Uno de los principales prop\u00f3sitos del Consejo Regional de Seguridad y Salud en el Trabajo &#8211; CORSSAT Apur\u00edmac es garantizar una cultura de prevenci\u00f3n de riesgos laborales, aumentando el grado de sensibilizaci\u00f3n, conocimiento y compromiso de la poblaci\u00f3n local, por ello la DIRESA Apur\u00edmac particip\u00f3 en la \u00faltima sesi\u00f3n ordinaria para asumir acuerdos en favor del bienestar de los trabajadores del \u00e1mbito de la regi\u00f3n.<\/p>\n\n\n\n<p>El director de la DIRESA Apur\u00edmac, Ren\u00e1n R\u00edos Villag\u00f3mez, asisti\u00f3 a la convocatoria de la Direcci\u00f3n Regional de Trabajo y Promoci\u00f3n del Empleo del GORE Apur\u00edmac para participar en dicho encuentro y as\u00ed articular esfuerzos institucionales orientados a promover, coordinar y velar por la seguridad y la salud de los trabajadores.<\/p>\n\n\n\n<p>\u201cEstamos coordinando acciones para mejorar las condiciones laborales, prevenir accidentes, enfermedades ocupacionales y asegurar el cumplimiento de la normativa en seguridad y salud en el trabajo. Es un paso importante para unificar criterios y compartir responsabilidades a fin de promover un entorno laboral seguro y saludable en Apur\u00edmac\u201d, remarc\u00f3 el M.C. Ren\u00e1n R\u00edos.<\/p>\n\n\n\n<p>Contando con el qu\u00f3rum requerido de acuerdo a norma, durante la sesi\u00f3n se aprob\u00f3 la programaci\u00f3n de las sesiones ordinarias para el presente a\u00f1o. En ese punto, se acord\u00f3 convocar las sesiones ordinarias el primer mi\u00e9rcoles h\u00e1bil de cada mes. Tambi\u00e9n se present\u00f3 y aprob\u00f3 el Programa Regional del CORRSAT Apur\u00edmac. Finalmente, se dio luz verde al plan de trabajo y de actividades, as\u00ed como el Reglamento Interno para el periodo del 2025.<\/p>\n\n\n\n<p>Tambi\u00e9n se dio a conocer que durante este a\u00f1o se impartir\u00e1 un ciclo de capacitaciones en la modalidad presencial y virtual y contar\u00e1 con expositores especialistas en los temas tanto de la regi\u00f3n Apur\u00edmac como del Ministerio de Trabajo y Promoci\u00f3n del Empleo, adem\u00e1s, se entregar\u00e1 la acreditaci\u00f3n correspondiente.<\/p>\n\n\n\n<p>DATO<br>\nLa nueva sesi\u00f3n ordinaria se program\u00f3 para el 4 de junio pr\u00f3ximo en el local institucional de la Direcci\u00f3n Regional&nbsp;de&nbsp;Trabajo.<\/p>\n\n\n\n<figure class=\"wp-block-image size-large\"><img loading=\"lazy\" decoding=\"async\" width=\"826\" height=\"500\" src=\"https:\/\/i1.wp.com\/www.diresaapurimac.gob.pe\/web\/wp-content\/uploads\/2025\/06\/Imagen-de-WhatsApp-2025-06-04-a-las-08.00.29_f1bf9cf0-1.jpg?resize=826%2C500&#038;ssl=1\" alt=\"\" class=\"wp-image-10079\" srcset=\"https:\/\/i1.wp.com\/www.diresaapurimac.gob.pe\/web\/wp-content\/uploads\/2025\/06\/Imagen-de-WhatsApp-2025-06-04-a-las-08.00.29_f1bf9cf0-1.jpg?w=826&amp;ssl=1 826w, https:\/\/i1.wp.com\/www.diresaapurimac.gob.pe\/web\/wp-content\/uploads\/2025\/06\/Imagen-de-WhatsApp-2025-06-04-a-las-08.00.29_f1bf9cf0-1.jpg?resize=300%2C182&amp;ssl=1 300w, https:\/\/i1.wp.com\/www.diresaapurimac.gob.pe\/web\/wp-content\/uploads\/2025\/06\/Imagen-de-WhatsApp-2025-06-04-a-las-08.00.29_f1bf9cf0-1.jpg?resize=768%2C465&amp;ssl=1 768w\" sizes=\"auto, (max-width: 826px) 100vw, 826px\" data-recalc-dims=\"1\" \/><\/figure>\n","protected":false},"excerpt":{"rendered":"<p>Uno de los principales prop\u00f3sitos del Consejo Regional de Seguridad y Salud en el Trabajo &#8211; CORSSAT Apur\u00edmac es garantizar una cultura de prevenci\u00f3n de riesgos laborales, aumentando el grado de sensibilizaci\u00f3n, conocimiento y compromiso de la poblaci\u00f3n local, por ello la DIRESA Apur\u00edmac particip\u00f3 en la \u00faltima sesi\u00f3n ordinaria para asumir acuerdos en favor [&hellip;]<\/p>\n","protected":false},"author":1,"featured_media":10078,"comment_status":"closed","ping_status":"closed","sticky":false,"template":"","format":"standard","meta":{"spay_email":"","footnotes":""},"categories":[1],"tags":[],"class_list":["post-10074","post","type-post","status-publish","format-standard","has-post-thumbnail","hentry","category-noticias"],"jetpack_featured_media_url":"https:\/\/i2.wp.com\/www.diresaapurimac.gob.pe\/web\/wp-content\/uploads\/2025\/06\/Imagen-de-WhatsApp-2025-06-04-a-las-08.00.29_f090fcd8-2.jpg?fit=794%2C500&ssl=1","_links":{"self":[{"href":"https:\/\/www.diresaapurimac.gob.pe\/web\/wp-json\/wp\/v2\/posts\/10074","targetHints":{"allow":["GET"]}}],"collection":[{"href":"https:\/\/www.diresaapurimac.gob.pe\/web\/wp-json\/wp\/v2\/posts"}],"about":[{"href":"https:\/\/www.diresaapurimac.gob.pe\/web\/wp-json\/wp\/v2\/types\/post"}],"author":[{"embeddable":true,"href":"https:\/\/www.diresaapurimac.gob.pe\/web\/wp-json\/wp\/v2\/users\/1"}],"replies":[{"embeddable":true,"href":"https:\/\/www.diresaapurimac.gob.pe\/web\/wp-json\/wp\/v2\/comments?post=10074"}],"version-history":[{"count":2,"href":"https:\/\/www.diresaapurimac.gob.pe\/web\/wp-json\/wp\/v2\/posts\/10074\/revisions"}],"predecessor-version":[{"id":10081,"href":"https:\/\/www.diresaapurimac.gob.pe\/web\/wp-json\/wp\/v2\/posts\/10074\/revisions\/10081"}],"wp:featuredmedia":[{"embeddable":true,"href":"https:\/\/www.diresaapurimac.gob.pe\/web\/wp-json\/wp\/v2\/media\/10078"}],"wp:attachment":[{"href":"https:\/\/www.diresaapurimac.gob.pe\/web\/wp-json\/wp\/v2\/media?parent=10074"}],"wp:term":[{"taxonomy":"category","embeddable":true,"href":"https:\/\/www.diresaapurimac.gob.pe\/web\/wp-json\/wp\/v2\/categories?post=10074"},{"taxonomy":"post_tag","embeddable":true,"href":"https:\/\/www.diresaapurimac.gob.pe\/web\/wp-json\/wp\/v2\/tags?post=10074"}],"curies":[{"name":"wp","href":"https:\/\/api.w.org\/{rel}","templated":true}]}}